{"id":9069,"date":"2024-12-06T14:05:07","date_gmt":"2024-12-06T17:05:07","guid":{"rendered":"https:\/\/focotocantinense.com.br\/?p=9069"},"modified":"2024-12-06T14:05:08","modified_gmt":"2024-12-06T17:05:08","slug":"deputado-federal-antonio-andrade-tem-semana-movimentada-em-brasilia","status":"publish","type":"post","link":"https:\/\/focotocantinense.com.br\/?p=9069","title":{"rendered":"Deputado Federal Antonio Andrade tem semana movimentada em Bras\u00edlia"},"content":{"rendered":"\n<p>O Deputado Federal Antonio Andrade, representante do Tocantins em Bras\u00edlia, teve uma semana agitada na capital federal nesta semana (3 a 5 de dezembro). Com uma agenda intensa, o parlamentar participou de diversas atividades e reuni\u00f5es no cen\u00e1rio pol\u00edtico nacional.<\/p>\n\n\n\n<figure class=\"wp-block-image size-large is-resized\"><img loading=\"lazy\" decoding=\"async\" width=\"803\" height=\"1024\" src=\"https:\/\/focotocantinense.com.br\/wp-content\/uploads\/2024\/12\/WhatsApp-Image-2024-12-05-at-10.14.04-803x1024.jpeg\" alt=\"\" class=\"wp-image-9070\" style=\"width:371px;height:auto\" srcset=\"https:\/\/focotocantinense.com.br\/wp-content\/uploads\/2024\/12\/WhatsApp-Image-2024-12-05-at-10.14.04-803x1024.jpeg 803w, https:\/\/focotocantinense.com.br\/wp-content\/uploads\/2024\/12\/WhatsApp-Image-2024-12-05-at-10.14.04-235x300.jpeg 235w, https:\/\/focotocantinense.com.br\/wp-content\/uploads\/2024\/12\/WhatsApp-Image-2024-12-05-at-10.14.04-768x980.jpeg 768w, https:\/\/focotocantinense.com.br\/wp-content\/uploads\/2024\/12\/WhatsApp-Image-2024-12-05-at-10.14.04-1204x1536.jpeg 1204w, https:\/\/focotocantinense.com.br\/wp-content\/uploads\/2024\/12\/WhatsApp-Image-2024-12-05-at-10.14.04.jpeg 1254w\" sizes=\"auto, (max-width: 803px) 100vw, 803px\" \/><\/figure>\n\n\n\n<p>Visitas no gabinete<br>O deputado recebeu no gabinete representantes pol\u00edticos e lideran\u00e7as locais.<br>Algumas das agendas foram:<\/p>\n\n\n\n<ul class=\"wp-block-list\">\n<li>Sindicato Fiscal do Tocantins, com os sindicalistas Severino Gon\u00e7alves, Carlos Campos e Divaldo Andrade.<\/li>\n\n\n\n<li>Reuni\u00e3o com a Pol\u00edcia Militar do Tocantins, na pessoa do Comandante Coronel M\u00e1rcio Ant\u00f4nio Barbosa, e os Coron\u00e9is Henrique J\u00fanior e Benedita.<\/li>\n\n\n\n<li>Secret\u00e1rio de Seguran\u00e7a P\u00fablica do estado, Wlademir Mota e o assessor especial da Secretaria de Representa\u00e7\u00e3o Pol\u00edtica do Tocantins, Mozart.<\/li>\n\n\n\n<li>Visita dos vereadores Raiza Guimar\u00e3es de Lagoa da Confus\u00e3o, Romildo Santos de Gurupi e do empres\u00e1rio Guto Costa.<\/li>\n<\/ul>\n\n\n\n<p>Comiss\u00e3o de Seguran\u00e7a P\u00fablica<br>Andrade participou da reuni\u00e3o deliberativa na Comiss\u00e3o de Seguran\u00e7a, onde o ministro da Justi\u00e7a, Ricardo Lewandowski, expos aos parlamentares os planos e projetos do minist\u00e9rio para 2025.<\/p>\n\n\n\n<p>Vota\u00e7\u00e3o em plen\u00e1rio<br>Antonio Andrade esteve em importantes vota\u00e7\u00f5es no plen\u00e1rio. Dentre elas, o requerimento de urg\u00eancia para o PLP 210\/2024 e PL 4614\/2024 do pacote de ajuste fiscal.<\/p>\n\n\n\n<p>Ainda na quarta (04), o parlamentar encontrou o candidato a presidente Hugo Motta, do Republicanos da Para\u00edba, e debateram propostas importantes para o Tocantins e o Brasil.<\/p>\n\n\n\n<p>\u201cMeu compromisso \u00e9 de trabalhar sempre pelo desenvolvimento do estado do Tocantins e representar os interesses da popula\u00e7\u00e3o em Bras\u00edlia\u201d, disse Andrade.<\/p>\n\n\n\n<p>Assessoria de Comunica\u00e7\u00e3o \u2013 Deputado Federal Antonio Andrade<\/p>\n","protected":false},"excerpt":{"rendered":"<p>O Deputado Federal Antonio Andrade, representante do Tocantins em Bras\u00edlia, teve uma semana agitada na capital federal nesta semana (3 a 5 de dezembro). Com uma agenda intensa, o parlamentar participou de diversas atividades e reuni\u00f5es no cen\u00e1rio pol\u00edtico nacional. Visitas no gabineteO deputado recebeu no gabinete representantes pol\u00edticos e lideran\u00e7as locais.Algumas das agendas foram: &hellip;<\/p>\n","protected":false},"author":5,"featured_media":9006,"comment_status":"open","ping_status":"open","sticky":false,"template":"","format":"standard","meta":{"footnotes":""},"categories":[1],"tags":[],"class_list":["post-9069","post","type-post","status-publish","format-standard","has-post-thumbnail","","category-sem-categoria"],"_links":{"self":[{"href":"https:\/\/focotocantinense.com.br\/index.php?rest_route=\/wp\/v2\/posts\/9069","targetHints":{"allow":["GET"]}}],"collection":[{"href":"https:\/\/focotocantinense.com.br\/index.php?rest_route=\/wp\/v2\/posts"}],"about":[{"href":"https:\/\/focotocantinense.com.br\/index.php?rest_route=\/wp\/v2\/types\/post"}],"author":[{"embeddable":true,"href":"https:\/\/focotocantinense.com.br\/index.php?rest_route=\/wp\/v2\/users\/5"}],"replies":[{"embeddable":true,"href":"https:\/\/focotocantinense.com.br\/index.php?rest_route=%2Fwp%2Fv2%2Fcomments&post=9069"}],"version-history":[{"count":1,"href":"https:\/\/focotocantinense.com.br\/index.php?rest_route=\/wp\/v2\/posts\/9069\/revisions"}],"predecessor-version":[{"id":9071,"href":"https:\/\/focotocantinense.com.br\/index.php?rest_route=\/wp\/v2\/posts\/9069\/revisions\/9071"}],"wp:featuredmedia":[{"embeddable":true,"href":"https:\/\/focotocantinense.com.br\/index.php?rest_route=\/wp\/v2\/media\/9006"}],"wp:attachment":[{"href":"https:\/\/focotocantinense.com.br\/index.php?rest_route=%2Fwp%2Fv2%2Fmedia&parent=9069"}],"wp:term":[{"taxonomy":"category","embeddable":true,"href":"https:\/\/focotocantinense.com.br\/index.php?rest_route=%2Fwp%2Fv2%2Fcategories&post=9069"},{"taxonomy":"post_tag","embeddable":true,"href":"https:\/\/focotocantinense.com.br\/index.php?rest_route=%2Fwp%2Fv2%2Ftags&post=9069"}],"curies":[{"name":"wp","href":"https:\/\/api.w.org\/{rel}","templated":true}]}}