{"id":9054,"date":"2024-12-05T20:16:02","date_gmt":"2024-12-05T23:16:02","guid":{"rendered":"https:\/\/focotocantinense.com.br\/?p=9054"},"modified":"2024-12-06T08:49:39","modified_gmt":"2024-12-06T11:49:39","slug":"prefeito-de-tocantinia-joao-alberto-prestigia-entrega-do-premio-escola-que-transforma-e-do-profe-2024","status":"publish","type":"post","link":"https:\/\/focotocantinense.com.br\/?p=9054","title":{"rendered":"Prefeito de Tocant\u00ednia, Jo\u00e3o Alberto, prestigia entrega do Pr\u00eamio Escola que Transforma e do Profe &#8211; 2024"},"content":{"rendered":"\n<p><strong>Por Zacarias Martins<\/strong><\/p>\n\n\n\n<p>Duas escolas da rede municipal de ensino de Tocant\u00ednia\u00a0 foram\u00a0 destaques durante a solenidade\u00a0 de entrega do\u00a0 \u00a0<strong>Pr\u00eamio Profe de Educa\u00e7\u00e3o nos Munic\u00edpios<\/strong>\u00a0e a 2\u00aa edi\u00e7\u00e3o do\u00a0<strong>Pr\u00eamio\u00a0 Escola Que Transforma<\/strong>, etapamunicipal. O\u00a0 evento\u00a0 ocorreu na noite de quarta-feira, dia 04, no Five Sense Resort, em Luzimangues, reunindo educadores, gestores e autoridades estaduais e municipais, al\u00e9m de ter sido prestigiado pela presen\u00e7a do governador do Tocantins, Wanderlei Barbosa,\u00a0 que\u00a0 estava acompanhado da primeira-dama e secret\u00e1ria Extraordin\u00e1ria de Participa\u00e7\u00f5es Sociais, Karynne Sotero.<\/p>\n\n\n\n<p>As unidades escolares premiadas foram a&nbsp; Escola Municipal de Tempo Integral Antonio Benvindo da Luz,&nbsp; que concorreu com o projeto \u201cMeu cerrado, minha vida, da professora Fl\u00e1via Moreira&nbsp; Guida e dos alunos do primeiro ano do ensino fundamental, e a&nbsp; EMEI &#8211; Escola Municipal de Educa\u00e7\u00e3o Infantil Tereza Hil\u00e1rio Ribeiro, com o projeto escolar \u2018Preven\u00e7\u00e3o e combate \u00e0 viol\u00eancia sexual infantil\u201d, liderado pela gestora Suely Borges Lima e que teve&nbsp; a participa\u00e7\u00e3o dos alunos Anna Lya Alves de Sousa.<\/p>\n\n\n\n<figure class=\"wp-block-image size-large is-resized\"><img loading=\"lazy\" decoding=\"async\" width=\"771\" height=\"1024\" src=\"https:\/\/focotocantinense.com.br\/wp-content\/uploads\/2024\/12\/3-TOCANTINIA-1-771x1024.jpg\" alt=\"\" class=\"wp-image-9056\" style=\"width:407px;height:auto\" srcset=\"https:\/\/focotocantinense.com.br\/wp-content\/uploads\/2024\/12\/3-TOCANTINIA-1-771x1024.jpg 771w, https:\/\/focotocantinense.com.br\/wp-content\/uploads\/2024\/12\/3-TOCANTINIA-1-226x300.jpg 226w, https:\/\/focotocantinense.com.br\/wp-content\/uploads\/2024\/12\/3-TOCANTINIA-1-768x1021.jpg 768w, https:\/\/focotocantinense.com.br\/wp-content\/uploads\/2024\/12\/3-TOCANTINIA-1-1156x1536.jpg 1156w, https:\/\/focotocantinense.com.br\/wp-content\/uploads\/2024\/12\/3-TOCANTINIA-1.jpg 1204w\" sizes=\"auto, (max-width: 771px) 100vw, 771px\" \/><\/figure>\n\n\n\n<p><\/p>\n\n\n\n<p><strong>Comitiva de Tocant\u00ednia<\/strong><\/p>\n\n\n\n<p>Para receber ambas&nbsp; as premia\u00e7\u00f5es,&nbsp; uma comitiva especial de Tocant\u00ednia marcou presen\u00e7a em grande estilo ao evento. O prefeito da cidade,&nbsp; Jo\u00e3o Alberto, o agora ex-prefeito Manoel Silvino, al\u00e9m do secret\u00e1rio de Educa\u00e7\u00e3o do munic\u00edpio, professor Andr\u00e9 Goveia, al\u00e9m das gestoras das duas escolas premiadas. Cada escola recebeu um repasse de R4 250 mil para serem aplicados&nbsp; em melhorias f\u00edsicas, aquisi\u00e7\u00e3o de computadores e outros equipamentos pedag\u00f3gicos.<\/p>\n\n\n\n<figure class=\"wp-block-image size-large\"><img loading=\"lazy\" decoding=\"async\" width=\"1024\" height=\"770\" src=\"https:\/\/focotocantinense.com.br\/wp-content\/uploads\/2024\/12\/1-tocantinia-2-1024x770.jpg\" alt=\"\" class=\"wp-image-9055\" srcset=\"https:\/\/focotocantinense.com.br\/wp-content\/uploads\/2024\/12\/1-tocantinia-2-1024x770.jpg 1024w, https:\/\/focotocantinense.com.br\/wp-content\/uploads\/2024\/12\/1-tocantinia-2-300x226.jpg 300w, https:\/\/focotocantinense.com.br\/wp-content\/uploads\/2024\/12\/1-tocantinia-2-768x578.jpg 768w, https:\/\/focotocantinense.com.br\/wp-content\/uploads\/2024\/12\/1-tocantinia-2.jpg 1280w\" sizes=\"auto, (max-width: 1024px) 100vw, 1024px\" \/><\/figure>\n\n\n\n<p><\/p>\n\n\n\n<p><strong>Outro destaque de Tocant\u00ednia<\/strong><\/p>\n\n\n\n<p>Al\u00e9m do&nbsp;<strong>Pr\u00eamio Escola que Transforma<\/strong>, a educa\u00e7\u00e3o municipal de Tocant\u00ednia tamb\u00e9m foi destaque na entrega do&nbsp;<strong>Pr\u00eamio do Programa de Fortalecimento da Educa\u00e7\u00e3o (Profe)<\/strong>,&nbsp; nos munic\u00edpios,&nbsp; que premiou as escolas com melhores IDEBs do Estado.&nbsp; A&nbsp; Escola Municipal Professor Constantino Pedro de Castro foi uma das contempladas com mais essa importante premia\u00e7\u00e3o. O Profe \u00e9 mais uma iniciativa estrat\u00e9gica do Governo do Tocantins para melhorar os \u00edndices educacionais da educa\u00e7\u00e3o infantil ao ensino m\u00e9dio. <\/p>\n\n\n\n<figure class=\"wp-block-image size-large\"><img loading=\"lazy\" decoding=\"async\" width=\"1024\" height=\"770\" src=\"https:\/\/focotocantinense.com.br\/wp-content\/uploads\/2024\/12\/6-TOCANTINIA-FINAL-1024x770.jpg\" alt=\"\" class=\"wp-image-9063\" srcset=\"https:\/\/focotocantinense.com.br\/wp-content\/uploads\/2024\/12\/6-TOCANTINIA-FINAL-1024x770.jpg 1024w, https:\/\/focotocantinense.com.br\/wp-content\/uploads\/2024\/12\/6-TOCANTINIA-FINAL-300x226.jpg 300w, https:\/\/focotocantinense.com.br\/wp-content\/uploads\/2024\/12\/6-TOCANTINIA-FINAL-768x578.jpg 768w, https:\/\/focotocantinense.com.br\/wp-content\/uploads\/2024\/12\/6-TOCANTINIA-FINAL.jpg 1280w\" sizes=\"auto, (max-width: 1024px) 100vw, 1024px\" \/><\/figure>\n\n\n\n<p><\/p>\n\n\n\n<p><strong>Comemorando<\/strong><\/p>\n\n\n\n<p>O&nbsp; prefeito Jo\u00e3o Alberto disse que estava muito orgulhoso por mais esse reconhecimento p\u00fablico da&nbsp; qualidade educacional colocada em pr\u00e1tica em todas as escolas da Rede Municipal de Ensino de Tocant\u00ednia. \u201cTrata-se de uma conquista&nbsp; coletiva e muito importante, que demonstra o empenho, a dedica\u00e7\u00e3o, o&nbsp; profissionalismo e o elevado grau de compet\u00eancia de todos os profissionais que atuam na educa\u00e7\u00e3o&nbsp; municipal. A esses bravos profissionais, rendo minhas homenagens\u201d, comemorou o prefeito.<\/p>\n\n\n\n<p><strong>Relev\u00e2ncia do acontecimento<\/strong><\/p>\n\n\n\n<p>O governador Wanderlei Barbosa destacou a relev\u00e2ncia do incentivo \u00e0s boas pr\u00e1ticas educacionais, reconhecendo o esfor\u00e7o de escolas e dos profissionais que t\u00eam alcan\u00e7ado bons resultados. \u201cA educa\u00e7\u00e3o \u00e9 a base de toda a transforma\u00e7\u00e3o que desejamos para a sociedade. Esta premia\u00e7\u00e3o n\u00e3o apenas reconhece o esfor\u00e7o de nossas escolas e dos profissionais, mas tamb\u00e9m reafirma o compromisso de trabalharmos em parceria com os munic\u00edpios para garantir educa\u00e7\u00e3o de qualidade para todas as crian\u00e7as e os jovens tocantinenses. Os bons \u00edndices do Ideb [\u00cdndice de Desenvolvimento da Educa\u00e7\u00e3o B\u00e1sica], resultados de avalia\u00e7\u00f5es do MEC [Minist\u00e9rio da Educa\u00e7\u00e3o], comprovam que essas conquistas s\u00e3o frutos dessa colabora\u00e7\u00e3o\u201d, declarou Wanderlei Barbosa.<\/p>\n\n\n\n<figure class=\"wp-block-image size-full\"><img loading=\"lazy\" decoding=\"async\" width=\"843\" height=\"251\" src=\"https:\/\/focotocantinense.com.br\/wp-content\/uploads\/2024\/12\/VINI_181_282-1-1.jpg\" alt=\"\" class=\"wp-image-9060\" srcset=\"https:\/\/focotocantinense.com.br\/wp-content\/uploads\/2024\/12\/VINI_181_282-1-1.jpg 843w, https:\/\/focotocantinense.com.br\/wp-content\/uploads\/2024\/12\/VINI_181_282-1-1-300x89.jpg 300w, https:\/\/focotocantinense.com.br\/wp-content\/uploads\/2024\/12\/VINI_181_282-1-1-768x229.jpg 768w\" sizes=\"auto, (max-width: 843px) 100vw, 843px\" \/><\/figure>\n","protected":false},"excerpt":{"rendered":"<p>Por Zacarias Martins Duas escolas da rede municipal de ensino de Tocant\u00ednia\u00a0 foram\u00a0 destaques durante a solenidade\u00a0 de entrega do\u00a0 \u00a0Pr\u00eamio Profe de Educa\u00e7\u00e3o nos Munic\u00edpios\u00a0e a 2\u00aa edi\u00e7\u00e3o do\u00a0Pr\u00eamio\u00a0 Escola Que Transforma, etapamunicipal. O\u00a0 evento\u00a0 ocorreu na noite de quarta-feira, dia 04, no Five Sense Resort, em Luzimangues, reunindo educadores, gestores e autoridades estaduais &hellip;<\/p>\n","protected":false},"author":5,"featured_media":9055,"comment_status":"open","ping_status":"open","sticky":false,"template":"","format":"standard","meta":{"footnotes":""},"categories":[78],"tags":[],"class_list":["post-9054","post","type-post","status-publish","format-standard","has-post-thumbnail","","category-tocantinia"],"_links":{"self":[{"href":"https:\/\/focotocantinense.com.br\/index.php?rest_route=\/wp\/v2\/posts\/9054","targetHints":{"allow":["GET"]}}],"collection":[{"href":"https:\/\/focotocantinense.com.br\/index.php?rest_route=\/wp\/v2\/posts"}],"about":[{"href":"https:\/\/focotocantinense.com.br\/index.php?rest_route=\/wp\/v2\/types\/post"}],"author":[{"embeddable":true,"href":"https:\/\/focotocantinense.com.br\/index.php?rest_route=\/wp\/v2\/users\/5"}],"replies":[{"embeddable":true,"href":"https:\/\/focotocantinense.com.br\/index.php?rest_route=%2Fwp%2Fv2%2Fcomments&post=9054"}],"version-history":[{"count":8,"href":"https:\/\/focotocantinense.com.br\/index.php?rest_route=\/wp\/v2\/posts\/9054\/revisions"}],"predecessor-version":[{"id":9067,"href":"https:\/\/focotocantinense.com.br\/index.php?rest_route=\/wp\/v2\/posts\/9054\/revisions\/9067"}],"wp:featuredmedia":[{"embeddable":true,"href":"https:\/\/focotocantinense.com.br\/index.php?rest_route=\/wp\/v2\/media\/9055"}],"wp:attachment":[{"href":"https:\/\/focotocantinense.com.br\/index.php?rest_route=%2Fwp%2Fv2%2Fmedia&parent=9054"}],"wp:term":[{"taxonomy":"category","embeddable":true,"href":"https:\/\/focotocantinense.com.br\/index.php?rest_route=%2Fwp%2Fv2%2Fcategories&post=9054"},{"taxonomy":"post_tag","embeddable":true,"href":"https:\/\/focotocantinense.com.br\/index.php?rest_route=%2Fwp%2Fv2%2Ftags&post=9054"}],"curies":[{"name":"wp","href":"https:\/\/api.w.org\/{rel}","templated":true}]}}