{"id":9037,"date":"2024-12-04T11:34:29","date_gmt":"2024-12-04T14:34:29","guid":{"rendered":"https:\/\/focotocantinense.com.br\/?p=9037"},"modified":"2024-12-04T11:34:29","modified_gmt":"2024-12-04T14:34:29","slug":"governo-do-tocantins-realiza-o-1o-forum-estadual-dos-21-dias-de-ativismo-pelo-fim-da-violencia-contra-a-mulher","status":"publish","type":"post","link":"https:\/\/focotocantinense.com.br\/?p=9037","title":{"rendered":"Governo do Tocantins realiza o 1\u00ba F\u00f3rum Estadual dos 21 Dias de Ativismo pelo Fim da Viol\u00eancia contra a Mulher"},"content":{"rendered":"\n<p><em>Evento ocorre na ter\u00e7a-feira, 10, em Palmas<\/em><br><strong>Lorena Lira\/Governo do Tocantins<\/strong><\/p>\n\n\n\n<p>O Governo do Tocantins, por meio da Secretaria de Estado da Mulher (SecMulher), vai realizar o 1\u00ba F\u00f3rum Estadual dos 21 Dias de Ativismo pelo Fim da Viol\u00eancia contra a Mulher no dia 10 de dezembro, no audit\u00f3rio do Pal\u00e1cio Araguaia Governador Jos\u00e9 Wilson Siqueira Campos, em Palmas.&nbsp;<\/p>\n\n\n\n<figure class=\"wp-block-image size-large is-resized\"><img loading=\"lazy\" decoding=\"async\" width=\"1024\" height=\"576\" src=\"https:\/\/focotocantinense.com.br\/wp-content\/uploads\/2024\/12\/Foto1-3-1-1024x576.jpeg\" alt=\"\" class=\"wp-image-9039\" style=\"width:382px;height:auto\" srcset=\"https:\/\/focotocantinense.com.br\/wp-content\/uploads\/2024\/12\/Foto1-3-1-1024x576.jpeg 1024w, https:\/\/focotocantinense.com.br\/wp-content\/uploads\/2024\/12\/Foto1-3-1-300x169.jpeg 300w, https:\/\/focotocantinense.com.br\/wp-content\/uploads\/2024\/12\/Foto1-3-1-768x432.jpeg 768w, https:\/\/focotocantinense.com.br\/wp-content\/uploads\/2024\/12\/Foto1-3-1.jpeg 1080w\" sizes=\"auto, (max-width: 1024px) 100vw, 1024px\" \/><\/figure>\n\n\n\n<p>O 1\u00b0 F\u00f3rum Estadual dos 21 Dias de Ativismo pelo Fim da Viol\u00eancia contra a Mulher tem como objetivo promover a conscientiza\u00e7\u00e3o sobre a viol\u00eancia de g\u00eanero, dar visibilidade \u00e0s pol\u00edticas p\u00fablicas voltadas para as mulheres e engajar a sociedade na luta pela igualdade de g\u00eanero. Al\u00e9m disso, busca fortalecer as redes de atendimento e apoio \u00e0s v\u00edtimas, intensificando o enfrentamento \u00e0 viol\u00eancia contra a mulher.<\/p>\n\n\n\n<p>A programa\u00e7\u00e3o do evento vai incluir uma palestra sobre a&nbsp;<em>Ouvidoria da Mulher e os Canais de Den\u00fancia<\/em>, apresentada pela ouvidora da SecMulher, Susan Milhomem Alonso. Tamb\u00e9m ser\u00e1 realizada a apresenta\u00e7\u00e3o da a\u00e7\u00e3o&nbsp;<em>Nenhuma Faltando,&nbsp;<\/em>conduzida peladiretora de enfrentamento \u00e0 viol\u00eancia contra a mulher,&nbsp;\u00c1urea Matos. Al\u00e9m disso, ocorrer\u00e1 a palestra&nbsp;<em>Preven\u00e7\u00e3o \u00e0 Viol\u00eancia Contra a Mulher e a Import\u00e2ncia da Cria\u00e7\u00e3o de Redes de Atendimento<\/em>, ministrada pela Dra. Prof. Artenira Silva.&nbsp;<\/p>\n\n\n\n<p><strong>Inscri\u00e7\u00f5es<\/strong><\/p>\n\n\n\n<p>As inscri\u00e7\u00f5es para o F\u00f3rum podem ser realizadas&nbsp;<a href=\"https:\/\/docs.google.com\/forms\/d\/e\/1FAIpQLScir5RMaJMjNc7mzNAKQrrkzagkKXoevxotX_koWYASRj025Q\/viewform\" target=\"_blank\" rel=\"noreferrer noopener\"><strong>clicando aqui<\/strong><\/a>, at\u00e9 o dia anterior ao evento, ou no local, conforme disponibilidade.<\/p>\n\n\n\n<figure class=\"wp-block-image size-large\"><img loading=\"lazy\" decoding=\"async\" width=\"1024\" height=\"576\" src=\"https:\/\/focotocantinense.com.br\/wp-content\/uploads\/2024\/12\/Foto1-3-1024x576.jpeg\" alt=\"\" class=\"wp-image-9038\" srcset=\"https:\/\/focotocantinense.com.br\/wp-content\/uploads\/2024\/12\/Foto1-3-1024x576.jpeg 1024w, https:\/\/focotocantinense.com.br\/wp-content\/uploads\/2024\/12\/Foto1-3-300x169.jpeg 300w, https:\/\/focotocantinense.com.br\/wp-content\/uploads\/2024\/12\/Foto1-3-768x432.jpeg 768w, https:\/\/focotocantinense.com.br\/wp-content\/uploads\/2024\/12\/Foto1-3.jpeg 1080w\" sizes=\"auto, (max-width: 1024px) 100vw, 1024px\" \/><\/figure>\n\n\n\n<p>Evento ocorre na ter\u00e7a-feira, 10, em Palmas<\/p>\n\n\n\n<p><\/p>\n","protected":false},"excerpt":{"rendered":"<p>Evento ocorre na ter\u00e7a-feira, 10, em PalmasLorena Lira\/Governo do Tocantins O Governo do Tocantins, por meio da Secretaria de Estado da Mulher (SecMulher), vai realizar o 1\u00ba F\u00f3rum Estadual dos 21 Dias de Ativismo pelo Fim da Viol\u00eancia contra a Mulher no dia 10 de dezembro, no audit\u00f3rio do Pal\u00e1cio Araguaia Governador Jos\u00e9 Wilson Siqueira &hellip;<\/p>\n","protected":false},"author":5,"featured_media":9039,"comment_status":"open","ping_status":"open","sticky":false,"template":"","format":"standard","meta":{"footnotes":""},"categories":[1],"tags":[],"class_list":["post-9037","post","type-post","status-publish","format-standard","has-post-thumbnail","","category-sem-categoria"],"_links":{"self":[{"href":"https:\/\/focotocantinense.com.br\/index.php?rest_route=\/wp\/v2\/posts\/9037","targetHints":{"allow":["GET"]}}],"collection":[{"href":"https:\/\/focotocantinense.com.br\/index.php?rest_route=\/wp\/v2\/posts"}],"about":[{"href":"https:\/\/focotocantinense.com.br\/index.php?rest_route=\/wp\/v2\/types\/post"}],"author":[{"embeddable":true,"href":"https:\/\/focotocantinense.com.br\/index.php?rest_route=\/wp\/v2\/users\/5"}],"replies":[{"embeddable":true,"href":"https:\/\/focotocantinense.com.br\/index.php?rest_route=%2Fwp%2Fv2%2Fcomments&post=9037"}],"version-history":[{"count":1,"href":"https:\/\/focotocantinense.com.br\/index.php?rest_route=\/wp\/v2\/posts\/9037\/revisions"}],"predecessor-version":[{"id":9040,"href":"https:\/\/focotocantinense.com.br\/index.php?rest_route=\/wp\/v2\/posts\/9037\/revisions\/9040"}],"wp:featuredmedia":[{"embeddable":true,"href":"https:\/\/focotocantinense.com.br\/index.php?rest_route=\/wp\/v2\/media\/9039"}],"wp:attachment":[{"href":"https:\/\/focotocantinense.com.br\/index.php?rest_route=%2Fwp%2Fv2%2Fmedia&parent=9037"}],"wp:term":[{"taxonomy":"category","embeddable":true,"href":"https:\/\/focotocantinense.com.br\/index.php?rest_route=%2Fwp%2Fv2%2Fcategories&post=9037"},{"taxonomy":"post_tag","embeddable":true,"href":"https:\/\/focotocantinense.com.br\/index.php?rest_route=%2Fwp%2Fv2%2Ftags&post=9037"}],"curies":[{"name":"wp","href":"https:\/\/api.w.org\/{rel}","templated":true}]}}