{"id":9029,"date":"2024-12-03T20:32:40","date_gmt":"2024-12-03T23:32:40","guid":{"rendered":"https:\/\/focotocantinense.com.br\/?p=9029"},"modified":"2024-12-03T20:34:09","modified_gmt":"2024-12-03T23:34:09","slug":"associacao-gurupiense-de-artesoes-realiza-oficinas-no-cras-em-gurupi","status":"publish","type":"post","link":"https:\/\/focotocantinense.com.br\/?p=9029","title":{"rendered":"Associa\u00e7\u00e3o Gurupiense De Artes\u00f5es realiza oficinas no CRAS em Gurupi"},"content":{"rendered":"\n<p>Na manh\u00e3 desta ter\u00e7a-feira, 03, a Associa\u00e7\u00e3o Gurupiense de Artes\u00f5es \u2013AGA realizou as Oficinas Artesanato em A\u00e7\u00e3o, &nbsp;em parceria com a Secretaria de Assist\u00eancia Social do munic\u00edpio.<\/p>\n\n\n\n<p>O projeto foi contemplado pelo Edital Zefinha Lou\u00e7a, com financiamento da Lei Paulo Gustavo (Lei Complementar n\u00ba 195, de 8 de julho de 2022).<\/p>\n\n\n\n<p>As Oficinas Artesanato em A\u00e7\u00e3o possibilitam a instala\u00e7\u00e3o de n\u00facleos de produ\u00e7\u00e3o artesanal na cidade, resgatando os of\u00edcios tradicionais, transformando-os numa possibilidade econ\u00f4mica de gera\u00e7\u00e3o de trabalho e renda para as mulheres que se encontram em situa\u00e7\u00e3o de vulnerabilidade social. O projeto visa ainda empreender a curto e m\u00e9dio prazo numa fonte local de trabalho e renda sustent\u00e1vel.<\/p>\n\n\n\n<figure class=\"wp-block-image size-large is-resized\"><img loading=\"lazy\" decoding=\"async\" width=\"1024\" height=\"576\" src=\"https:\/\/focotocantinense.com.br\/wp-content\/uploads\/2024\/12\/2-OFICINA-DE-ARTESANTAO-1024x576.jpg\" alt=\"\" class=\"wp-image-9030\" style=\"width:397px;height:auto\" srcset=\"https:\/\/focotocantinense.com.br\/wp-content\/uploads\/2024\/12\/2-OFICINA-DE-ARTESANTAO-1024x576.jpg 1024w, https:\/\/focotocantinense.com.br\/wp-content\/uploads\/2024\/12\/2-OFICINA-DE-ARTESANTAO-300x169.jpg 300w, https:\/\/focotocantinense.com.br\/wp-content\/uploads\/2024\/12\/2-OFICINA-DE-ARTESANTAO-768x432.jpg 768w, https:\/\/focotocantinense.com.br\/wp-content\/uploads\/2024\/12\/2-OFICINA-DE-ARTESANTAO-1536x864.jpg 1536w, https:\/\/focotocantinense.com.br\/wp-content\/uploads\/2024\/12\/2-OFICINA-DE-ARTESANTAO.jpg 1600w\" sizes=\"auto, (max-width: 1024px) 100vw, 1024px\" \/><\/figure>\n\n\n\n<p><\/p>\n\n\n\n<p>Segundo Maria do Socorro, proponente do projeto, a AGA sempre focou seus projetos no fomento local gerando oportunidade transforma\u00e7\u00e3o social e financeira na vida das mulheres que n\u00e3o tem tanta oportunidade, finaliza.<\/p>\n\n\n\n<figure class=\"wp-block-image size-large\"><img loading=\"lazy\" decoding=\"async\" width=\"1024\" height=\"576\" src=\"https:\/\/focotocantinense.com.br\/wp-content\/uploads\/2024\/12\/3-OFICINA-DE-ARTRESANTATO-1024x576.jpg\" alt=\"\" class=\"wp-image-9031\" srcset=\"https:\/\/focotocantinense.com.br\/wp-content\/uploads\/2024\/12\/3-OFICINA-DE-ARTRESANTATO-1024x576.jpg 1024w, https:\/\/focotocantinense.com.br\/wp-content\/uploads\/2024\/12\/3-OFICINA-DE-ARTRESANTATO-300x169.jpg 300w, https:\/\/focotocantinense.com.br\/wp-content\/uploads\/2024\/12\/3-OFICINA-DE-ARTRESANTATO-768x432.jpg 768w, https:\/\/focotocantinense.com.br\/wp-content\/uploads\/2024\/12\/3-OFICINA-DE-ARTRESANTATO-1536x864.jpg 1536w, https:\/\/focotocantinense.com.br\/wp-content\/uploads\/2024\/12\/3-OFICINA-DE-ARTRESANTATO.jpg 1600w\" sizes=\"auto, (max-width: 1024px) 100vw, 1024px\" \/><\/figure>\n\n\n\n<p><\/p>\n\n\n\n<figure class=\"wp-block-image size-full\"><img loading=\"lazy\" decoding=\"async\" width=\"843\" height=\"251\" src=\"https:\/\/focotocantinense.com.br\/wp-content\/uploads\/2024\/12\/VINI_181_282-1.jpg\" alt=\"\" class=\"wp-image-9032\" srcset=\"https:\/\/focotocantinense.com.br\/wp-content\/uploads\/2024\/12\/VINI_181_282-1.jpg 843w, https:\/\/focotocantinense.com.br\/wp-content\/uploads\/2024\/12\/VINI_181_282-1-300x89.jpg 300w, https:\/\/focotocantinense.com.br\/wp-content\/uploads\/2024\/12\/VINI_181_282-1-768x229.jpg 768w\" sizes=\"auto, (max-width: 843px) 100vw, 843px\" \/><\/figure>\n","protected":false},"excerpt":{"rendered":"<p>Na manh\u00e3 desta ter\u00e7a-feira, 03, a Associa\u00e7\u00e3o Gurupiense de Artes\u00f5es \u2013AGA realizou as Oficinas Artesanato em A\u00e7\u00e3o, &nbsp;em parceria com a Secretaria de Assist\u00eancia Social do munic\u00edpio. O projeto foi contemplado pelo Edital Zefinha Lou\u00e7a, com financiamento da Lei Paulo Gustavo (Lei Complementar n\u00ba 195, de 8 de julho de 2022). As Oficinas Artesanato em &hellip;<\/p>\n","protected":false},"author":5,"featured_media":9030,"comment_status":"open","ping_status":"open","sticky":false,"template":"","format":"standard","meta":{"footnotes":""},"categories":[38],"tags":[],"class_list":["post-9029","post","type-post","status-publish","format-standard","has-post-thumbnail","","category-gurupi"],"_links":{"self":[{"href":"https:\/\/focotocantinense.com.br\/index.php?rest_route=\/wp\/v2\/posts\/9029","targetHints":{"allow":["GET"]}}],"collection":[{"href":"https:\/\/focotocantinense.com.br\/index.php?rest_route=\/wp\/v2\/posts"}],"about":[{"href":"https:\/\/focotocantinense.com.br\/index.php?rest_route=\/wp\/v2\/types\/post"}],"author":[{"embeddable":true,"href":"https:\/\/focotocantinense.com.br\/index.php?rest_route=\/wp\/v2\/users\/5"}],"replies":[{"embeddable":true,"href":"https:\/\/focotocantinense.com.br\/index.php?rest_route=%2Fwp%2Fv2%2Fcomments&post=9029"}],"version-history":[{"count":4,"href":"https:\/\/focotocantinense.com.br\/index.php?rest_route=\/wp\/v2\/posts\/9029\/revisions"}],"predecessor-version":[{"id":9036,"href":"https:\/\/focotocantinense.com.br\/index.php?rest_route=\/wp\/v2\/posts\/9029\/revisions\/9036"}],"wp:featuredmedia":[{"embeddable":true,"href":"https:\/\/focotocantinense.com.br\/index.php?rest_route=\/wp\/v2\/media\/9030"}],"wp:attachment":[{"href":"https:\/\/focotocantinense.com.br\/index.php?rest_route=%2Fwp%2Fv2%2Fmedia&parent=9029"}],"wp:term":[{"taxonomy":"category","embeddable":true,"href":"https:\/\/focotocantinense.com.br\/index.php?rest_route=%2Fwp%2Fv2%2Fcategories&post=9029"},{"taxonomy":"post_tag","embeddable":true,"href":"https:\/\/focotocantinense.com.br\/index.php?rest_route=%2Fwp%2Fv2%2Ftags&post=9029"}],"curies":[{"name":"wp","href":"https:\/\/api.w.org\/{rel}","templated":true}]}}