{"id":9020,"date":"2024-11-29T17:19:43","date_gmt":"2024-11-29T20:19:43","guid":{"rendered":"https:\/\/focotocantinense.com.br\/?p=9020"},"modified":"2024-11-29T17:19:44","modified_gmt":"2024-11-29T20:19:44","slug":"governo-do-tocantins-encerra-temporada-de-capacitacao-de-condutores-de-pesca-esportiva-para-fomentar-turismo-e-economia-local","status":"publish","type":"post","link":"https:\/\/focotocantinense.com.br\/?p=9020","title":{"rendered":"Governo do Tocantins encerra temporada de capacita\u00e7\u00e3o de condutores de pesca esportiva para fomentar turismo e economia local"},"content":{"rendered":"\n<p><em>Capacita\u00e7\u00e3o formou mais de 260 profissionais em v\u00e1rias partes do estado<\/em><\/p>\n\n\n\n<p><strong>Ascom Setur\/Governo do Tocantins<\/strong><\/p>\n\n\n\n<p>Com o objetivo de fortalecer o turismo de pesca esportiva e promover o desenvolvimento sustent\u00e1vel, o Governo do Tocantins, por meio da Secretaria de Turismo (Setur), realizou o encerramento do curso de Capacita\u00e7\u00e3o de Condutor de Pesca Esportiva em Baba\u00e7ul\u00e2ndia. A iniciativa integra o projeto&nbsp;<em>Tocantins Recebe Bem<\/em>, e \u00e9 coordenado pela Ger\u00eancia de Qualifica\u00e7\u00e3o da Setur. &nbsp;<\/p>\n\n\n\n<figure class=\"wp-block-image size-large is-resized\"><img loading=\"lazy\" decoding=\"async\" width=\"1024\" height=\"585\" src=\"https:\/\/focotocantinense.com.br\/wp-content\/uploads\/2024\/11\/F-1-Turma-do-Curso-de-Condutor-de-Pesca-Esportiva-em-Babaculandia-Foto-AscomSetur-1024x585.jpeg\" alt=\"\" class=\"wp-image-9021\" style=\"width:384px;height:auto\" srcset=\"https:\/\/focotocantinense.com.br\/wp-content\/uploads\/2024\/11\/F-1-Turma-do-Curso-de-Condutor-de-Pesca-Esportiva-em-Babaculandia-Foto-AscomSetur-1024x585.jpeg 1024w, https:\/\/focotocantinense.com.br\/wp-content\/uploads\/2024\/11\/F-1-Turma-do-Curso-de-Condutor-de-Pesca-Esportiva-em-Babaculandia-Foto-AscomSetur-300x171.jpeg 300w, https:\/\/focotocantinense.com.br\/wp-content\/uploads\/2024\/11\/F-1-Turma-do-Curso-de-Condutor-de-Pesca-Esportiva-em-Babaculandia-Foto-AscomSetur-768x439.jpeg 768w, https:\/\/focotocantinense.com.br\/wp-content\/uploads\/2024\/11\/F-1-Turma-do-Curso-de-Condutor-de-Pesca-Esportiva-em-Babaculandia-Foto-AscomSetur-1536x878.jpeg 1536w, https:\/\/focotocantinense.com.br\/wp-content\/uploads\/2024\/11\/F-1-Turma-do-Curso-de-Condutor-de-Pesca-Esportiva-em-Babaculandia-Foto-AscomSetur-2048x1171.jpeg 2048w\" sizes=\"auto, (max-width: 1024px) 100vw, 1024px\" \/><\/figure>\n\n\n\n<p>O curso, com carga hor\u00e1ria de 40 horas, abrangeu temas fundamentais para a atua\u00e7\u00e3o profissional de condutores, incluindo pesca esportiva em \u00e1reas naturais protegidas, introdu\u00e7\u00e3o ao turismo, equipamentos de pesca, primeiros socorros e formata\u00e7\u00e3o de roteiros tur\u00edsticos. A capacita\u00e7\u00e3o prepara os profissionais para oferecer um servi\u00e7o de excel\u00eancia aos turistas e fortalece o potencial do Tocantins como refer\u00eancia em turismo de pesca esportiva.<\/p>\n\n\n\n<p><strong>Impacto na comunidade local<\/strong><\/p>\n\n\n\n<p>Os pescadores que participaram do curso celebraram a iniciativa como um marco para o desenvolvimento do turismo e da economia local. Raimundo Nonato, pescador profissional, destacou a import\u00e2ncia da pesca esportiva como uma oportunidade de crescimento para a comunidade. &#8220;Agora podemos levar os clientes para uma experi\u00eancia diferenciada, com a pr\u00e1tica do &#8216;pesque e solte&#8217;, que valoriza a preserva\u00e7\u00e3o e atrai turistas para nossa regi\u00e3o&#8221;, afirmou.<\/p>\n\n\n\n<figure class=\"wp-block-image size-large is-resized\"><img loading=\"lazy\" decoding=\"async\" width=\"1024\" height=\"585\" src=\"https:\/\/focotocantinense.com.br\/wp-content\/uploads\/2024\/11\/F-2-Mais-de-260-profissionais-receberam-capacitacao-em-varias-cidades-do-estado-Ascom-Setur-1024x585.jpeg\" alt=\"\" class=\"wp-image-9022\" style=\"width:407px;height:auto\" srcset=\"https:\/\/focotocantinense.com.br\/wp-content\/uploads\/2024\/11\/F-2-Mais-de-260-profissionais-receberam-capacitacao-em-varias-cidades-do-estado-Ascom-Setur-1024x585.jpeg 1024w, https:\/\/focotocantinense.com.br\/wp-content\/uploads\/2024\/11\/F-2-Mais-de-260-profissionais-receberam-capacitacao-em-varias-cidades-do-estado-Ascom-Setur-300x171.jpeg 300w, https:\/\/focotocantinense.com.br\/wp-content\/uploads\/2024\/11\/F-2-Mais-de-260-profissionais-receberam-capacitacao-em-varias-cidades-do-estado-Ascom-Setur-768x439.jpeg 768w, https:\/\/focotocantinense.com.br\/wp-content\/uploads\/2024\/11\/F-2-Mais-de-260-profissionais-receberam-capacitacao-em-varias-cidades-do-estado-Ascom-Setur-1536x878.jpeg 1536w, https:\/\/focotocantinense.com.br\/wp-content\/uploads\/2024\/11\/F-2-Mais-de-260-profissionais-receberam-capacitacao-em-varias-cidades-do-estado-Ascom-Setur-2048x1170.jpeg 2048w\" sizes=\"auto, (max-width: 1024px) 100vw, 1024px\" \/><\/figure>\n\n\n\n<p>Para Walter Martins, tamb\u00e9m pescador, o curso abriu novas perspectivas para os profissionais da cidade. &#8220;Podemos atender melhor os turistas, mostrando as belezas da nossa regi\u00e3o e ajudando a fomentar a economia local. \u00c9 uma chance \u00fanica de crescimento profissional e de colocar nossa cidade no mapa do turismo de pesca esportiva&#8221;, declarou.<\/p>\n\n\n\n<p>O projeto j\u00e1 percorreu munic\u00edpios como Porto Nacional, Formoso do Araguaia, Dian\u00f3polis, Lagoa da Confus\u00e3o, Lajeado, Peixe e S\u00e3o Salvador do Tocantins.<\/p>\n\n\n\n<p><strong>Apoio estrat\u00e9gico ao turismo e \u00e0 economia<br><\/strong><br>O secret\u00e1rio de Turismo do Tocantins, Hercy Filho, enfatizou o impacto do projeto para o setor e a economia regional. &#8220;A pesca esportiva \u00e9 um segmento estrat\u00e9gico para o Tocantins. Por meio de iniciativas como essa, o Governo do Estado, sob a gest\u00e3o do Governador Wanderlei Barbosa, n\u00e3o apenas qualifica os profissionais, mas tamb\u00e9m posiciona o Tocantins como um destino tur\u00edstico competitivo. Estamos criando condi\u00e7\u00f5es para que o turismo atue como motor de desenvolvimento econ\u00f4mico e social nas comunidades envolvidas&#8221;, afirmou.<\/p>\n\n\n\n<figure class=\"wp-block-image size-large\"><img loading=\"lazy\" decoding=\"async\" width=\"1024\" height=\"585\" src=\"https:\/\/focotocantinense.com.br\/wp-content\/uploads\/2024\/11\/F-3-O-curso-com-carga-horaria-de-40-horas-abrangeu-temas-fundamentais-para-a-atuacao-profissional-de-condutores-Ascom-Setur-1024x585.jpeg\" alt=\"\" class=\"wp-image-9023\" srcset=\"https:\/\/focotocantinense.com.br\/wp-content\/uploads\/2024\/11\/F-3-O-curso-com-carga-horaria-de-40-horas-abrangeu-temas-fundamentais-para-a-atuacao-profissional-de-condutores-Ascom-Setur-1024x585.jpeg 1024w, https:\/\/focotocantinense.com.br\/wp-content\/uploads\/2024\/11\/F-3-O-curso-com-carga-horaria-de-40-horas-abrangeu-temas-fundamentais-para-a-atuacao-profissional-de-condutores-Ascom-Setur-300x171.jpeg 300w, https:\/\/focotocantinense.com.br\/wp-content\/uploads\/2024\/11\/F-3-O-curso-com-carga-horaria-de-40-horas-abrangeu-temas-fundamentais-para-a-atuacao-profissional-de-condutores-Ascom-Setur-768x439.jpeg 768w, https:\/\/focotocantinense.com.br\/wp-content\/uploads\/2024\/11\/F-3-O-curso-com-carga-horaria-de-40-horas-abrangeu-temas-fundamentais-para-a-atuacao-profissional-de-condutores-Ascom-Setur-1536x878.jpeg 1536w, https:\/\/focotocantinense.com.br\/wp-content\/uploads\/2024\/11\/F-3-O-curso-com-carga-horaria-de-40-horas-abrangeu-temas-fundamentais-para-a-atuacao-profissional-de-condutores-Ascom-Setur-2048x1170.jpeg 2048w\" sizes=\"auto, (max-width: 1024px) 100vw, 1024px\" \/><\/figure>\n\n\n\n<p>Com iniciativas como o projeto&nbsp;<em>Tocantins Recebe Bem<\/em>, o Governo do Tocantins reafirma seu compromisso com a valoriza\u00e7\u00e3o das riquezas naturais do Estado e com a profissionaliza\u00e7\u00e3o de seus trabalhadores, gerando renda e beneficiando a economia e a sociedade como um todo.<\/p>\n","protected":false},"excerpt":{"rendered":"<p>Capacita\u00e7\u00e3o formou mais de 260 profissionais em v\u00e1rias partes do estado Ascom Setur\/Governo do Tocantins Com o objetivo de fortalecer o turismo de pesca esportiva e promover o desenvolvimento sustent\u00e1vel, o Governo do Tocantins, por meio da Secretaria de Turismo (Setur), realizou o encerramento do curso de Capacita\u00e7\u00e3o de Condutor de Pesca Esportiva em Baba\u00e7ul\u00e2ndia. &hellip;<\/p>\n","protected":false},"author":5,"featured_media":9021,"comment_status":"open","ping_status":"open","sticky":false,"template":"","format":"standard","meta":{"footnotes":""},"categories":[1],"tags":[],"class_list":["post-9020","post","type-post","status-publish","format-standard","has-post-thumbnail","","category-sem-categoria"],"_links":{"self":[{"href":"https:\/\/focotocantinense.com.br\/index.php?rest_route=\/wp\/v2\/posts\/9020","targetHints":{"allow":["GET"]}}],"collection":[{"href":"https:\/\/focotocantinense.com.br\/index.php?rest_route=\/wp\/v2\/posts"}],"about":[{"href":"https:\/\/focotocantinense.com.br\/index.php?rest_route=\/wp\/v2\/types\/post"}],"author":[{"embeddable":true,"href":"https:\/\/focotocantinense.com.br\/index.php?rest_route=\/wp\/v2\/users\/5"}],"replies":[{"embeddable":true,"href":"https:\/\/focotocantinense.com.br\/index.php?rest_route=%2Fwp%2Fv2%2Fcomments&post=9020"}],"version-history":[{"count":1,"href":"https:\/\/focotocantinense.com.br\/index.php?rest_route=\/wp\/v2\/posts\/9020\/revisions"}],"predecessor-version":[{"id":9024,"href":"https:\/\/focotocantinense.com.br\/index.php?rest_route=\/wp\/v2\/posts\/9020\/revisions\/9024"}],"wp:featuredmedia":[{"embeddable":true,"href":"https:\/\/focotocantinense.com.br\/index.php?rest_route=\/wp\/v2\/media\/9021"}],"wp:attachment":[{"href":"https:\/\/focotocantinense.com.br\/index.php?rest_route=%2Fwp%2Fv2%2Fmedia&parent=9020"}],"wp:term":[{"taxonomy":"category","embeddable":true,"href":"https:\/\/focotocantinense.com.br\/index.php?rest_route=%2Fwp%2Fv2%2Fcategories&post=9020"},{"taxonomy":"post_tag","embeddable":true,"href":"https:\/\/focotocantinense.com.br\/index.php?rest_route=%2Fwp%2Fv2%2Ftags&post=9020"}],"curies":[{"name":"wp","href":"https:\/\/api.w.org\/{rel}","templated":true}]}}