{"id":9008,"date":"2024-11-28T20:55:59","date_gmt":"2024-11-28T23:55:59","guid":{"rendered":"https:\/\/focotocantinense.com.br\/?p=9008"},"modified":"2024-11-28T20:59:27","modified_gmt":"2024-11-28T23:59:27","slug":"novos-membros-sao-empossados-e-conselho-de-politicas-culturais-do-tocantins-elege-sua-mesa-diretora","status":"publish","type":"post","link":"https:\/\/focotocantinense.com.br\/?p=9008","title":{"rendered":"Novos membros s\u00e3o empossados e Conselho de Pol\u00edticas Culturais do Tocantins elege sua mesa diretora"},"content":{"rendered":"\n<p><strong><em>Composi\u00e7\u00e3o dos novos membros titulares e suplentes do CPC-TO e a elei\u00e7\u00e3o da mesa diretora para o bi\u00eanio 2024-2026 aconteceram na manh\u00e3 desta quinta-feira, 28, no audit\u00f3rio do Igeprev<\/em><\/strong><\/p>\n\n\n\n<p><\/p>\n\n\n\n<p><\/p>\n\n\n\n<p>A posse dos novos membros titulares e suplentes do Conselho de Pol\u00edticas Culturais do Tocantins (CPC-TO) e a elei\u00e7\u00e3o da mesa diretora para o bi\u00eanio 2024-2026 aconteceram na manh\u00e3 desta quinta-feira, 28, no audit\u00f3rio do Instituto de Gest\u00e3o Previdenci\u00e1ria do Tocantins (Igeprev), em Palmas. O evento contou com as presen\u00e7as do secret\u00e1rio da Cultura Ti\u00e3o Pinheiro, do secret\u00e1rio estadual da Comunica\u00e7\u00e3o M\u00e1rcio Rocha, da secret\u00e1ria-executiva da Cultura Val\u00e9ria Kurovski, do superintendente de Fomento e Incentivo \u00e0 Cultura Ant\u00f4nio Miranda, al\u00e9m dos conselheiros eleitos e seus suplentes.<\/p>\n\n\n\n<p>Com 25 votos, o conselheiro Elp\u00eddio de Paula, representante da C\u00e2mara Setorial de Artes Visuais, foi eleito presidente do CPC-TO. A vice-presid\u00eancia, que \u00e9 uma indica\u00e7\u00e3o da gest\u00e3o (Secult), ficou para o superintendente Ant\u00f4nio Miranda. J\u00e1 a fun\u00e7\u00e3o de 1\u00aa secret\u00e1ria foi assumida por Am\u00e1ria Campos de Sousa, representante das Comunidades Afro-Brasileiras e Quilombolas. Tales Monteiro, conselheiro e coordenador do N\u00facleo de Editais da Secult, ficou a cargo da 2\u00aa secretaria.<\/p>\n\n\n\n<p><strong>Fortalecimento da cultura<\/strong><br>O encontro tamb\u00e9m foi marcado por discursos que refor\u00e7aram a import\u00e2ncia do Conselho como \u00f3rg\u00e3o consultivo e deliberativo das pol\u00edticas culturais no Tocantins. O conselheiro e titular da Secretaria da Cultura Ti\u00e3o Pinheiro destacou o bom momento da retomada cultural com as recria\u00e7\u00f5es do Minist\u00e9rio da Cultura (MinC) pelo presidente Lula e da Secretaria da Cultura (Secult) pelo governador Wanderlei Barbosa e a relev\u00e2ncia do engajamento da sociedade civil nas atividades do CPC-TO. Ele mencionou que, em gest\u00f5es anteriores, fazia quest\u00e3o de mobilizar pessoalmente os participantes e refor\u00e7ou que \u201cn\u00e3o basta ser representante de uma c\u00e2mara tem\u00e1tica, \u00e9 preciso mobilizar o pessoal e serem leg\u00edtimos representantes da sociedade civil\u201d.<\/p>\n\n\n\n<figure class=\"wp-block-image size-large\"><img loading=\"lazy\" decoding=\"async\" width=\"1024\" height=\"768\" src=\"https:\/\/focotocantinense.com.br\/wp-content\/uploads\/2024\/11\/1-CONSELHO-DE-CULTURA-1024x768.jpg\" alt=\"\" class=\"wp-image-9009\" srcset=\"https:\/\/focotocantinense.com.br\/wp-content\/uploads\/2024\/11\/1-CONSELHO-DE-CULTURA-1024x768.jpg 1024w, https:\/\/focotocantinense.com.br\/wp-content\/uploads\/2024\/11\/1-CONSELHO-DE-CULTURA-300x225.jpg 300w, https:\/\/focotocantinense.com.br\/wp-content\/uploads\/2024\/11\/1-CONSELHO-DE-CULTURA-768x576.jpg 768w, https:\/\/focotocantinense.com.br\/wp-content\/uploads\/2024\/11\/1-CONSELHO-DE-CULTURA.jpg 1280w\" sizes=\"auto, (max-width: 1024px) 100vw, 1024px\" \/><\/figure>\n\n\n\n<p><\/p>\n\n\n\n<p>O gestor aproveitou a oportunidade para agradecer \u00e0 gest\u00e3o anterior do CPC-TO e ressaltou que as a\u00e7\u00f5es realizadas pelo Conselho ao longo dos anos t\u00eam sido fundamentais para o desenvolvimento cultural do Estado, destacando tamb\u00e9m algumas das colheitas positivas.<\/p>\n\n\n\n<p>Por sua vez, o secret\u00e1rio estadual da Comunica\u00e7\u00e3o M\u00e1rcio Rocha falou sobre o papel da cultura como setor estrat\u00e9gico para o Tocantins e frisou seu impacto positivo na economia e na sociedade. \u201cA cultura \u00e9 um dos setores que mais retornam para cada real investido. Contem com a transversalidade da gest\u00e3o do governador Wanderlei Barbosa para darmos o apoio necess\u00e1rio aos fazedores de cultura e levarmos o Tocantins ao n\u00edvel que ele merece\u201d, completou.<\/p>\n\n\n\n<p>A secret\u00e1ria-executiva da Cultura Val\u00e9ria Kurovski lembrou do esfor\u00e7o conjunto e do compromisso da gest\u00e3o com o fortalecimento das pol\u00edticas culturais no Tocantins. Segundo ela, o trabalho realizado tem sido intenso e busca atender \u00e0s demandas e desafios do setor cultural. \u201cTemos feito um trabalho \u00e1rduo, com uma entrega profissional e pessoal intensa. Oportunamente, vamos alimentar o Conselho com informa\u00e7\u00f5es para que ele se aproprie da causa cultural, tenha conhecimento do que est\u00e1 sendo feito e do que pode melhorar. Assim, construiremos, de forma coletiva, uma cultura ainda mais forte no Tocantins\u201d, afirmou Val\u00e9ria.<\/p>\n\n\n\n<figure class=\"wp-block-image size-full is-resized\"><img loading=\"lazy\" decoding=\"async\" width=\"670\" height=\"383\" src=\"https:\/\/focotocantinense.com.br\/wp-content\/uploads\/2024\/11\/bbbbb.jpg\" alt=\"\" class=\"wp-image-9013\" style=\"width:840px;height:auto\" srcset=\"https:\/\/focotocantinense.com.br\/wp-content\/uploads\/2024\/11\/bbbbb.jpg 670w, https:\/\/focotocantinense.com.br\/wp-content\/uploads\/2024\/11\/bbbbb-300x171.jpg 300w\" sizes=\"auto, (max-width: 670px) 100vw, 670px\" \/><\/figure>\n\n\n\n<p><strong><em>Da esquerda para a direita: secret\u00e1rio estadual da Comunica\u00e7\u00e3o M\u00e1rcio Rocha, presidente do CPC-TO Elp\u00eddio de Paula e secret\u00e1rio da Cultura Ti\u00e3o Pinheiro<\/em><\/strong><\/p>\n\n\n\n<p><strong>Reconhecimento e continuidade<\/strong><br>Ao final da reuni\u00e3o, o presidente empossado agradeceu o apoio recebido e reafirmou seu compromisso com o fortalecimento das pol\u00edticas culturais no Tocantins. A partir de agora, as a\u00e7\u00f5es do CPC-TO ser\u00e3o conduzidas sob a lideran\u00e7a da nova mesa diretora, com reuni\u00f5es peri\u00f3dicas que devem retornar em mar\u00e7o.<\/p>\n\n\n\n<p>\u201cDurante o per\u00edodo, me tornei a mem\u00f3ria do conselho. Me apaixonei pelo processo de trabalhar com isso. \u00c0s vezes confrontamos com a gest\u00e3o, \u00e0s vezes estamos juntos, e esse \u00e9 o processo da pol\u00edtica. Nem sempre iremos concordar, mas essa \u00e9 nossa fun\u00e7\u00e3o como sociedade civil. Temos dois lados no mesmo processo\u201d, afirmou Elp\u00eddio.<\/p>\n\n\n\n<p>O vice-presidente Ant\u00f4nio Miranda refor\u00e7ou o papel estrat\u00e9gico do Conselho de Pol\u00edticas Culturais (CPC-TO) na constru\u00e7\u00e3o das pol\u00edticas culturais do estado. \u201cO Conselho \u00e9 importante porque \u00e9 consultado, delibera e prop\u00f5e, e por isso tem uma grande responsabilidade\u201d, disse.<\/p>\n\n\n\n<figure class=\"wp-block-image size-full is-resized\"><img loading=\"lazy\" decoding=\"async\" width=\"687\" height=\"441\" src=\"https:\/\/focotocantinense.com.br\/wp-content\/uploads\/2024\/11\/2-Os-poetas-Zacarias-Martins-e-Marizan-Carvalho-sao-os-representantes-da-Academia-Tocantinense-de-Letras-no-Conselho.jpg\" alt=\"\" class=\"wp-image-9016\" style=\"width:840px;height:auto\" srcset=\"https:\/\/focotocantinense.com.br\/wp-content\/uploads\/2024\/11\/2-Os-poetas-Zacarias-Martins-e-Marizan-Carvalho-sao-os-representantes-da-Academia-Tocantinense-de-Letras-no-Conselho.jpg 687w, https:\/\/focotocantinense.com.br\/wp-content\/uploads\/2024\/11\/2-Os-poetas-Zacarias-Martins-e-Marizan-Carvalho-sao-os-representantes-da-Academia-Tocantinense-de-Letras-no-Conselho-300x193.jpg 300w\" sizes=\"auto, (max-width: 687px) 100vw, 687px\" \/><\/figure>\n\n\n\n<p><strong><em>Os poetas Zacarias Martins e Marizan Carvalho s\u00e3o os representantes da Academia Tocantinense de\u00a0 Letras no Conselho<\/em><\/strong><\/p>\n\n\n\n<p><strong>Composi\u00e7\u00e3o<\/strong><br>A sociedade civil teve representantes de diversos segmentos culturais. Elp\u00eddio de Paula assumiu como titular de Artes Visuais; Luiz Henrique Correa representar\u00e1 o Artesanato; Rodrigo Ara\u00fajo Fortes ficou com o Patrim\u00f4nio Material e Rosane Balsan com o Patrim\u00f4nio Imaterial. No segmento Audiovisual, K\u00e9cia Garcia Ferreira tomou posse como titular, enquanto Luciano de Souza representar\u00e1 a M\u00fasica. J\u00e1 no Teatro e Circo, Dalila Cristiny Freiesleben Rosso (titular) e Vin\u00edcius Fernandes Martins (suplente) foram os escolhidos. Maria L\u00facia Fernandes Rocha representar\u00e1 a Cultura Popular e Valdirene Gomes dos Santos assumiu como titular no segmento de Cultura Tradicional. J\u00e1 o poeta e jornalista Zacarias Martins assumiu como representante da Academia Tocantinense de Letras (ATL), tendo como suplente o poeta Marizan Carvalho.<\/p>\n\n\n\n<p>O poder p\u00fablico est\u00e1 representado por conselheiros de diversas secretarias estaduais. Pela Secretaria da Cultura, tomaram posse: Ti\u00e3o Pinheiro (titular) e Val\u00e9ria Kurovski (suplente); Ant\u00f4nio Miranda (titular) e Dinara Prado (suplente); Tales Monteiro (titular) e N\u00fabia Martins (suplente); Juscelino Alves Oliveira (titular) e Jean Carlos Silva (suplente); Savana Sanches (titular) e Lukas Rhyere Negre (suplente); Luciano Pereira (titular) e Alline Alves Santos (suplente).<\/p>\n\n\n\n<p>A Secretaria do Trabalho e Desenvolvimento Social est\u00e1 representada por Andr\u00e9 Bernardo (titular) e Cleuza Bessa (suplente). J\u00e1 pela Secretaria da Educa\u00e7\u00e3o, assumiram Josaf\u00e1 Miranda de Souza (titular), Richard Wagner Brito (suplente), Thays Alves Pereira (titular) e Bruno Alves dos Santos (suplente). Em nome da Secretaria da Comunica\u00e7\u00e3o, M\u00e1rcio Rocha tomou posse como titular, enquanto Yuri Mendes Azevedo (titular) e Norma de Freitas Pereira (suplente) foram empossados pela Secretaria da Cidadania e Justi\u00e7a.<\/p>\n\n\n\n<p>Alguns conselheiros n\u00e3o puderam comparecer \u00e0 cerim\u00f4nia de posse realizada nesta quinta-feira, 28. Entre eles est\u00e3o Alline Alves dos Santos (suplente da Secult), Ismael Nunes da Silva (suplente da Secom), C\u00e9lio Pinheiro (titular da Semarh), Felipe Mansur (suplente da Semarh), Liliane Scarpin da Silva (titular da Unitins), Andr\u00e9ia Luiz (suplente da Unitins), Marcus Marcelo de Barros (titular da Aleto), Jos\u00e9 Luiz Pereira (suplente da Aleto) e S\u00e9rgio Roberto dos Santos (titular da sociedade civil).<\/p>\n\n\n\n<p>A posse desses integrantes ser\u00e1 realizada ap\u00f3s a indica\u00e7\u00e3o dos suplentes faltantes pela sociedade civil, prevista para ocorrer at\u00e9 o dia 27 de dezembro. Para isso, ser\u00e1 necess\u00e1ria a republica\u00e7\u00e3o do ato de designa\u00e7\u00e3o, documento oficial que formaliza a nomea\u00e7\u00e3o dos conselheiros e que ser\u00e1 assinado pelo governador do Estado, Wanderlei Barbosa.<\/p>\n\n\n\n<figure class=\"wp-block-image size-full\"><img loading=\"lazy\" decoding=\"async\" width=\"843\" height=\"251\" src=\"https:\/\/focotocantinense.com.br\/wp-content\/uploads\/2024\/11\/VINI_181_282-1-9.jpg\" alt=\"\" class=\"wp-image-9018\" srcset=\"https:\/\/focotocantinense.com.br\/wp-content\/uploads\/2024\/11\/VINI_181_282-1-9.jpg 843w, https:\/\/focotocantinense.com.br\/wp-content\/uploads\/2024\/11\/VINI_181_282-1-9-300x89.jpg 300w, https:\/\/focotocantinense.com.br\/wp-content\/uploads\/2024\/11\/VINI_181_282-1-9-768x229.jpg 768w\" sizes=\"auto, (max-width: 843px) 100vw, 843px\" \/><\/figure>\n\n\n\n<p>&#8212;&#8211;<\/p>\n\n\n\n<p><\/p>\n","protected":false},"excerpt":{"rendered":"<p>Composi\u00e7\u00e3o dos novos membros titulares e suplentes do CPC-TO e a elei\u00e7\u00e3o da mesa diretora para o bi\u00eanio 2024-2026 aconteceram na manh\u00e3 desta quinta-feira, 28, no audit\u00f3rio do Igeprev A posse dos novos membros titulares e suplentes do Conselho de Pol\u00edticas Culturais do Tocantins (CPC-TO) e a elei\u00e7\u00e3o da mesa diretora para o bi\u00eanio 2024-2026 &hellip;<\/p>\n","protected":false},"author":5,"featured_media":9009,"comment_status":"open","ping_status":"open","sticky":false,"template":"","format":"standard","meta":{"footnotes":""},"categories":[104],"tags":[],"class_list":["post-9008","post","type-post","status-publish","format-standard","has-post-thumbnail","","category-cultura"],"_links":{"self":[{"href":"https:\/\/focotocantinense.com.br\/index.php?rest_route=\/wp\/v2\/posts\/9008","targetHints":{"allow":["GET"]}}],"collection":[{"href":"https:\/\/focotocantinense.com.br\/index.php?rest_route=\/wp\/v2\/posts"}],"about":[{"href":"https:\/\/focotocantinense.com.br\/index.php?rest_route=\/wp\/v2\/types\/post"}],"author":[{"embeddable":true,"href":"https:\/\/focotocantinense.com.br\/index.php?rest_route=\/wp\/v2\/users\/5"}],"replies":[{"embeddable":true,"href":"https:\/\/focotocantinense.com.br\/index.php?rest_route=%2Fwp%2Fv2%2Fcomments&post=9008"}],"version-history":[{"count":5,"href":"https:\/\/focotocantinense.com.br\/index.php?rest_route=\/wp\/v2\/posts\/9008\/revisions"}],"predecessor-version":[{"id":9019,"href":"https:\/\/focotocantinense.com.br\/index.php?rest_route=\/wp\/v2\/posts\/9008\/revisions\/9019"}],"wp:featuredmedia":[{"embeddable":true,"href":"https:\/\/focotocantinense.com.br\/index.php?rest_route=\/wp\/v2\/media\/9009"}],"wp:attachment":[{"href":"https:\/\/focotocantinense.com.br\/index.php?rest_route=%2Fwp%2Fv2%2Fmedia&parent=9008"}],"wp:term":[{"taxonomy":"category","embeddable":true,"href":"https:\/\/focotocantinense.com.br\/index.php?rest_route=%2Fwp%2Fv2%2Fcategories&post=9008"},{"taxonomy":"post_tag","embeddable":true,"href":"https:\/\/focotocantinense.com.br\/index.php?rest_route=%2Fwp%2Fv2%2Ftags&post=9008"}],"curies":[{"name":"wp","href":"https:\/\/api.w.org\/{rel}","templated":true}]}}