{"id":9004,"date":"2024-11-28T08:52:52","date_gmt":"2024-11-28T11:52:52","guid":{"rendered":"https:\/\/focotocantinense.com.br\/?p=9004"},"modified":"2024-11-28T08:52:53","modified_gmt":"2024-11-28T11:52:53","slug":"deputado-antonio-andrade-vota-favoravel-ao-projeto-de-lei-que-estabelece-piso-para-categoria-de-medicos-e-cirurgioes-dentistas","status":"publish","type":"post","link":"https:\/\/focotocantinense.com.br\/?p=9004","title":{"rendered":"Deputado Antonio Andrade vota favor\u00e1vel ao projeto de lei que estabelece piso para categoria de m\u00e9dicos e cirurgi\u00f5es dentistas"},"content":{"rendered":"\n<p>Antonio Andrade, deputado federal tocantinense, demonstrou seu apoio aos profissionais da \u00e1rea da medicina e odontologia ao votar favor\u00e1vel ao Projeto de Lei n\u00ba 765, de 2015, que estabelece o piso salarial para as duas categorias. A medida tem como objetivo principal valorizar o trabalho desses profissionais e garantir uma remunera\u00e7\u00e3o justa pelo seu empenho e dedica\u00e7\u00e3o.<\/p>\n\n\n\n<figure class=\"wp-block-image size-large is-resized\"><img loading=\"lazy\" decoding=\"async\" width=\"1024\" height=\"631\" src=\"https:\/\/focotocantinense.com.br\/wp-content\/uploads\/2024\/11\/WhatsApp-Image-2024-11-27-at-14.29.47-1024x631.jpeg\" alt=\"\" class=\"wp-image-9005\" style=\"width:393px;height:auto\" srcset=\"https:\/\/focotocantinense.com.br\/wp-content\/uploads\/2024\/11\/WhatsApp-Image-2024-11-27-at-14.29.47-1024x631.jpeg 1024w, https:\/\/focotocantinense.com.br\/wp-content\/uploads\/2024\/11\/WhatsApp-Image-2024-11-27-at-14.29.47-300x185.jpeg 300w, https:\/\/focotocantinense.com.br\/wp-content\/uploads\/2024\/11\/WhatsApp-Image-2024-11-27-at-14.29.47-768x474.jpeg 768w, https:\/\/focotocantinense.com.br\/wp-content\/uploads\/2024\/11\/WhatsApp-Image-2024-11-27-at-14.29.47.jpeg 1536w\" sizes=\"auto, (max-width: 1024px) 100vw, 1024px\" \/><\/figure>\n\n\n\n<p>Inicialmente esse Projeto n\u00e3o estava na pauta da reuni\u00e3o deliberativa da Comiss\u00e3o de Sa\u00fade, que ocorreu hoje, 27 de novembro de 2024. O Deputado Antonio Andrade foi um dos autores do requerimento que incluiu o Projeto na pauta. Ap\u00f3s a aprova\u00e7\u00e3o do requerimento em vota\u00e7\u00e3o nominal a mat\u00e9ria foi discutida e aprovada na Comiss\u00e3o de Sa\u00fade com amplo apoio dos parlamentares e de diversas entidades ligadas \u00e0 categoria.<\/p>\n\n\n\n<p>O parlamentar, reconhecendo a import\u00e2ncia das categorias votou favor\u00e1vel \u00e0 proposta. \u201cSe os profissionais da sa\u00fade n\u00e3o recebem um sal\u00e1rio adequado, essa assist\u00eancia \u00e0 sa\u00fade para a popula\u00e7\u00e3o fica prejudicada, com certeza\u201d, afirmou o parlamentar.<\/p>\n\n\n\n<p>O projeto segue para a Comiss\u00e3o Trabalho, de Administra\u00e7\u00e3o e Servi\u00e7o P\u00fablico, para a Comiss\u00e3o de Finan\u00e7as e Tributa\u00e7\u00e3o (CFT) e depois para a Comiss\u00e3o de Constitui\u00e7\u00e3o, Justi\u00e7a e Cidadania (CCJC). Esse projeto tramita em car\u00e1ter conclusivo pelas Comiss\u00f5es. Isso significa que, ap\u00f3s sua tramita\u00e7\u00e3o nas Comiss\u00f5es, n\u00e3o precisar\u00e1 de aprova\u00e7\u00e3o do Plen\u00e1rio e seguir\u00e1 direto para o Senado Federal.<\/p>\n\n\n\n<p>O piso estabelecer\u00e1 um valor m\u00ednimo que os profissionais da medicina e odontologia devem receber como remunera\u00e7\u00e3o, proporcionando maior seguran\u00e7a financeira e incentivando a qualifica\u00e7\u00e3o cont\u00ednua nessa \u00e1rea.<\/p>\n\n\n\n<p>\u201cHoje, quero destacar a import\u00e2ncia e o reconhecimento que m\u00e9dicos e dentistas merecem em nossa sociedade. Esses profissionais dedicam suas vidas a cuidar da nossa sa\u00fade, garantindo n\u00e3o apenas o bem-estar f\u00edsico, mas tamb\u00e9m a qualidade de vida e a autoestima de todos n\u00f3s. Gra\u00e7as \u00e0 dedica\u00e7\u00e3o, conhecimento e esfor\u00e7o incans\u00e1vel desses profissionais que superamos desafios, prevenimos doen\u00e7as e constru\u00edmos uma sociedade mais saud\u00e1vel. Temos que reconhecer e valorizar esse trabalho, em uma forma de agradecimento por esse compromisso t\u00e3o essencial com a sa\u00fade da nossa popula\u00e7\u00e3o\u201d, enfatizou Andrade.<\/p>\n\n\n\n<p>Diversos representantes das classes estiveram presentes no plen\u00e1rio para acompanhar a reuni\u00e3o ordin\u00e1ria e expressar seu apoio \u00e0 iniciativa. Eles enfatizaram a import\u00e2ncia de reconhecer o trabalho \u00e1rduo e a expertise desses profissionais, que desempenham um papel crucial na recupera\u00e7\u00e3o e na promo\u00e7\u00e3o da sa\u00fade de milhares de pessoas.<\/p>\n\n\n\n<figure class=\"wp-block-image size-large\"><img loading=\"lazy\" decoding=\"async\" width=\"1024\" height=\"631\" src=\"https:\/\/focotocantinense.com.br\/wp-content\/uploads\/2024\/11\/WhatsApp-Image-2024-11-27-at-14.29.47-1-1024x631.jpeg\" alt=\"\" class=\"wp-image-9006\" srcset=\"https:\/\/focotocantinense.com.br\/wp-content\/uploads\/2024\/11\/WhatsApp-Image-2024-11-27-at-14.29.47-1-1024x631.jpeg 1024w, https:\/\/focotocantinense.com.br\/wp-content\/uploads\/2024\/11\/WhatsApp-Image-2024-11-27-at-14.29.47-1-300x185.jpeg 300w, https:\/\/focotocantinense.com.br\/wp-content\/uploads\/2024\/11\/WhatsApp-Image-2024-11-27-at-14.29.47-1-768x474.jpeg 768w, https:\/\/focotocantinense.com.br\/wp-content\/uploads\/2024\/11\/WhatsApp-Image-2024-11-27-at-14.29.47-1.jpeg 1536w\" sizes=\"auto, (max-width: 1024px) 100vw, 1024px\" \/><\/figure>\n\n\n\n<p>O relator do projeto na Comiss\u00e3o de Sa\u00fade foi o deputado Eduardo Velloso (Uni\u00e3o-AC). Ele \u00e9 otimista quanto \u00e0 aprova\u00e7\u00e3o do projeto. \u201cAcredito que esse piso possa, sim, se tornar realidade no Brasil.\u201d afirmou.<\/p>\n\n\n\n<p>Assessoria de Comunica\u00e7\u00e3o \u2013 Deputado Federal Antonio Andrade<\/p>\n","protected":false},"excerpt":{"rendered":"<p>Antonio Andrade, deputado federal tocantinense, demonstrou seu apoio aos profissionais da \u00e1rea da medicina e odontologia ao votar favor\u00e1vel ao Projeto de Lei n\u00ba 765, de 2015, que estabelece o piso salarial para as duas categorias. A medida tem como objetivo principal valorizar o trabalho desses profissionais e garantir uma remunera\u00e7\u00e3o justa pelo seu empenho &hellip;<\/p>\n","protected":false},"author":5,"featured_media":9006,"comment_status":"open","ping_status":"open","sticky":false,"template":"","format":"standard","meta":{"footnotes":""},"categories":[1],"tags":[],"class_list":["post-9004","post","type-post","status-publish","format-standard","has-post-thumbnail","","category-sem-categoria"],"_links":{"self":[{"href":"https:\/\/focotocantinense.com.br\/index.php?rest_route=\/wp\/v2\/posts\/9004","targetHints":{"allow":["GET"]}}],"collection":[{"href":"https:\/\/focotocantinense.com.br\/index.php?rest_route=\/wp\/v2\/posts"}],"about":[{"href":"https:\/\/focotocantinense.com.br\/index.php?rest_route=\/wp\/v2\/types\/post"}],"author":[{"embeddable":true,"href":"https:\/\/focotocantinense.com.br\/index.php?rest_route=\/wp\/v2\/users\/5"}],"replies":[{"embeddable":true,"href":"https:\/\/focotocantinense.com.br\/index.php?rest_route=%2Fwp%2Fv2%2Fcomments&post=9004"}],"version-history":[{"count":1,"href":"https:\/\/focotocantinense.com.br\/index.php?rest_route=\/wp\/v2\/posts\/9004\/revisions"}],"predecessor-version":[{"id":9007,"href":"https:\/\/focotocantinense.com.br\/index.php?rest_route=\/wp\/v2\/posts\/9004\/revisions\/9007"}],"wp:featuredmedia":[{"embeddable":true,"href":"https:\/\/focotocantinense.com.br\/index.php?rest_route=\/wp\/v2\/media\/9006"}],"wp:attachment":[{"href":"https:\/\/focotocantinense.com.br\/index.php?rest_route=%2Fwp%2Fv2%2Fmedia&parent=9004"}],"wp:term":[{"taxonomy":"category","embeddable":true,"href":"https:\/\/focotocantinense.com.br\/index.php?rest_route=%2Fwp%2Fv2%2Fcategories&post=9004"},{"taxonomy":"post_tag","embeddable":true,"href":"https:\/\/focotocantinense.com.br\/index.php?rest_route=%2Fwp%2Fv2%2Ftags&post=9004"}],"curies":[{"name":"wp","href":"https:\/\/api.w.org\/{rel}","templated":true}]}}