{"id":8996,"date":"2024-11-27T15:44:46","date_gmt":"2024-11-27T18:44:46","guid":{"rendered":"https:\/\/focotocantinense.com.br\/?p=8996"},"modified":"2024-11-27T15:46:38","modified_gmt":"2024-11-27T18:46:38","slug":"comite-de-cultura-no-tocantins-e-apresentado-oficialmente-a-sociedade-tocantinense","status":"publish","type":"post","link":"https:\/\/focotocantinense.com.br\/?p=8996","title":{"rendered":"Comit\u00ea de Cultura no Tocantins \u00e9 apresentado oficialmente \u00e0 sociedade tocantinense"},"content":{"rendered":"\n<p>Com atua\u00e7\u00e3o desde o in\u00edcio do ano em prol da amplia\u00e7\u00e3o do direito de fazer Cultura, o Comit\u00ea de Cultura no Tocantins foi apresentado \u00e0 comunidade, oficialmente, na Oficina Territorial para a elabora\u00e7\u00e3o do novo Plano Nacional de Cultura (PNC), que aconteceu nos dias 18\/11, Reitoria da Unitins e 19\/11, no pr\u00e9dio da reitoria do Instituto Federal do Tocantins (IFTO), em Palmas.&nbsp;&nbsp;<\/p>\n\n\n\n<p>Na ocasi\u00e3o, foram apresentados os integrantes do comit\u00ea, suas coordena\u00e7\u00f5es, parceiros e executantes compostas pela realizadora Federa\u00e7\u00e3o Tocantinense de Artes C\u00eanicas (Fetac), Associa\u00e7\u00e3o Gurupiense de Artes\u00e3os (AGA) e Instituto Social e Cultura Araguaia (Isca). Ainda na oportunidade, foram apresentados o Pont\u00e3o de Cultura Tambores do Tocantins \/ Comunidade de Sa\u00fade, Desenvolvimento e Educa\u00e7\u00e3o (Comsa\u00fade) e os equipamentos culturais itinerantes Moveceu e Ceus da Cultura, via Secretaria Estadual da Cultura (Secult).<\/p>\n\n\n\n<p>A programa\u00e7\u00e3o contou com apresenta\u00e7\u00f5es art\u00edsticas do Circo Os Kaco, Grupo de Dan\u00e7a Sombras do Hip Hop, grupo vocal Vozes de \u00c9bano e Tambores do Tocantins. A plateia foi formada por artistas da cena, t\u00e9cnicos e produtores culturais, com a presen\u00e7a de representantes do Minist\u00e9rio da Cultura.&nbsp;<\/p>\n\n\n\n<p>A Diretora de Articula\u00e7\u00e3o e Governan\u00e7a do Minist\u00e9rio da Cultura, Desiree Ramos Tozi, destacou a import\u00e2ncia do Comit\u00ea de Cultura no Tocantins ter uma representatividade forte e, al\u00e9m de tudo, ser gerido por uma Federa\u00e7\u00e3o de artistas. \u201cO alcance territorial do estado, essa facilidade de acesso ao artesanato e aos artistas, \u00e9 fundamental para garantir que as diversas vozes do estado sejam ouvidas e que as pol\u00edticas culturais atendam \u00e0s necessidades locais. Isso n\u00e3o apenas melhora a gest\u00e3o das pol\u00edticas culturais, mas tamb\u00e9m garante que haja uma participa\u00e7\u00e3o social mais efetiva, promovendo uma colabora\u00e7\u00e3o cont\u00ednua com o Estado, o Governo Federal e as Prefeituras\u201d, apontou.&nbsp;<\/p>\n\n\n\n<figure class=\"wp-block-image size-large\"><img loading=\"lazy\" decoding=\"async\" width=\"1024\" height=\"473\" src=\"https:\/\/focotocantinense.com.br\/wp-content\/uploads\/2024\/11\/AAAAAA-1024x473.jpeg\" alt=\"\" class=\"wp-image-8997\" srcset=\"https:\/\/focotocantinense.com.br\/wp-content\/uploads\/2024\/11\/AAAAAA-1024x473.jpeg 1024w, https:\/\/focotocantinense.com.br\/wp-content\/uploads\/2024\/11\/AAAAAA-300x139.jpeg 300w, https:\/\/focotocantinense.com.br\/wp-content\/uploads\/2024\/11\/AAAAAA-768x355.jpeg 768w, https:\/\/focotocantinense.com.br\/wp-content\/uploads\/2024\/11\/AAAAAA-1536x709.jpeg 1536w, https:\/\/focotocantinense.com.br\/wp-content\/uploads\/2024\/11\/AAAAAA.jpeg 1600w\" sizes=\"auto, (max-width: 1024px) 100vw, 1024px\" \/><\/figure>\n\n\n\n<p><\/p>\n\n\n\n<p>De acordo com o coordenador-geral do Comit\u00ea de Cultura no Tocantins e presidente da Federa\u00e7\u00e3o Tocantinense de Artes C\u00eanicas, Kak\u00e1 Nogueira, participar dessa constru\u00e7\u00e3o \u00e9 um exerc\u00edcio de cidadania cultural, e o Comit\u00ea de Cultura no Tocantins, que foi apresentado oficialmente \u00e0 sociedade tocantinense nesse evento, materializa a execu\u00e7\u00e3o de uma pol\u00edtica descentralizada, que alcan\u00e7a os rinc\u00f5es desse pa\u00eds, e dialoga com a diversidade da nossa cultura.&nbsp; \u201cAcreditamos que as pol\u00edticas p\u00fablicas precisam dialogar com a realidade dos artistas e das comunidades, e este espa\u00e7o de escuta foi fundamental para isso&#8221;, disse, acrescentando ainda que a descentraliza\u00e7\u00e3o das a\u00e7\u00f5es de mobiliza\u00e7\u00e3o social, forma\u00e7\u00e3o e comunica\u00e7\u00e3o popular e simplificada s\u00e3o importantes para garantir que as pol\u00edticas culturais cheguem a todas as comunidades.<\/p>\n\n\n\n<p>O coordenador do Escrit\u00f3rio de Representa\u00e7\u00e3o do MinC no Tocantins, C\u00edcero Bel\u00e9m, expressou seu entusiasmo pelo encontro, comentando sobre a colabora\u00e7\u00e3o e articula\u00e7\u00e3o para o avan\u00e7o da cultura no Tocantins e no Brasil, e ressaltando o papel das institui\u00e7\u00f5es parceiras na constru\u00e7\u00e3o do plano cultural do estado e na formula\u00e7\u00e3o de pol\u00edticas p\u00fablicas. \u201cA gente tem buscado fazer uma constru\u00e7\u00e3o em que estamos juntos e isso aqui \u00e9 fruto dessa parceria&#8221;, refor\u00e7ou. C\u00edcero ainda destacou o trabalho que vem sendo desenvolvido pelo minist\u00e9rio e enfatizou que, ao superar desafios e diferen\u00e7as, o foco deve ser o servi\u00e7o \u00e0 comunidade.<\/p>\n\n\n\n<p><strong>Regionais<\/strong><\/p>\n\n\n\n<p>O coordenador do Comit\u00ea de Cultura no Norte do Estado, George Henrique Silva, apontou sobre a efic\u00e1cia do plano e sobre a necessidade da descentraliza\u00e7\u00e3o com base nas realidades diversas do Brasil. \u201cPrecisamos garantir que o PNC contemple n\u00e3o apenas as grandes capitais, mas tamb\u00e9m os pequenos munic\u00edpios e regi\u00f5es perif\u00e9ricas. Achei o encontro muito importante para unir as ideias e propostas dos mais diversos fazedores de cultura no nosso Estado&#8221;, descreveu.<\/p>\n\n\n\n<p>A presidente da Associa\u00e7\u00e3o AGA, de Gurupi, Maria do Socorro, afirmou que a apresenta\u00e7\u00e3o oficial do Comit\u00ea foi importante para garantir ainda mais visibilidade para as a\u00e7\u00f5es em todo o Estado. \u201cO Tocantins s\u00f3 tem a ganhar com o Comit\u00ea no Tocantins, principalmente por ele oportunizar a descentraliza\u00e7\u00e3o das atividades e fortalecimento da cultura local\u201d, afirmou.<\/p>\n\n\n\n<figure class=\"wp-block-image size-large\"><img loading=\"lazy\" decoding=\"async\" width=\"1024\" height=\"768\" src=\"https:\/\/focotocantinense.com.br\/wp-content\/uploads\/2024\/11\/BBBB-1024x768.jpeg\" alt=\"\" class=\"wp-image-9001\" srcset=\"https:\/\/focotocantinense.com.br\/wp-content\/uploads\/2024\/11\/BBBB-1024x768.jpeg 1024w, https:\/\/focotocantinense.com.br\/wp-content\/uploads\/2024\/11\/BBBB-300x225.jpeg 300w, https:\/\/focotocantinense.com.br\/wp-content\/uploads\/2024\/11\/BBBB-768x576.jpeg 768w, https:\/\/focotocantinense.com.br\/wp-content\/uploads\/2024\/11\/BBBB.jpeg 1280w\" sizes=\"auto, (max-width: 1024px) 100vw, 1024px\" \/><\/figure>\n\n\n\n<p><\/p>\n\n\n\n<p>Tamb\u00e9m de Gurupi, o poeta e jornalista Zacarias Martins afirmou que as oficinas territoriais permitiram aos fazedores de cultura aprofundar, com a sociedade civil, debates iniciados na 4\u00aa Confer\u00eancia Nacional de Cultura e materializar as prioridades para a pol\u00edtica cultural para os pr\u00f3ximos dez anos. \u201cEstamos diante de um&nbsp; momento especial, que envolve um processo de escuta e de trabalho, de colabora\u00e7\u00e3o na constru\u00e7\u00e3o desse importante conte\u00fado que vai nortear as a\u00e7\u00f5es do Sistema Nacional de Cultura nessa pr\u00f3xima d\u00e9cada\u201d, ressaltou Martins.<\/p>\n\n\n\n<p><strong>Oficina<\/strong><\/p>\n\n\n\n<p>Al\u00e9m da apresenta\u00e7\u00e3o oficial do Comit\u00ea, o evento teve como objetivo orientar as pol\u00edticas culturais do Brasil para os pr\u00f3ximos dez anos, a partir de escutas com a sociedade civil para a discuss\u00e3o do texto-base do novo Plano Nacional de Cultura (PNC).&nbsp;<\/p>\n\n\n\n<p><strong>Plano Nacional<\/strong><\/p>\n\n\n\n<p>O novo PNC ser\u00e1 organizado em torno de princ\u00edpios, diretrizes, objetivos e metas, com base nos oito eixos tem\u00e1ticos definidos pelo MinC. Oficina O evento foi uma das etapas do processo participativo coordenado pelo Minist\u00e9rio da Cultura (MinC), que ocorre em todo o pa\u00eds para revisar e redesenhar as pol\u00edticas culturais dos pr\u00f3ximos 10 anos, e aconteceu no estado com apoio do Governo do Tocantins, atrav\u00e9s da Secretaria da Cultura (Secult).<\/p>\n\n\n\n<p><strong>Sobre o Comit\u00ea<\/strong><\/p>\n\n\n\n<p>O Comit\u00ea de Cultura no Tocantins \u00e9 integrante do Programa Nacional dos Comit\u00eas de Cultura (PNCC) por meio da Secretaria dos Comit\u00eas de Cultura &#8211; Minist\u00e9rio da Cultura (Minc), e j\u00e1 desenvolve a\u00e7\u00f5es h\u00e1 mais de dois meses e atua em todo o Estado, buscando descentralizar as a\u00e7\u00f5es culturais e estimular a produ\u00e7\u00e3o art\u00edstica em todas as regi\u00f5es. Ele \u00e9 coordenado pela Federa\u00e7\u00e3o Tocantinense de Artes C\u00eanicas do Tocantins (Fetac), presidida por Kak\u00e1 Nogueira, ator, produtor e coordenador geral do Comit\u00ea.&nbsp; O Comit\u00ea conta com a colabora\u00e7\u00e3o em rede da Associa\u00e7\u00e3o Gurupiense de Artes\u00e3os (AGA) e do Instituto Social e Cultural Araguaia (Isca). O Comit\u00ea do Tocantins ficou em 1\u00b0 lugar no Brasil na sele\u00e7\u00e3o realizada em 2023 pelo MinC e ter\u00e1 a\u00e7\u00f5es coordenadas pela Fetac por 24 meses.<\/p>\n\n\n\n<figure class=\"wp-block-image size-full\"><img loading=\"lazy\" decoding=\"async\" width=\"843\" height=\"251\" src=\"https:\/\/focotocantinense.com.br\/wp-content\/uploads\/2024\/11\/VINI_181_282-1-8.jpg\" alt=\"\" class=\"wp-image-8993\" srcset=\"https:\/\/focotocantinense.com.br\/wp-content\/uploads\/2024\/11\/VINI_181_282-1-8.jpg 843w, https:\/\/focotocantinense.com.br\/wp-content\/uploads\/2024\/11\/VINI_181_282-1-8-300x89.jpg 300w, https:\/\/focotocantinense.com.br\/wp-content\/uploads\/2024\/11\/VINI_181_282-1-8-768x229.jpg 768w\" sizes=\"auto, (max-width: 843px) 100vw, 843px\" \/><\/figure>\n","protected":false},"excerpt":{"rendered":"<p>Com atua\u00e7\u00e3o desde o in\u00edcio do ano em prol da amplia\u00e7\u00e3o do direito de fazer Cultura, o Comit\u00ea de Cultura no Tocantins foi apresentado \u00e0 comunidade, oficialmente, na Oficina Territorial para a elabora\u00e7\u00e3o do novo Plano Nacional de Cultura (PNC), que aconteceu nos dias 18\/11, Reitoria da Unitins e 19\/11, no pr\u00e9dio da reitoria do &hellip;<\/p>\n","protected":false},"author":5,"featured_media":8997,"comment_status":"open","ping_status":"open","sticky":false,"template":"","format":"standard","meta":{"footnotes":""},"categories":[104],"tags":[],"class_list":["post-8996","post","type-post","status-publish","format-standard","has-post-thumbnail","","category-cultura"],"_links":{"self":[{"href":"https:\/\/focotocantinense.com.br\/index.php?rest_route=\/wp\/v2\/posts\/8996","targetHints":{"allow":["GET"]}}],"collection":[{"href":"https:\/\/focotocantinense.com.br\/index.php?rest_route=\/wp\/v2\/posts"}],"about":[{"href":"https:\/\/focotocantinense.com.br\/index.php?rest_route=\/wp\/v2\/types\/post"}],"author":[{"embeddable":true,"href":"https:\/\/focotocantinense.com.br\/index.php?rest_route=\/wp\/v2\/users\/5"}],"replies":[{"embeddable":true,"href":"https:\/\/focotocantinense.com.br\/index.php?rest_route=%2Fwp%2Fv2%2Fcomments&post=8996"}],"version-history":[{"count":4,"href":"https:\/\/focotocantinense.com.br\/index.php?rest_route=\/wp\/v2\/posts\/8996\/revisions"}],"predecessor-version":[{"id":9003,"href":"https:\/\/focotocantinense.com.br\/index.php?rest_route=\/wp\/v2\/posts\/8996\/revisions\/9003"}],"wp:featuredmedia":[{"embeddable":true,"href":"https:\/\/focotocantinense.com.br\/index.php?rest_route=\/wp\/v2\/media\/8997"}],"wp:attachment":[{"href":"https:\/\/focotocantinense.com.br\/index.php?rest_route=%2Fwp%2Fv2%2Fmedia&parent=8996"}],"wp:term":[{"taxonomy":"category","embeddable":true,"href":"https:\/\/focotocantinense.com.br\/index.php?rest_route=%2Fwp%2Fv2%2Fcategories&post=8996"},{"taxonomy":"post_tag","embeddable":true,"href":"https:\/\/focotocantinense.com.br\/index.php?rest_route=%2Fwp%2Fv2%2Ftags&post=8996"}],"curies":[{"name":"wp","href":"https:\/\/api.w.org\/{rel}","templated":true}]}}