{"id":8985,"date":"2024-11-26T20:36:16","date_gmt":"2024-11-26T23:36:16","guid":{"rendered":"https:\/\/focotocantinense.com.br\/?p=8985"},"modified":"2024-11-26T20:38:31","modified_gmt":"2024-11-26T23:38:31","slug":"livro-destaca-a-producao-literaria-dos-pequenos-poetas-de-natividade","status":"publish","type":"post","link":"https:\/\/focotocantinense.com.br\/?p=8985","title":{"rendered":"Livro destaca a produ\u00e7\u00e3o liter\u00e1ria dos pequenos poetas de Natividade"},"content":{"rendered":"\n<p>A Escola Municipal Archcelina Pacini Vieira, localizada na hist\u00f3rica cidade de Natividade, promover\u00e1, na sexta-feira, &nbsp;dia 29 de novembro de 2024, \u00e0s 19h, o lan\u00e7amento da 3\u00aa edi\u00e7\u00e3o do livro \u201c<strong><em>Pequenos Poetas\u201d<\/em><\/strong>, fruto do projeto \u201c<em>Natividade: Nossa Cultura em Versos<\/em>\u201d, idealizado pela professora C\u00e1ssia Tavares de Albuquerque.<\/p>\n\n\n\n<figure class=\"wp-block-image size-large is-resized\"><img loading=\"lazy\" decoding=\"async\" width=\"1024\" height=\"435\" src=\"https:\/\/focotocantinense.com.br\/wp-content\/uploads\/2024\/11\/1-ALUNOS-DE-NATIVIDADE-1024x435.jpg\" alt=\"\" class=\"wp-image-8986\" style=\"width:389px;height:auto\" srcset=\"https:\/\/focotocantinense.com.br\/wp-content\/uploads\/2024\/11\/1-ALUNOS-DE-NATIVIDADE-1024x435.jpg 1024w, https:\/\/focotocantinense.com.br\/wp-content\/uploads\/2024\/11\/1-ALUNOS-DE-NATIVIDADE-300x127.jpg 300w, https:\/\/focotocantinense.com.br\/wp-content\/uploads\/2024\/11\/1-ALUNOS-DE-NATIVIDADE-768x326.jpg 768w, https:\/\/focotocantinense.com.br\/wp-content\/uploads\/2024\/11\/1-ALUNOS-DE-NATIVIDADE-1536x652.jpg 1536w, https:\/\/focotocantinense.com.br\/wp-content\/uploads\/2024\/11\/1-ALUNOS-DE-NATIVIDADE-2048x870.jpg 2048w\" sizes=\"auto, (max-width: 1024px) 100vw, 1024px\" \/><\/figure>\n\n\n\n<p><\/p>\n\n\n\n<p>A professora ressalta que a a\u00e7\u00e3o envolve, em uma jornada de aprendizado sobre o rico patrim\u00f4nio cultural da cidade, &nbsp;crian\u00e7as de 9 a 10 anos,&nbsp; do 5\u00ba ano do Ensino Fundamental.<\/p>\n\n\n\n<p><strong>A trajet\u00f3ria do projeto<\/strong><\/p>\n\n\n\n<p>Desde o in\u00edcio do ano letivo, os estudantes mergulharam na hist\u00f3ria, nos saberes e nas tradi\u00e7\u00f5es de Natividade, a cidade mais antiga do Tocantins.<\/p>\n\n\n\n<p>\u201cExplorando o patrim\u00f4nio material e imaterial, as crian\u00e7as desenvolveram um forte sentimento de pertencimento e transformaram suas viv\u00eancias e aprendizados em belos versos po\u00e9ticos, exaltando a identidade e os valores culturais locais\u201d, explica a professora.<\/p>\n\n\n\n<p>Durante os tr\u00eas anos de exist\u00eancia, o projeto \u201cNatividade: Nossa Cultura em Versos\u201d, contribuiu em muitas a\u00e7\u00f5es relevantes para a cultura nativitana como o Dossi\u00ea de Registro do Bem Cultural Ourivesaria de Natividade, e o &nbsp;Roteiro de Afetos Audiotour Patrimonial de Natividade, uma iniciativa da Universidade Federal do Tocantins (UFT) em parceria com o IPHAN.<\/p>\n\n\n\n<p><strong>Patrim\u00f4nio cultural<\/strong><\/p>\n\n\n\n<p>Os versos criados pelas crian\u00e7as da escola foram incorporados aos \u00e1udios e cat\u00e1logos do projeto, eternizando suas vozes e talentos na promo\u00e7\u00e3o do patrim\u00f4nio cultural.<\/p>\n\n\n\n<p>O evento de lan\u00e7amento promete ser uma celebra\u00e7\u00e3o n\u00e3o apenas da criatividade infantil, mas, tamb\u00e9m, do compromisso da escola em fortalecer a educa\u00e7\u00e3o patrimonial e a valoriza\u00e7\u00e3o da cultura local.<\/p>\n\n\n\n<p>\u201cO livro&nbsp;<strong><em>&#8220;Pequenos Poetas&#8221;<\/em><\/strong>&nbsp;\u00e9 uma prova de que a cultura e a educa\u00e7\u00e3o caminham juntas na constru\u00e7\u00e3o de uma sociedade consciente e orgulhosa de suas ra\u00edzes\u201d, finalizou a professora.<\/p>\n\n\n\n<figure class=\"wp-block-image size-full\"><img loading=\"lazy\" decoding=\"async\" width=\"843\" height=\"251\" src=\"https:\/\/focotocantinense.com.br\/wp-content\/uploads\/2024\/11\/VINI_181_282-1-7.jpg\" alt=\"\" class=\"wp-image-8989\" srcset=\"https:\/\/focotocantinense.com.br\/wp-content\/uploads\/2024\/11\/VINI_181_282-1-7.jpg 843w, https:\/\/focotocantinense.com.br\/wp-content\/uploads\/2024\/11\/VINI_181_282-1-7-300x89.jpg 300w, https:\/\/focotocantinense.com.br\/wp-content\/uploads\/2024\/11\/VINI_181_282-1-7-768x229.jpg 768w\" sizes=\"auto, (max-width: 843px) 100vw, 843px\" \/><\/figure>\n","protected":false},"excerpt":{"rendered":"<p>A Escola Municipal Archcelina Pacini Vieira, localizada na hist\u00f3rica cidade de Natividade, promover\u00e1, na sexta-feira, &nbsp;dia 29 de novembro de 2024, \u00e0s 19h, o lan\u00e7amento da 3\u00aa edi\u00e7\u00e3o do livro \u201cPequenos Poetas\u201d, fruto do projeto \u201cNatividade: Nossa Cultura em Versos\u201d, idealizado pela professora C\u00e1ssia Tavares de Albuquerque. A professora ressalta que a a\u00e7\u00e3o envolve, em &hellip;<\/p>\n","protected":false},"author":5,"featured_media":8986,"comment_status":"open","ping_status":"open","sticky":false,"template":"","format":"standard","meta":{"footnotes":""},"categories":[56,1],"tags":[],"class_list":["post-8985","post","type-post","status-publish","format-standard","has-post-thumbnail","","category-natividade","category-sem-categoria"],"_links":{"self":[{"href":"https:\/\/focotocantinense.com.br\/index.php?rest_route=\/wp\/v2\/posts\/8985","targetHints":{"allow":["GET"]}}],"collection":[{"href":"https:\/\/focotocantinense.com.br\/index.php?rest_route=\/wp\/v2\/posts"}],"about":[{"href":"https:\/\/focotocantinense.com.br\/index.php?rest_route=\/wp\/v2\/types\/post"}],"author":[{"embeddable":true,"href":"https:\/\/focotocantinense.com.br\/index.php?rest_route=\/wp\/v2\/users\/5"}],"replies":[{"embeddable":true,"href":"https:\/\/focotocantinense.com.br\/index.php?rest_route=%2Fwp%2Fv2%2Fcomments&post=8985"}],"version-history":[{"count":4,"href":"https:\/\/focotocantinense.com.br\/index.php?rest_route=\/wp\/v2\/posts\/8985\/revisions"}],"predecessor-version":[{"id":8991,"href":"https:\/\/focotocantinense.com.br\/index.php?rest_route=\/wp\/v2\/posts\/8985\/revisions\/8991"}],"wp:featuredmedia":[{"embeddable":true,"href":"https:\/\/focotocantinense.com.br\/index.php?rest_route=\/wp\/v2\/media\/8986"}],"wp:attachment":[{"href":"https:\/\/focotocantinense.com.br\/index.php?rest_route=%2Fwp%2Fv2%2Fmedia&parent=8985"}],"wp:term":[{"taxonomy":"category","embeddable":true,"href":"https:\/\/focotocantinense.com.br\/index.php?rest_route=%2Fwp%2Fv2%2Fcategories&post=8985"},{"taxonomy":"post_tag","embeddable":true,"href":"https:\/\/focotocantinense.com.br\/index.php?rest_route=%2Fwp%2Fv2%2Ftags&post=8985"}],"curies":[{"name":"wp","href":"https:\/\/api.w.org\/{rel}","templated":true}]}}