{"id":8976,"date":"2024-11-25T19:47:59","date_gmt":"2024-11-25T22:47:59","guid":{"rendered":"https:\/\/focotocantinense.com.br\/?p=8976"},"modified":"2024-11-25T19:55:48","modified_gmt":"2024-11-25T22:55:48","slug":"comite-de-cultura-fortalece-dialogo-cultural-em-tocantinopolis","status":"publish","type":"post","link":"https:\/\/focotocantinense.com.br\/?p=8976","title":{"rendered":"Comit\u00ea de Cultura fortalece di\u00e1logo cultural em Tocantin\u00f3polis"},"content":{"rendered":"\n<p><strong>Por Rodrigo Martins<\/strong><\/p>\n\n\n\n<p>O audit\u00f3rio da Universidade Federal do Norte do Tocantins (UFNT), em Tocantin\u00f3polis, foi o cen\u00e1rio de um encontro que mobilizou agentes culturais, gestores p\u00fablicos e comunidades locais no norte do estado. O&nbsp;<strong>3\u00ba Semin\u00e1rio de Pol\u00edticas Culturais<\/strong>, realizado pelo Comit\u00ea de Cultura no Tocantins, consolidou a discuss\u00e3o sobre pol\u00edticas culturais, promovendo o fortalecimento da coopera\u00e7\u00e3o federativa e da participa\u00e7\u00e3o social por meio do Sistema Nacional de Cultura (SNC).<\/p>\n\n\n\n<figure class=\"wp-block-image size-full is-resized\"><img loading=\"lazy\" decoding=\"async\" width=\"848\" height=\"382\" src=\"https:\/\/focotocantinense.com.br\/wp-content\/uploads\/2024\/11\/SEMINARIO-DE-CULTURA-EM-TOCANTINOPOLIS.jpg\" alt=\"\" class=\"wp-image-8977\" style=\"width:374px;height:auto\" srcset=\"https:\/\/focotocantinense.com.br\/wp-content\/uploads\/2024\/11\/SEMINARIO-DE-CULTURA-EM-TOCANTINOPOLIS.jpg 848w, https:\/\/focotocantinense.com.br\/wp-content\/uploads\/2024\/11\/SEMINARIO-DE-CULTURA-EM-TOCANTINOPOLIS-300x135.jpg 300w, https:\/\/focotocantinense.com.br\/wp-content\/uploads\/2024\/11\/SEMINARIO-DE-CULTURA-EM-TOCANTINOPOLIS-768x346.jpg 768w\" sizes=\"auto, (max-width: 848px) 100vw, 848px\" \/><\/figure>\n\n\n\n<p><\/p>\n\n\n\n<p>Coordenado pela Federa\u00e7\u00e3o Tocantinense de Artes C\u00eanicas (FETAC), o semin\u00e1rio ressaltou a import\u00e2ncia de fortalecer o di\u00e1logo entre a sociedade e o poder p\u00fablico, al\u00e9m de apresentar o Programa Nacional dos Comit\u00eas de Cultura (PNCC) \u00e0 regi\u00e3o Norte do estado. O encontro promoveu a integra\u00e7\u00e3o de agentes culturais e gestores locais, refor\u00e7ando o compromisso com o desenvolvimento de pol\u00edticas que atendam \u00e0s demandas das comunidades e fortale\u00e7am os territ\u00f3rios tradicionais.<\/p>\n\n\n\n<p><strong>Atividades e Destaques<\/strong><\/p>\n\n\n\n<p>O semin\u00e1rio teve in\u00edcio com uma solenidade de abertura que contou com a presen\u00e7a de membros do Comit\u00ea de Cultura, agentes culturais e autoridades locais. A noite de 21 de novembro foi marcada pela apresenta\u00e7\u00e3o do espet\u00e1culo teatral&nbsp;<em>&#8220;Vozes Negras: Arte que Resiste&#8221;<\/em>, da Companhia de Teatro e Dan\u00e7a Arte Livre (CIATDAL). Em seguida, palestras e mesas redondas abordaram temas como os componentes do Sistema Nacional de Cultura e a integra\u00e7\u00e3o entre comunidades tradicionais e universidades na defesa de territ\u00f3rios ancestrais.<\/p>\n\n\n\n<p>No dia 22, os participantes puderam se engajar em uma oficina pr\u00e1tica ministrada por Luiz Navarro, focada no desenvolvimento de projetos culturais. A oficina, que teve como inscri\u00e7\u00e3o a doa\u00e7\u00e3o de 1kg de alimento n\u00e3o perec\u00edvel, refor\u00e7ou o compromisso do evento com a responsabilidade social, destinando os alimentos arrecadados a a\u00e7\u00f5es comunit\u00e1rias realizadas em parceria com o Comit\u00ea de Cultura.<\/p>\n\n\n\n<figure class=\"wp-block-image size-large\"><img loading=\"lazy\" decoding=\"async\" width=\"1024\" height=\"768\" src=\"https:\/\/focotocantinense.com.br\/wp-content\/uploads\/2024\/11\/2-Fala-do-Cicero-Belem-do-Ministerio-da-Cultura-1024x768.jpeg\" alt=\"\" class=\"wp-image-8983\" srcset=\"https:\/\/focotocantinense.com.br\/wp-content\/uploads\/2024\/11\/2-Fala-do-Cicero-Belem-do-Ministerio-da-Cultura-1024x768.jpeg 1024w, https:\/\/focotocantinense.com.br\/wp-content\/uploads\/2024\/11\/2-Fala-do-Cicero-Belem-do-Ministerio-da-Cultura-300x225.jpeg 300w, https:\/\/focotocantinense.com.br\/wp-content\/uploads\/2024\/11\/2-Fala-do-Cicero-Belem-do-Ministerio-da-Cultura-768x576.jpeg 768w, https:\/\/focotocantinense.com.br\/wp-content\/uploads\/2024\/11\/2-Fala-do-Cicero-Belem-do-Ministerio-da-Cultura-1536x1152.jpeg 1536w, https:\/\/focotocantinense.com.br\/wp-content\/uploads\/2024\/11\/2-Fala-do-Cicero-Belem-do-Ministerio-da-Cultura.jpeg 1600w\" sizes=\"auto, (max-width: 1024px) 100vw, 1024px\" \/><\/figure>\n\n\n\n<p><\/p>\n\n\n\n<p><strong>Impactos e Participa\u00e7\u00e3o<\/strong><\/p>\n\n\n\n<p>O evento contou com um p\u00fablico ativamente participativo nas discuss\u00f5es e atividades propostas. Representantes de quilombos, aldeias ind\u00edgenas e da UFNT trouxeram contribui\u00e7\u00f5es valiosas para as mesas de debate, promovendo a troca de experi\u00eancias e perspectivas culturais.<\/p>\n\n\n\n<p>Augusto Rocha, membro do Comit\u00ea de Cultura, destacou o impacto transformador do contato direto com as comunidades presentes no semin\u00e1rio. \u201cGente, aprendi demais sobre os povos origin\u00e1rios. Olhar de perto \u00e9 muito mais interessante que ouvir m\u00eddia ou terceiros\u201d, afirmou, refor\u00e7ando a import\u00e2ncia de espa\u00e7os que permitam o di\u00e1logo e a troca de experi\u00eancias aut\u00eanticas entre diferentes culturas e saberes.<\/p>\n\n\n\n<p>Com o encerramento do semin\u00e1rio e a entrega de certificados, o Comit\u00ea de Cultura reafirmou seu papel como articulador e impulsionador de iniciativas culturais em todo o Tocantins. Ao longo dos \u00faltimos meses, encontros semelhantes foram realizados em Gurupi e Dian\u00f3polis, fortalecendo o Programa Nacional dos Comit\u00eas de Cultura e a parceria com o Minist\u00e9rio da Cultura (MinC).<\/p>\n\n\n\n<p><strong>Compromisso com o Futuro<\/strong><\/p>\n\n\n\n<p>Com a\u00e7\u00f5es planejadas para continuar expandindo o PNCC no estado, a Federa\u00e7\u00e3o Tocantinense de Artes C\u00eanicas, em parceria com a Associa\u00e7\u00e3o Gurupiense de Artes\u00e3os (AGA) e o Instituto Social e Cultural Araguaia (ISCA), seguir\u00e1 promovendo eventos e atividades que coloquem a cultura como eixo central do desenvolvimento social e econ\u00f4mico.<\/p>\n\n\n\n<p><strong>Sobre o Comit\u00ea de Cultura<\/strong><\/p>\n\n\n\n<p>O Comit\u00ea de Cultura no Tocantins \u00e9 resultado de uma parceria entre a Federa\u00e7\u00e3o Tocantinense de Artes C\u00eanicas (FETAC), a Associa\u00e7\u00e3o Gurupiense de Artes\u00e3os (AGA) e o Instituto Social Cultural Araguaia (ISCA). Com sede em Palmas, sob a coordena\u00e7\u00e3o geral de Kak\u00e1 Nogueira, Wanderson Ramos e uma equipe gestora, o comit\u00ea faz parte do Programa Nacional de Comit\u00eas de Cultura do Minist\u00e9rio da Cultura e conta com representa\u00e7\u00f5es regionais: uma em Gurupi, que cobre as regi\u00f5es sul e sudeste do estado, e outra em Aragua\u00edna, respons\u00e1vel pela atua\u00e7\u00e3o no norte do Tocantins.<\/p>\n\n\n\n<p><\/p>\n\n\n\n<figure class=\"wp-block-image size-full\"><img loading=\"lazy\" decoding=\"async\" width=\"843\" height=\"251\" src=\"https:\/\/focotocantinense.com.br\/wp-content\/uploads\/2024\/11\/VINI_181_282-1-6.jpg\" alt=\"\" class=\"wp-image-8981\" srcset=\"https:\/\/focotocantinense.com.br\/wp-content\/uploads\/2024\/11\/VINI_181_282-1-6.jpg 843w, https:\/\/focotocantinense.com.br\/wp-content\/uploads\/2024\/11\/VINI_181_282-1-6-300x89.jpg 300w, https:\/\/focotocantinense.com.br\/wp-content\/uploads\/2024\/11\/VINI_181_282-1-6-768x229.jpg 768w\" sizes=\"auto, (max-width: 843px) 100vw, 843px\" \/><\/figure>\n","protected":false},"excerpt":{"rendered":"<p>Por Rodrigo Martins O audit\u00f3rio da Universidade Federal do Norte do Tocantins (UFNT), em Tocantin\u00f3polis, foi o cen\u00e1rio de um encontro que mobilizou agentes culturais, gestores p\u00fablicos e comunidades locais no norte do estado. O&nbsp;3\u00ba Semin\u00e1rio de Pol\u00edticas Culturais, realizado pelo Comit\u00ea de Cultura no Tocantins, consolidou a discuss\u00e3o sobre pol\u00edticas culturais, promovendo o fortalecimento &hellip;<\/p>\n","protected":false},"author":5,"featured_media":8977,"comment_status":"open","ping_status":"open","sticky":false,"template":"","format":"standard","meta":{"footnotes":""},"categories":[87],"tags":[],"class_list":["post-8976","post","type-post","status-publish","format-standard","has-post-thumbnail","","category-tocantinopolis"],"_links":{"self":[{"href":"https:\/\/focotocantinense.com.br\/index.php?rest_route=\/wp\/v2\/posts\/8976","targetHints":{"allow":["GET"]}}],"collection":[{"href":"https:\/\/focotocantinense.com.br\/index.php?rest_route=\/wp\/v2\/posts"}],"about":[{"href":"https:\/\/focotocantinense.com.br\/index.php?rest_route=\/wp\/v2\/types\/post"}],"author":[{"embeddable":true,"href":"https:\/\/focotocantinense.com.br\/index.php?rest_route=\/wp\/v2\/users\/5"}],"replies":[{"embeddable":true,"href":"https:\/\/focotocantinense.com.br\/index.php?rest_route=%2Fwp%2Fv2%2Fcomments&post=8976"}],"version-history":[{"count":4,"href":"https:\/\/focotocantinense.com.br\/index.php?rest_route=\/wp\/v2\/posts\/8976\/revisions"}],"predecessor-version":[{"id":8984,"href":"https:\/\/focotocantinense.com.br\/index.php?rest_route=\/wp\/v2\/posts\/8976\/revisions\/8984"}],"wp:featuredmedia":[{"embeddable":true,"href":"https:\/\/focotocantinense.com.br\/index.php?rest_route=\/wp\/v2\/media\/8977"}],"wp:attachment":[{"href":"https:\/\/focotocantinense.com.br\/index.php?rest_route=%2Fwp%2Fv2%2Fmedia&parent=8976"}],"wp:term":[{"taxonomy":"category","embeddable":true,"href":"https:\/\/focotocantinense.com.br\/index.php?rest_route=%2Fwp%2Fv2%2Fcategories&post=8976"},{"taxonomy":"post_tag","embeddable":true,"href":"https:\/\/focotocantinense.com.br\/index.php?rest_route=%2Fwp%2Fv2%2Ftags&post=8976"}],"curies":[{"name":"wp","href":"https:\/\/api.w.org\/{rel}","templated":true}]}}