{"id":8970,"date":"2024-11-25T15:49:37","date_gmt":"2024-11-25T18:49:37","guid":{"rendered":"https:\/\/focotocantinense.com.br\/?p=8970"},"modified":"2024-11-25T15:52:09","modified_gmt":"2024-11-25T18:52:09","slug":"grande-promessa-da-voz-sertaneja-feminina-a-dupla-goiana-mikaely-e-poliany-lanca-o-hit-mulher-guerreira-do-novo-dvd-recomeco","status":"publish","type":"post","link":"https:\/\/focotocantinense.com.br\/?p=8970","title":{"rendered":"Grande promessa da voz sertaneja feminina, a dupla goiana Mikaely e Poliany lan\u00e7a o hit \u201cMulher Guerreira\u201d do novo DVD Recome\u00e7o"},"content":{"rendered":"\n<p>A dupla&nbsp; sertaneja Mikaely e Poliany marcou para o pr\u00f3ximo ddia 06 de dezembro o lan\u00e7amento da primeira musica do<strong>&nbsp;DVD Recome\u00e7o,&nbsp;&nbsp;<\/strong>\u2018Mulher Guerreira\u2019, um hino de supera\u00e7\u00e3o e for\u00e7a feminina.<\/p>\n\n\n\n<p>A for\u00e7a, a determina\u00e7\u00e3o e o amor que movem as mulheres brasileiras ganharam uma trilha sonora emocionante com a nova m\u00fasica de Mikaely e Poliany, \u201cMulher Guerreira\u201d. Com lan\u00e7amento oficial em todas as plataformas digitais no pr\u00f3ximo dia 06 de dezembro, a can\u00e7\u00e3o promete tocar o cora\u00e7\u00e3o de quem j\u00e1 enfrentou desafios e venceu com coragem.<\/p>\n\n\n\n<p>Conhecidas por suas letras sens\u00edveis e profundas, Mikaely e Poliany consolidam sua carreira como uma das principais vozes do sertanejo atual. Com \u201cMulher Guerreira\u201d, a dupla traz uma homenagem a hist\u00f3rias reais de supera\u00e7\u00e3o, especialmente as de m\u00e3es solo, mulheres que enfrentaram t\u00e9rminos dif\u00edceis e ainda encontram for\u00e7a para cuidar de si e realizar seus sonhos.<\/p>\n\n\n\n<p>\u201cEssa m\u00fasica nasceu de um desejo nosso de falar sobre mulheres que inspiram todos os dias, mesmo enfrentando tantas responsabilidades e desafios. \u00c9 um hino para aquelas que lutam, sonham e amam com toda a intensidade que a vida pede\u201d, conta Mikaely.<\/p>\n\n\n\n<p>Al\u00e9m da melodia cativante e da letra emocionante, \u201cMulher Guerreira\u201d ganha ainda mais for\u00e7a com seu videoclipe oficial, que ser\u00e1 lan\u00e7ado no mesmo dia. E toda campanha de lan\u00e7amento&nbsp; traz depoimentos reais e marcantes que ilustram a rotina de mulheres reais, com suas lutas e vit\u00f3rias cotidianas, refor\u00e7ando a mensagem de que cada mulher \u00e9 uma guerreira em sua jornada.<\/p>\n\n\n\n<figure class=\"wp-block-image size-large\"><img loading=\"lazy\" decoding=\"async\" width=\"1024\" height=\"1024\" src=\"https:\/\/focotocantinense.com.br\/wp-content\/uploads\/2024\/11\/1-mulher-cuerreira-1024x1024.jpeg\" alt=\"\" class=\"wp-image-8971\" srcset=\"https:\/\/focotocantinense.com.br\/wp-content\/uploads\/2024\/11\/1-mulher-cuerreira-1024x1024.jpeg 1024w, https:\/\/focotocantinense.com.br\/wp-content\/uploads\/2024\/11\/1-mulher-cuerreira-300x300.jpeg 300w, https:\/\/focotocantinense.com.br\/wp-content\/uploads\/2024\/11\/1-mulher-cuerreira-150x150.jpeg 150w, https:\/\/focotocantinense.com.br\/wp-content\/uploads\/2024\/11\/1-mulher-cuerreira-768x768.jpeg 768w, https:\/\/focotocantinense.com.br\/wp-content\/uploads\/2024\/11\/1-mulher-cuerreira.jpeg 1280w\" sizes=\"auto, (max-width: 1024px) 100vw, 1024px\" \/><\/figure>\n\n\n\n<p><\/p>\n\n\n\n<p><strong>A campanha \u201cMulher Guerreira\u201d<\/strong><\/p>\n\n\n\n<p>O lan\u00e7amento de \u201cMulher Guerreira\u201d ser\u00e1 acompanhado por uma campanha especial nas redes sociais da dupla. Com hist\u00f3rias reais de mulheres que enfrentaram e superaram desafios, Mikaely e Poliany convidam o p\u00fablico a participar desse movimento, compartilhando suas pr\u00f3prias jornadas e espalhando inspira\u00e7\u00e3o.<\/p>\n\n\n\n<p>\u201cQueremos que cada mulher se veja nessa m\u00fasica, que ela sinta que sua for\u00e7a \u00e9 reconhecida e celebrada,\u201d afirma Poliany.<\/p>\n\n\n\n<p>O pr\u00e9-save de \u201cMulher Guerreira\u201d j\u00e1 est\u00e1 dispon\u00edvel, permitindo que os f\u00e3s garantam acesso antecipado \u00e0 faixa no dia do lan\u00e7amento.<\/p>\n\n\n\n<p><strong>Sobre Mikaely e Poliany<\/strong><\/p>\n\n\n\n<p>A dupla Mikaely e Poliany \u00e9 destaque na nova gera\u00e7\u00e3o do sertanejo. Conhecidas por suas vozes marcantes e por abordarem temas profundos e emocionais em suas m\u00fasicas, elas v\u00eam conquistando o p\u00fablico em todo o Brasil. Com sucessos anteriores que j\u00e1 alcan\u00e7aram milhares de plays nas plataformas de streaming, as artistas continuam a inovar, trazendo ao sertanejo um olhar sens\u00edvel e moderno.<\/p>\n\n\n\n<figure class=\"wp-block-image size-large\"><img loading=\"lazy\" decoding=\"async\" width=\"1024\" height=\"1024\" src=\"https:\/\/focotocantinense.com.br\/wp-content\/uploads\/2024\/11\/462679662_18000190967678078_2264328987417590504_n-1024x1024.jpg\" alt=\"\" class=\"wp-image-8973\" srcset=\"https:\/\/focotocantinense.com.br\/wp-content\/uploads\/2024\/11\/462679662_18000190967678078_2264328987417590504_n-1024x1024.jpg 1024w, https:\/\/focotocantinense.com.br\/wp-content\/uploads\/2024\/11\/462679662_18000190967678078_2264328987417590504_n-300x300.jpg 300w, https:\/\/focotocantinense.com.br\/wp-content\/uploads\/2024\/11\/462679662_18000190967678078_2264328987417590504_n-150x150.jpg 150w, https:\/\/focotocantinense.com.br\/wp-content\/uploads\/2024\/11\/462679662_18000190967678078_2264328987417590504_n-768x768.jpg 768w, https:\/\/focotocantinense.com.br\/wp-content\/uploads\/2024\/11\/462679662_18000190967678078_2264328987417590504_n.jpg 1080w\" sizes=\"auto, (max-width: 1024px) 100vw, 1024px\" \/><\/figure>\n\n\n\n<p><\/p>\n\n\n\n<p><strong>SERVI\u00c7O<\/strong><\/p>\n\n\n\n<p><strong>O qu\u00ea&nbsp;<\/strong>&#8211; Lan\u00e7amento da m\u00fasica \u201cMulher Guerreira\u201d<\/p>\n\n\n\n<p><strong>Quando &#8211;&nbsp;<\/strong>&nbsp;06 de dezembro de 2024<\/p>\n\n\n\n<p><strong>Onde ouvir &#8211;&nbsp;<\/strong>Dispon\u00edvel em todas as plataformas digitais (Spotify, Deezer, YouTube Music, Apple Music e outras)<\/p>\n\n\n\n<figure class=\"wp-block-image size-full\"><img loading=\"lazy\" decoding=\"async\" width=\"843\" height=\"251\" src=\"https:\/\/focotocantinense.com.br\/wp-content\/uploads\/2024\/11\/VINI_181_282-1-5.jpg\" alt=\"\" class=\"wp-image-8944\" srcset=\"https:\/\/focotocantinense.com.br\/wp-content\/uploads\/2024\/11\/VINI_181_282-1-5.jpg 843w, https:\/\/focotocantinense.com.br\/wp-content\/uploads\/2024\/11\/VINI_181_282-1-5-300x89.jpg 300w, https:\/\/focotocantinense.com.br\/wp-content\/uploads\/2024\/11\/VINI_181_282-1-5-768x229.jpg 768w\" sizes=\"auto, (max-width: 843px) 100vw, 843px\" \/><\/figure>\n","protected":false},"excerpt":{"rendered":"<p>A dupla&nbsp; sertaneja Mikaely e Poliany marcou para o pr\u00f3ximo ddia 06 de dezembro o lan\u00e7amento da primeira musica do&nbsp;DVD Recome\u00e7o,&nbsp;&nbsp;\u2018Mulher Guerreira\u2019, um hino de supera\u00e7\u00e3o e for\u00e7a feminina. A for\u00e7a, a determina\u00e7\u00e3o e o amor que movem as mulheres brasileiras ganharam uma trilha sonora emocionante com a nova m\u00fasica de Mikaely e Poliany, \u201cMulher &hellip;<\/p>\n","protected":false},"author":5,"featured_media":8971,"comment_status":"open","ping_status":"open","sticky":false,"template":"","format":"standard","meta":{"footnotes":""},"categories":[104],"tags":[],"class_list":["post-8970","post","type-post","status-publish","format-standard","has-post-thumbnail","","category-cultura"],"_links":{"self":[{"href":"https:\/\/focotocantinense.com.br\/index.php?rest_route=\/wp\/v2\/posts\/8970","targetHints":{"allow":["GET"]}}],"collection":[{"href":"https:\/\/focotocantinense.com.br\/index.php?rest_route=\/wp\/v2\/posts"}],"about":[{"href":"https:\/\/focotocantinense.com.br\/index.php?rest_route=\/wp\/v2\/types\/post"}],"author":[{"embeddable":true,"href":"https:\/\/focotocantinense.com.br\/index.php?rest_route=\/wp\/v2\/users\/5"}],"replies":[{"embeddable":true,"href":"https:\/\/focotocantinense.com.br\/index.php?rest_route=%2Fwp%2Fv2%2Fcomments&post=8970"}],"version-history":[{"count":2,"href":"https:\/\/focotocantinense.com.br\/index.php?rest_route=\/wp\/v2\/posts\/8970\/revisions"}],"predecessor-version":[{"id":8975,"href":"https:\/\/focotocantinense.com.br\/index.php?rest_route=\/wp\/v2\/posts\/8970\/revisions\/8975"}],"wp:featuredmedia":[{"embeddable":true,"href":"https:\/\/focotocantinense.com.br\/index.php?rest_route=\/wp\/v2\/media\/8971"}],"wp:attachment":[{"href":"https:\/\/focotocantinense.com.br\/index.php?rest_route=%2Fwp%2Fv2%2Fmedia&parent=8970"}],"wp:term":[{"taxonomy":"category","embeddable":true,"href":"https:\/\/focotocantinense.com.br\/index.php?rest_route=%2Fwp%2Fv2%2Fcategories&post=8970"},{"taxonomy":"post_tag","embeddable":true,"href":"https:\/\/focotocantinense.com.br\/index.php?rest_route=%2Fwp%2Fv2%2Ftags&post=8970"}],"curies":[{"name":"wp","href":"https:\/\/api.w.org\/{rel}","templated":true}]}}