{"id":8966,"date":"2024-11-23T07:58:18","date_gmt":"2024-11-23T10:58:18","guid":{"rendered":"https:\/\/focotocantinense.com.br\/?p=8966"},"modified":"2024-11-23T08:00:11","modified_gmt":"2024-11-23T11:00:11","slug":"producao-audiovisual-conta-historias-de-indigenas-recem-declarados-no-tocantins","status":"publish","type":"post","link":"https:\/\/focotocantinense.com.br\/?p=8966","title":{"rendered":"Produ\u00e7\u00e3o audiovisual conta hist\u00f3rias de ind\u00edgenas rec\u00e9m-declarados no Tocantins"},"content":{"rendered":"\n<p>Ap\u00f3s mais de 10 meses intensos de produ\u00e7\u00e3o, que envolveu mais de 2.000 km percorridos, mais de 130 horas de grava\u00e7\u00e3o, visita a quatro comunidades ind\u00edgenas e sete loca\u00e7\u00f5es, o resultado da produ\u00e7\u00e3o audiovisual \u201cWewe: hist\u00f3rias de ind\u00edgenas rec\u00e9m-declarados sob o olhar do programa Mosaicos do Tocantins\u201d, da cineasta Mariah Soares, ser\u00e1 apresentado ao p\u00fablico com lan\u00e7amento oficial na pr\u00f3xima ter\u00e7a-feira, 26, \u00e0s 19 horas, no Cine Cultura, com entrada franca, em Palmas (TO).<\/p>\n\n\n\n<p>A webs\u00e9rie documental composta por cinco epis\u00f3dios revela as lutas, desafios e esperan\u00e7as dos povos Kanela, Atikum, Guarani Mbya e Pankararu, por meio de relatos impactantes de 19 ind\u00edgenas entrevistados, apresentando a resili\u00eancia de quem luta por reconhecimento e pela preserva\u00e7\u00e3o de sua identidade. Tamb\u00e9m se destaca a luta dos povos Kanela, Atikum, e Pankararu pela demarca\u00e7\u00e3o de seus territ\u00f3rios no Tocantins. J\u00e1 o povo Guarani Mbya vive com o povo Karaj\u00e1-Xambio\u00e1 em territ\u00f3rio demarcado, no norte do Tocantins.<\/p>\n\n\n\n<p>Al\u00e9m das equipes de dire\u00e7\u00e3o, produ\u00e7\u00e3o e grava\u00e7\u00e3o do Projeto, a solenidade de lan\u00e7amento contar\u00e1 com a presen\u00e7a de representantes das comunidades que foram entrevistadas, promovendo o di\u00e1logo e a conex\u00e3o entre ind\u00edgenas e n\u00e3o ind\u00edgenas.<\/p>\n\n\n\n<p>A cineasta Mariah Soares afirma que a proposta \u00e9 de trazer um olhar reflexivo sobre as viv\u00eancias cotidianas de ind\u00edgenas rec\u00e9m-declarados. \u201cWewe \u00e9 uma constata\u00e7\u00e3o da resist\u00eancia e da sabedoria desses povos. Eles enfrentaram e enfrentam persegui\u00e7\u00f5es e racismo ao longo de suas hist\u00f3rias, mas se mant\u00eam firmes, cheios de esperan\u00e7a e coragem. Os filmes s\u00e3o um espa\u00e7o para que suas vozes e identidades sejam finalmente reconhecidas e valorizadas\u201d, destaca Mariah Soares, que al\u00e9m da dire\u00e7\u00e3o-geral assina o roteiro do projeto.<\/p>\n\n\n\n<p><strong>Capta\u00e7\u00e3o e Hist\u00f3rias<\/strong><\/p>\n\n\n\n<p>Os document\u00e1rios incluem relatos emocionantes, como o do anci\u00e3o Joaquim Pereira Montel, conhecido como \u201cTio Joca\u201d, que compartilha mem\u00f3rias de uma longa caminhada em busca de um lugar para viver, e hist\u00f3rias de lideran\u00e7as como o cacique Arlindo Alexandrino de Souza e Ana Lu\u00edsa Ara\u00fajo, da aldeia Crim Patehi, em Lagoa da Confus\u00e3o\/TO.<\/p>\n\n\n\n<p>Para Mariah, o filme vai al\u00e9m da documenta\u00e7\u00e3o, mas um convite para conhecer hist\u00f3rias que revelam a for\u00e7a e a riqueza cultural dos povos ind\u00edgenas. \u201cEssas hist\u00f3rias s\u00e3o contadas pelos pr\u00f3prios protagonistas, que nos convidam a refletir sobre a import\u00e2ncia da preserva\u00e7\u00e3o de suas culturas e da ressignifica\u00e7\u00e3o de suas identidades\u201d, afirma.<\/p>\n\n\n\n<p>O&nbsp; t\u00edtulo da webs\u00e9rie, que significa &#8220;borboleta&#8221; em l\u00edngua ind\u00edgena Kanela, simboliza a transforma\u00e7\u00e3o e a resist\u00eancia desses povos. Para o consultor e produtor ind\u00edgena da webs\u00e9rie, C\u00e9lio Tork\u00e3 Kanela, o projeto \u00e9 um marco de visibilidade: \u201cA borboleta representa quem somos: um ser que passa por profundas transforma\u00e7\u00f5es e, no final, encanta e resiste. Os filmes trazem a ess\u00eancia de quem j\u00e1 estava aqui antes do Estado do Tocantins e luta para ser reconhecido\u201d, complementou.<\/p>\n\n\n\n<p><strong>Realiza\u00e7\u00e3o<\/strong><\/p>\n\n\n\n<p>A realiza\u00e7\u00e3o do programa Mosaicos do Tocantins, com dire\u00e7\u00e3o-geral, roteiro e entrevistas de Mariah Soares. O projeto \u00e9 patrocinado pelo edital 023-Audiovisual Tocantins, M\u00f3dulo III, da Lei Paulo Gustavo (LPG), via Secretaria Estadual de Cultura, do Governo do Estado do Tocantins. H\u00e1 ainda o apoio da Secretaria Estadual dos Povos Origin\u00e1rios e Tradicionais, Secretaria Estadual de Turismo, Secretaria Estadual de Cidadania e Justi\u00e7a, Secretaria da Pesca e Aquicultura.<\/p>\n\n\n\n<p><strong>Ficha t\u00e9cnica:<\/strong><\/p>\n\n\n\n<p>Realiza\u00e7\u00e3o: Programa Mosaico do Tocantins<\/p>\n\n\n\n<p>Argumento e Roteiros: Mariah Soares<\/p>\n\n\n\n<p>Dire\u00e7\u00e3o-Geral: Mariah Soares<\/p>\n\n\n\n<p>Pesquisas e consultoria ind\u00edgena: C\u00e9lio Tork\u00e3 Kanela<\/p>\n\n\n\n<p>Dire\u00e7\u00e3o de Fotografia: Franco Sehabra (Krah\u00f4 Films)<\/p>\n\n\n\n<p>Montagem e Color: Raphael Lima (Yupi Filmes)<\/p>\n\n\n\n<p>Coleta de Testemunhos: Mariah Soares<\/p>\n\n\n\n<p>Produ\u00e7\u00e3o Executiva: Andrea Lopes<\/p>\n\n\n\n<p>Assessoria de Imprensa: Cinthia Abreu<\/p>\n\n\n\n<p>Administra\u00e7\u00e3o e Presta\u00e7\u00e3o de Contas: Andrea Lopes e Cinthia Abreu<\/p>\n\n\n\n<p>Produ\u00e7\u00e3o: Marcos Kastro e Ana Cl\u00e1udia Cardoso<\/p>\n\n\n\n<p>Produ\u00e7\u00e3o Ind\u00edgena: Lorrayne Silva (Atikum), Ana Lu\u00edsa Souza (Kanela), Genildo (Pankararu) e Ivan Guarany Silva (Guarani MBYA).<\/p>\n\n\n\n<p>Redes Sociais: Samuel Soares<\/p>\n\n\n\n<p>Design Gr\u00e1fico: Cristiano Viana<\/p>\n\n\n\n<p>Tradu\u00e7\u00e3o em Libras: Roseane de Souza<\/p>\n\n\n\n<p>Medidas de Acessibilidade: Abreu 3X<\/p>\n\n\n\n<figure class=\"wp-block-image size-full\"><img loading=\"lazy\" decoding=\"async\" width=\"843\" height=\"251\" src=\"https:\/\/focotocantinense.com.br\/wp-content\/uploads\/2024\/11\/VINI_181_282-1-5.jpg\" alt=\"\" class=\"wp-image-8944\" srcset=\"https:\/\/focotocantinense.com.br\/wp-content\/uploads\/2024\/11\/VINI_181_282-1-5.jpg 843w, https:\/\/focotocantinense.com.br\/wp-content\/uploads\/2024\/11\/VINI_181_282-1-5-300x89.jpg 300w, https:\/\/focotocantinense.com.br\/wp-content\/uploads\/2024\/11\/VINI_181_282-1-5-768x229.jpg 768w\" sizes=\"auto, (max-width: 843px) 100vw, 843px\" \/><\/figure>\n","protected":false},"excerpt":{"rendered":"<p>Ap\u00f3s mais de 10 meses intensos de produ\u00e7\u00e3o, que envolveu mais de 2.000 km percorridos, mais de 130 horas de grava\u00e7\u00e3o, visita a quatro comunidades ind\u00edgenas e sete loca\u00e7\u00f5es, o resultado da produ\u00e7\u00e3o audiovisual \u201cWewe: hist\u00f3rias de ind\u00edgenas rec\u00e9m-declarados sob o olhar do programa Mosaicos do Tocantins\u201d, da cineasta Mariah Soares, ser\u00e1 apresentado ao p\u00fablico &hellip;<\/p>\n","protected":false},"author":5,"featured_media":8957,"comment_status":"open","ping_status":"open","sticky":false,"template":"","format":"standard","meta":{"footnotes":""},"categories":[104],"tags":[],"class_list":["post-8966","post","type-post","status-publish","format-standard","has-post-thumbnail","","category-cultura"],"_links":{"self":[{"href":"https:\/\/focotocantinense.com.br\/index.php?rest_route=\/wp\/v2\/posts\/8966","targetHints":{"allow":["GET"]}}],"collection":[{"href":"https:\/\/focotocantinense.com.br\/index.php?rest_route=\/wp\/v2\/posts"}],"about":[{"href":"https:\/\/focotocantinense.com.br\/index.php?rest_route=\/wp\/v2\/types\/post"}],"author":[{"embeddable":true,"href":"https:\/\/focotocantinense.com.br\/index.php?rest_route=\/wp\/v2\/users\/5"}],"replies":[{"embeddable":true,"href":"https:\/\/focotocantinense.com.br\/index.php?rest_route=%2Fwp%2Fv2%2Fcomments&post=8966"}],"version-history":[{"count":2,"href":"https:\/\/focotocantinense.com.br\/index.php?rest_route=\/wp\/v2\/posts\/8966\/revisions"}],"predecessor-version":[{"id":8969,"href":"https:\/\/focotocantinense.com.br\/index.php?rest_route=\/wp\/v2\/posts\/8966\/revisions\/8969"}],"wp:featuredmedia":[{"embeddable":true,"href":"https:\/\/focotocantinense.com.br\/index.php?rest_route=\/wp\/v2\/media\/8957"}],"wp:attachment":[{"href":"https:\/\/focotocantinense.com.br\/index.php?rest_route=%2Fwp%2Fv2%2Fmedia&parent=8966"}],"wp:term":[{"taxonomy":"category","embeddable":true,"href":"https:\/\/focotocantinense.com.br\/index.php?rest_route=%2Fwp%2Fv2%2Fcategories&post=8966"},{"taxonomy":"post_tag","embeddable":true,"href":"https:\/\/focotocantinense.com.br\/index.php?rest_route=%2Fwp%2Fv2%2Ftags&post=8966"}],"curies":[{"name":"wp","href":"https:\/\/api.w.org\/{rel}","templated":true}]}}