{"id":8942,"date":"2024-11-18T06:39:48","date_gmt":"2024-11-18T09:39:48","guid":{"rendered":"https:\/\/focotocantinense.com.br\/?p=8942"},"modified":"2024-11-18T06:42:58","modified_gmt":"2024-11-18T09:42:58","slug":"tocantinense-andre-goveia-e-empossado-na-academia-de-letras-e-artes-de-goias","status":"publish","type":"post","link":"https:\/\/focotocantinense.com.br\/?p=8942","title":{"rendered":"Tocantinense Andr\u00e9 Goveia \u00e9 empossado na Academia de Letras e Artes de Goi\u00e1s"},"content":{"rendered":"\n<p><strong>Por Zacarias Martins<\/strong><\/p>\n\n\n\n<p>O poeta e professor tocantinense, Andr\u00e9 Goveia, que tamb\u00e9m \u00e9 secret\u00e1rio de Educa\u00e7\u00e3o de Tocant\u00ednia, na regi\u00e3o central do Estado, tomou posse na Academia de Letras e Artes de Goi\u00e1s (ALG), em solenidade realizada no s\u00e1bado, dia 16, no audit\u00f3rio da Universidade Estadual de Goi\u00e1s (UEG) &#8211; Campus de Piren\u00f3polis. Na oportunidade, o escritor Alberto Pessoa assumiu como presidente da institui\u00e7\u00e3o.<\/p>\n\n\n\n<figure class=\"wp-block-image size-large is-resized\"><img loading=\"lazy\" decoding=\"async\" width=\"1024\" height=\"683\" src=\"https:\/\/focotocantinense.com.br\/wp-content\/uploads\/2024\/11\/2-Tocantinense-Andre-Goveia-e-empossado-na-Academia-de-Letras-e-Artes-de-Goias-1024x683.jpeg\" alt=\"\" class=\"wp-image-8947\" style=\"width:385px;height:auto\" srcset=\"https:\/\/focotocantinense.com.br\/wp-content\/uploads\/2024\/11\/2-Tocantinense-Andre-Goveia-e-empossado-na-Academia-de-Letras-e-Artes-de-Goias-1024x683.jpeg 1024w, https:\/\/focotocantinense.com.br\/wp-content\/uploads\/2024\/11\/2-Tocantinense-Andre-Goveia-e-empossado-na-Academia-de-Letras-e-Artes-de-Goias-300x200.jpeg 300w, https:\/\/focotocantinense.com.br\/wp-content\/uploads\/2024\/11\/2-Tocantinense-Andre-Goveia-e-empossado-na-Academia-de-Letras-e-Artes-de-Goias-768x512.jpeg 768w, https:\/\/focotocantinense.com.br\/wp-content\/uploads\/2024\/11\/2-Tocantinense-Andre-Goveia-e-empossado-na-Academia-de-Letras-e-Artes-de-Goias.jpeg 1279w\" sizes=\"auto, (max-width: 1024px) 100vw, 1024px\" \/><\/figure>\n\n\n\n<p><\/p>\n\n\n\n<p><strong>Reconhecimento p\u00fablico<\/strong><br>Andr\u00e9 Goveia disse que o seu ingresso na ALG \u00e9 a coroa\u00e7\u00e3o da sua trajet\u00f3ria liter\u00e1ria. \u201cTrata-se de um reconhecimento p\u00fablico inestim\u00e1vel, especialmente por ocorrer al\u00e9m das fronteiras do Estado do Tocantins, onde resido. Sinto-me honrado por ter sido eleito para ingressa nessa conceituada academia de letras que vem prestando um relevante servi\u00e7o no fomento liter\u00e1rio no Estado de Goi\u00e1s\u201d, destacou Goveia.<\/p>\n\n\n\n<figure class=\"wp-block-image size-large\"><img loading=\"lazy\" decoding=\"async\" width=\"1024\" height=\"682\" src=\"https:\/\/focotocantinense.com.br\/wp-content\/uploads\/2024\/11\/1-Tocantinense-Andre-Goveia-e-empossado-na-Academia-de-Letras-e-Artes-de-Goias-1024x682.jpeg\" alt=\"\" class=\"wp-image-8943\" srcset=\"https:\/\/focotocantinense.com.br\/wp-content\/uploads\/2024\/11\/1-Tocantinense-Andre-Goveia-e-empossado-na-Academia-de-Letras-e-Artes-de-Goias-1024x682.jpeg 1024w, https:\/\/focotocantinense.com.br\/wp-content\/uploads\/2024\/11\/1-Tocantinense-Andre-Goveia-e-empossado-na-Academia-de-Letras-e-Artes-de-Goias-300x200.jpeg 300w, https:\/\/focotocantinense.com.br\/wp-content\/uploads\/2024\/11\/1-Tocantinense-Andre-Goveia-e-empossado-na-Academia-de-Letras-e-Artes-de-Goias-768x512.jpeg 768w, https:\/\/focotocantinense.com.br\/wp-content\/uploads\/2024\/11\/1-Tocantinense-Andre-Goveia-e-empossado-na-Academia-de-Letras-e-Artes-de-Goias-310x205.jpeg 310w, https:\/\/focotocantinense.com.br\/wp-content\/uploads\/2024\/11\/1-Tocantinense-Andre-Goveia-e-empossado-na-Academia-de-Letras-e-Artes-de-Goias.jpeg 1280w\" sizes=\"auto, (max-width: 1024px) 100vw, 1024px\" \/><\/figure>\n\n\n\n<p><\/p>\n\n\n\n<p><strong>Credenciais do novo imortal da ALG<\/strong><br>Natural de Tocant\u00ednia, Andr\u00e9 Goveia \u00e9 escritor, poeta, professor de carreira da rede estadual, professor na Universidade da Maturidade (UFT\/UMA), pedagogo, especialista em Gest\u00e3o Educacional e Metodologias de Ensino, licenciado em Letras, Mestrando em Educa\u00e7\u00e3o. Tamb\u00e9m \u00e9 Articulador Municipal do Selo Unicef. \u00c9 secret\u00e1rio municipal de Educa\u00e7\u00e3o de Tocant\u00ednia, membro correspondente da Academia Gurupiense de Letras (AGL), da Academia Paraisense de Letras (APL) e da Academia de Letras de Aragua\u00edna (Acalanto).<\/p>\n\n\n\n<p>Participou do Anu\u00e1rio de Poetas e Escritores do Tocantins, nas edi\u00e7\u00f5es de 2016, 2017, 2018 e 2019, bem como, da Antologia Veloso \u2013 2020. Tamb\u00e9m est\u00e1 presente na colet\u00e2nea Literatura Tocantinense (2020), organizada pelo professor Pedro Albeirice da Rocha.<\/p>\n\n\n\n<p>Goveia \u00e9 autor de seis livros individuais no g\u00eanero poesia, sendo eles: Recitando a Vida (2018), Poesias da Vida (2019), Hoje \u00e9 dia de Poesia (2020), Poetizando Vidas (2021). Versos M\u00e1gicos e<br>Al\u00e9m de Capim Dourado Po\u00e9tico (2024), todos publicados pela Editora Veloso, de Gurupi.<\/p>\n\n\n\n<figure class=\"wp-block-image size-full\"><img loading=\"lazy\" decoding=\"async\" width=\"843\" height=\"251\" src=\"https:\/\/focotocantinense.com.br\/wp-content\/uploads\/2024\/11\/VINI_181_282-1-5.jpg\" alt=\"\" class=\"wp-image-8944\" srcset=\"https:\/\/focotocantinense.com.br\/wp-content\/uploads\/2024\/11\/VINI_181_282-1-5.jpg 843w, https:\/\/focotocantinense.com.br\/wp-content\/uploads\/2024\/11\/VINI_181_282-1-5-300x89.jpg 300w, https:\/\/focotocantinense.com.br\/wp-content\/uploads\/2024\/11\/VINI_181_282-1-5-768x229.jpg 768w\" sizes=\"auto, (max-width: 843px) 100vw, 843px\" \/><\/figure>\n","protected":false},"excerpt":{"rendered":"<p>Por Zacarias Martins O poeta e professor tocantinense, Andr\u00e9 Goveia, que tamb\u00e9m \u00e9 secret\u00e1rio de Educa\u00e7\u00e3o de Tocant\u00ednia, na regi\u00e3o central do Estado, tomou posse na Academia de Letras e Artes de Goi\u00e1s (ALG), em solenidade realizada no s\u00e1bado, dia 16, no audit\u00f3rio da Universidade Estadual de Goi\u00e1s (UEG) &#8211; Campus de Piren\u00f3polis. Na oportunidade, &hellip;<\/p>\n","protected":false},"author":5,"featured_media":8943,"comment_status":"open","ping_status":"open","sticky":false,"template":"","format":"standard","meta":{"footnotes":""},"categories":[78],"tags":[],"class_list":["post-8942","post","type-post","status-publish","format-standard","has-post-thumbnail","","category-tocantinia"],"_links":{"self":[{"href":"https:\/\/focotocantinense.com.br\/index.php?rest_route=\/wp\/v2\/posts\/8942","targetHints":{"allow":["GET"]}}],"collection":[{"href":"https:\/\/focotocantinense.com.br\/index.php?rest_route=\/wp\/v2\/posts"}],"about":[{"href":"https:\/\/focotocantinense.com.br\/index.php?rest_route=\/wp\/v2\/types\/post"}],"author":[{"embeddable":true,"href":"https:\/\/focotocantinense.com.br\/index.php?rest_route=\/wp\/v2\/users\/5"}],"replies":[{"embeddable":true,"href":"https:\/\/focotocantinense.com.br\/index.php?rest_route=%2Fwp%2Fv2%2Fcomments&post=8942"}],"version-history":[{"count":4,"href":"https:\/\/focotocantinense.com.br\/index.php?rest_route=\/wp\/v2\/posts\/8942\/revisions"}],"predecessor-version":[{"id":8950,"href":"https:\/\/focotocantinense.com.br\/index.php?rest_route=\/wp\/v2\/posts\/8942\/revisions\/8950"}],"wp:featuredmedia":[{"embeddable":true,"href":"https:\/\/focotocantinense.com.br\/index.php?rest_route=\/wp\/v2\/media\/8943"}],"wp:attachment":[{"href":"https:\/\/focotocantinense.com.br\/index.php?rest_route=%2Fwp%2Fv2%2Fmedia&parent=8942"}],"wp:term":[{"taxonomy":"category","embeddable":true,"href":"https:\/\/focotocantinense.com.br\/index.php?rest_route=%2Fwp%2Fv2%2Fcategories&post=8942"},{"taxonomy":"post_tag","embeddable":true,"href":"https:\/\/focotocantinense.com.br\/index.php?rest_route=%2Fwp%2Fv2%2Ftags&post=8942"}],"curies":[{"name":"wp","href":"https:\/\/api.w.org\/{rel}","templated":true}]}}