{"id":8933,"date":"2024-11-16T08:47:29","date_gmt":"2024-11-16T11:47:29","guid":{"rendered":"https:\/\/focotocantinense.com.br\/?p=8933"},"modified":"2024-11-16T08:47:30","modified_gmt":"2024-11-16T11:47:30","slug":"na-abertura-de-seminario-da-primeira-infancia-governador-wanderlei-barbosa-anuncia-bonificacao-salarial-para-servidores-de-39-escolas-estaduais","status":"publish","type":"post","link":"https:\/\/focotocantinense.com.br\/?p=8933","title":{"rendered":"Na abertura de semin\u00e1rio da Primeira Inf\u00e2ncia, governador Wanderlei Barbosa anuncia bonifica\u00e7\u00e3o salarial para servidores de 39 escolas estaduais"},"content":{"rendered":"\n<p><em>Semin\u00e1rio iniciado nesta ter\u00e7a-feira, 12, em Palmas, discute a promo\u00e7\u00e3o dos direitos das crian\u00e7as de 0 a 6 anos no territ\u00f3rio do Tocantins<\/em><\/p>\n\n\n\n<p><strong>Ivan Trindade\/Governo do Tocantins<\/strong><\/p>\n\n\n\n<p>O governador do Tocantins, Wanderlei Barbosa, abriu nesta ter\u00e7a-feira, 12, o 1\u00b0 Semin\u00e1rio Intersetorial da Primeira Inf\u00e2ncia. Durante o evento, que segue at\u00e9 esta quarta-feira, 13, e ocorre no audit\u00f3rio do Col\u00e9gio Militar do Estado do Tocantins Ant\u00f4nio Luiz Maya, em Palmas, o chefe do Executivo, acompanhado da primeira-dama e secret\u00e1ria extraordin\u00e1ria de Participa\u00e7\u00f5es Sociais, Karynne Sotero, anunciou a publica\u00e7\u00e3o no Di\u00e1rio Oficial do Estado (DOE) desta ter\u00e7a-feira, a premia\u00e7\u00e3o que ser\u00e1 destinada a 39 escolas estaduais. O pr\u00eamio \u00e9 pelo reconhecimento das boas pr\u00e1ticas que avaliam o n\u00edvel do ensino e a atua\u00e7\u00e3o das unidades escolares.&nbsp;<\/p>\n\n\n\n<figure class=\"wp-block-image size-large is-resized\"><img loading=\"lazy\" decoding=\"async\" width=\"1024\" height=\"585\" src=\"https:\/\/focotocantinense.com.br\/wp-content\/uploads\/2024\/11\/F2-Acompanhado-da-primeira-dama-Karynne-Sotero-governador-Wanderlei-Barbosa-destaca-o-compromisso-do-Governo-do-Tocantins-com-a-primeira-infancia-foto-Aldemar-Ribeiro-1024x585.jpg\" alt=\"\" class=\"wp-image-8934\" style=\"width:359px;height:auto\" srcset=\"https:\/\/focotocantinense.com.br\/wp-content\/uploads\/2024\/11\/F2-Acompanhado-da-primeira-dama-Karynne-Sotero-governador-Wanderlei-Barbosa-destaca-o-compromisso-do-Governo-do-Tocantins-com-a-primeira-infancia-foto-Aldemar-Ribeiro-1024x585.jpg 1024w, https:\/\/focotocantinense.com.br\/wp-content\/uploads\/2024\/11\/F2-Acompanhado-da-primeira-dama-Karynne-Sotero-governador-Wanderlei-Barbosa-destaca-o-compromisso-do-Governo-do-Tocantins-com-a-primeira-infancia-foto-Aldemar-Ribeiro-300x171.jpg 300w, https:\/\/focotocantinense.com.br\/wp-content\/uploads\/2024\/11\/F2-Acompanhado-da-primeira-dama-Karynne-Sotero-governador-Wanderlei-Barbosa-destaca-o-compromisso-do-Governo-do-Tocantins-com-a-primeira-infancia-foto-Aldemar-Ribeiro-768x439.jpg 768w, https:\/\/focotocantinense.com.br\/wp-content\/uploads\/2024\/11\/F2-Acompanhado-da-primeira-dama-Karynne-Sotero-governador-Wanderlei-Barbosa-destaca-o-compromisso-do-Governo-do-Tocantins-com-a-primeira-infancia-foto-Aldemar-Ribeiro-1536x878.jpg 1536w, https:\/\/focotocantinense.com.br\/wp-content\/uploads\/2024\/11\/F2-Acompanhado-da-primeira-dama-Karynne-Sotero-governador-Wanderlei-Barbosa-destaca-o-compromisso-do-Governo-do-Tocantins-com-a-primeira-infancia-foto-Aldemar-Ribeiro-2048x1170.jpg 2048w\" sizes=\"auto, (max-width: 1024px) 100vw, 1024px\" \/><\/figure>\n\n\n\n<p>&#8220;Cuidar bem da primeira inf\u00e2ncia n\u00e3o \u00e9 uma responsabilidade s\u00f3 do munic\u00edpio, mas tamb\u00e9m do Governo do Estado, dos nossos secret\u00e1rios e dos assistentes sociais. Devemos cada vez mais, de forma descentralizada, assegurar que essa boa integra\u00e7\u00e3o ocorra em todas as regi\u00f5es do Tocantins. Al\u00e9m de oferecer uma boa educa\u00e7\u00e3o, tratando bem as nossas crian\u00e7as e os nossos adolescentes, n\u00f3s tamb\u00e9m temos que fazer uma boa rela\u00e7\u00e3o com os nossos mestres, merendeiras, vigias e todos que atuam nas unidades de ensino, inclusive os reconhecendo quando estes demonstram boas pr\u00e1ticas com resultados&#8221;, destacou o governador Wanderlei Barbosa.&nbsp;<\/p>\n\n\n\n<figure class=\"wp-block-image size-large is-resized\"><img loading=\"lazy\" decoding=\"async\" width=\"1024\" height=\"585\" src=\"https:\/\/focotocantinense.com.br\/wp-content\/uploads\/2024\/11\/F1-O-governador-Wanderlei-Barbosa-abre-o-I-Seminario-Intersetorial-da-Primeira-Infancia-ressaltando-a-importancia-do-cuidado-com-as-criancas-de-0-a-6-anos-foto-Aldemar-Ribeiro-1024x585.jpg\" alt=\"\" class=\"wp-image-8935\" style=\"width:375px;height:auto\" srcset=\"https:\/\/focotocantinense.com.br\/wp-content\/uploads\/2024\/11\/F1-O-governador-Wanderlei-Barbosa-abre-o-I-Seminario-Intersetorial-da-Primeira-Infancia-ressaltando-a-importancia-do-cuidado-com-as-criancas-de-0-a-6-anos-foto-Aldemar-Ribeiro-1024x585.jpg 1024w, https:\/\/focotocantinense.com.br\/wp-content\/uploads\/2024\/11\/F1-O-governador-Wanderlei-Barbosa-abre-o-I-Seminario-Intersetorial-da-Primeira-Infancia-ressaltando-a-importancia-do-cuidado-com-as-criancas-de-0-a-6-anos-foto-Aldemar-Ribeiro-300x171.jpg 300w, https:\/\/focotocantinense.com.br\/wp-content\/uploads\/2024\/11\/F1-O-governador-Wanderlei-Barbosa-abre-o-I-Seminario-Intersetorial-da-Primeira-Infancia-ressaltando-a-importancia-do-cuidado-com-as-criancas-de-0-a-6-anos-foto-Aldemar-Ribeiro-768x439.jpg 768w, https:\/\/focotocantinense.com.br\/wp-content\/uploads\/2024\/11\/F1-O-governador-Wanderlei-Barbosa-abre-o-I-Seminario-Intersetorial-da-Primeira-Infancia-ressaltando-a-importancia-do-cuidado-com-as-criancas-de-0-a-6-anos-foto-Aldemar-Ribeiro-1536x878.jpg 1536w, https:\/\/focotocantinense.com.br\/wp-content\/uploads\/2024\/11\/F1-O-governador-Wanderlei-Barbosa-abre-o-I-Seminario-Intersetorial-da-Primeira-Infancia-ressaltando-a-importancia-do-cuidado-com-as-criancas-de-0-a-6-anos-foto-Aldemar-Ribeiro-2048x1170.jpg 2048w\" sizes=\"auto, (max-width: 1024px) 100vw, 1024px\" \/><\/figure>\n\n\n\n<p>O Semin\u00e1rio Intersetorial da Primeira Inf\u00e2ncia comp\u00f5e as estrat\u00e9gias de implementa\u00e7\u00e3o da Pol\u00edtica Estadual da Primeira Inf\u00e2ncia, articuladas ao programa&nbsp;<em>Alfabetiza Mais Tocantins<\/em>&nbsp;e em regime de colabora\u00e7\u00e3o com os 139 munic\u00edpios. &#8220;Com a\u00e7\u00f5es como essa, asseguramos o nosso olhar especial com a primeira inf\u00e2ncia, que est\u00e1 na rede municipal, e mesmo assim o Estado n\u00e3o poderia deixar de apoiar. \u00c9 nessa fase que as crian\u00e7as absorvem mais, que o c\u00e9rebro absorve melhor. Ent\u00e3o, a gente precisa ter aten\u00e7\u00e3o com esse momento e, aqui, estamos repassando informa\u00e7\u00f5es, fazendo o reconhecimento e incentivando as boas pr\u00e1ticas, trabalhando com os munic\u00edpios&#8221;, pontuou o secret\u00e1rio de Estado da Educa\u00e7\u00e3o, F\u00e1bio Vaz.<\/p>\n\n\n\n<figure class=\"wp-block-image size-large is-resized\"><img loading=\"lazy\" decoding=\"async\" width=\"1024\" height=\"585\" src=\"https:\/\/focotocantinense.com.br\/wp-content\/uploads\/2024\/11\/F3-Secretario-da-Educacao-do-Tocantins-SEDUC-TO-Fabio-Vaz-foto-Aldemar-Ribeiro-Governo-do-Tocantins-1024x585.jpg\" alt=\"\" class=\"wp-image-8936\" style=\"width:376px;height:auto\" srcset=\"https:\/\/focotocantinense.com.br\/wp-content\/uploads\/2024\/11\/F3-Secretario-da-Educacao-do-Tocantins-SEDUC-TO-Fabio-Vaz-foto-Aldemar-Ribeiro-Governo-do-Tocantins-1024x585.jpg 1024w, https:\/\/focotocantinense.com.br\/wp-content\/uploads\/2024\/11\/F3-Secretario-da-Educacao-do-Tocantins-SEDUC-TO-Fabio-Vaz-foto-Aldemar-Ribeiro-Governo-do-Tocantins-300x171.jpg 300w, https:\/\/focotocantinense.com.br\/wp-content\/uploads\/2024\/11\/F3-Secretario-da-Educacao-do-Tocantins-SEDUC-TO-Fabio-Vaz-foto-Aldemar-Ribeiro-Governo-do-Tocantins-768x439.jpg 768w, https:\/\/focotocantinense.com.br\/wp-content\/uploads\/2024\/11\/F3-Secretario-da-Educacao-do-Tocantins-SEDUC-TO-Fabio-Vaz-foto-Aldemar-Ribeiro-Governo-do-Tocantins-1536x878.jpg 1536w, https:\/\/focotocantinense.com.br\/wp-content\/uploads\/2024\/11\/F3-Secretario-da-Educacao-do-Tocantins-SEDUC-TO-Fabio-Vaz-foto-Aldemar-Ribeiro-Governo-do-Tocantins-2048x1170.jpg 2048w\" sizes=\"auto, (max-width: 1024px) 100vw, 1024px\" \/><\/figure>\n\n\n\n<p>Para o fortalecimento desse projeto, a iniciativa conta com a colabora\u00e7\u00e3o da Secretaria de Estado da Cidadania e Justi\u00e7a (Seciju); da Secretaria de Estado do Trabalho e Desenvolvimento Social (Setas); do Centro de Apoio Operacional da Inf\u00e2ncia, Juventude e Educa\u00e7\u00e3o do Minist\u00e9rio P\u00fablico (Caopije); da Superintend\u00eancia de Pol\u00edticas Educacionais e do Centro Universit\u00e1rio Luterano de Palmas (Ceulp\/Ulbra). &#8220;Estamos cientes de que a uni\u00e3o das pastas que comp\u00f5em o Governo do Tocantins sempre resulta em bons resultados. Nesse vi\u00e9s, temos intensificado a\u00e7\u00f5es para acolher e proteger todas as nossas crian\u00e7as, com as nossas equipes por todo o Tocantins&#8221;, ressaltou o titular da Seciju, Deusiano Amorim.<\/p>\n\n\n\n<p><strong>Premia\u00e7\u00e3o para escolas estaduais<\/strong><\/p>\n\n\n\n<p>Ap\u00f3s o fim da programa\u00e7\u00e3o matutina do semin\u00e1rio, o governador Wanderlei Barbosa anunciou que ser\u00e1 publicado na edi\u00e7\u00e3o do Di\u00e1rio Oficial do Estado (DOE) desta ter\u00e7a-feira, 12, o resultado de uma premia\u00e7\u00e3o que ser\u00e1 destinada a 39 escolas estaduais. O pr\u00eamio \u00e9 pelo reconhecimento das boas pr\u00e1ticas que avaliam o n\u00edvel do ensino e a atua\u00e7\u00e3o das unidades escolares. Os col\u00e9gios que ficarem em 1\u00ba lugar nos munic\u00edpios, receber\u00e3o todos os funcion\u00e1rios e servidores um sal\u00e1rio adicional; j\u00e1 os que ficarem em 2\u00ba lugar, receber\u00e3o um adicional de 50% do sal\u00e1rio. Por fim, os que ficarem em 3\u00ba lugar, todo o corpo da unidade receber\u00e1 um adicional de 25% do sal\u00e1rio.<\/p>\n\n\n\n<figure class=\"wp-block-image size-large\"><img loading=\"lazy\" decoding=\"async\" width=\"1024\" height=\"585\" src=\"https:\/\/focotocantinense.com.br\/wp-content\/uploads\/2024\/11\/F8-Apresentacoes-culturais-na-abertura-do-Primeiro-Seminario-da-Primeira-Infancia-foto-Aldemar-Ribeiro-Governo-do-Tocantins-1024x585.jpg\" alt=\"\" class=\"wp-image-8937\" srcset=\"https:\/\/focotocantinense.com.br\/wp-content\/uploads\/2024\/11\/F8-Apresentacoes-culturais-na-abertura-do-Primeiro-Seminario-da-Primeira-Infancia-foto-Aldemar-Ribeiro-Governo-do-Tocantins-1024x585.jpg 1024w, https:\/\/focotocantinense.com.br\/wp-content\/uploads\/2024\/11\/F8-Apresentacoes-culturais-na-abertura-do-Primeiro-Seminario-da-Primeira-Infancia-foto-Aldemar-Ribeiro-Governo-do-Tocantins-300x171.jpg 300w, https:\/\/focotocantinense.com.br\/wp-content\/uploads\/2024\/11\/F8-Apresentacoes-culturais-na-abertura-do-Primeiro-Seminario-da-Primeira-Infancia-foto-Aldemar-Ribeiro-Governo-do-Tocantins-768x439.jpg 768w, https:\/\/focotocantinense.com.br\/wp-content\/uploads\/2024\/11\/F8-Apresentacoes-culturais-na-abertura-do-Primeiro-Seminario-da-Primeira-Infancia-foto-Aldemar-Ribeiro-Governo-do-Tocantins-1536x878.jpg 1536w, https:\/\/focotocantinense.com.br\/wp-content\/uploads\/2024\/11\/F8-Apresentacoes-culturais-na-abertura-do-Primeiro-Seminario-da-Primeira-Infancia-foto-Aldemar-Ribeiro-Governo-do-Tocantins-2048x1170.jpg 2048w\" sizes=\"auto, (max-width: 1024px) 100vw, 1024px\" \/><\/figure>\n\n\n\n<p>Nessa segunda-feira, 11, o Governo do Tocantins divulgou o resultado do Pr\u00eamio do Programa de Fortalecimento da Educa\u00e7\u00e3o (Profe) nos munic\u00edpios. Foram premiadas 39 escolas municipais de 25 munic\u00edpios tocantinenses. Cada unidade escolar receber\u00e1 R$ 250 mil, valor a ser destinado exclusivamente para obras e reformas na infraestrutura escolar. A cerim\u00f4nia de premia\u00e7\u00e3o ocorrer\u00e1 no m\u00eas de dezembro, em Palmas.<\/p>\n\n\n\n<p><strong>Participa\u00e7\u00e3o dos munic\u00edpios<\/strong><\/p>\n\n\n\n<p>A diretora da Pr\u00e9-Escola Municipal Sossego da Mam\u00e3e, de Itapiratins, Wilna de Sousa, enfatizou que, com o evento, poder\u00e1 levar resultados positivos para sua cidade. &#8220;Semin\u00e1rios como esses s\u00e3o necess\u00e1rios para n\u00f3s educadores. E quando se trata da primeira inf\u00e2ncia, que abrange as pr\u00e9-escolas e creches, n\u00f3s somos carentes de atitudes e novos h\u00e1bitos que tenham bons efeitos no desenvolvimento das crian\u00e7as&#8221;, pontuou.<\/p>\n\n\n\n\n\n<figure class=\"wp-block-image size-large is-resized\"><img loading=\"lazy\" decoding=\"async\" width=\"1024\" height=\"585\" src=\"https:\/\/focotocantinense.com.br\/wp-content\/uploads\/2024\/11\/F5-A-diretora-Wilna-de-Sousa-destaca-a-importancia-de-iniciativas-como-o-seminario-para-fortalecer-a-educacao-infantil-nos-municipios-foto-Aldemar-Ribeiro-Governo-do-Tocantins-1024x585.jpg\" alt=\"\" class=\"wp-image-8938\" style=\"width:242px;height:auto\" srcset=\"https:\/\/focotocantinense.com.br\/wp-content\/uploads\/2024\/11\/F5-A-diretora-Wilna-de-Sousa-destaca-a-importancia-de-iniciativas-como-o-seminario-para-fortalecer-a-educacao-infantil-nos-municipios-foto-Aldemar-Ribeiro-Governo-do-Tocantins-1024x585.jpg 1024w, https:\/\/focotocantinense.com.br\/wp-content\/uploads\/2024\/11\/F5-A-diretora-Wilna-de-Sousa-destaca-a-importancia-de-iniciativas-como-o-seminario-para-fortalecer-a-educacao-infantil-nos-municipios-foto-Aldemar-Ribeiro-Governo-do-Tocantins-300x171.jpg 300w, https:\/\/focotocantinense.com.br\/wp-content\/uploads\/2024\/11\/F5-A-diretora-Wilna-de-Sousa-destaca-a-importancia-de-iniciativas-como-o-seminario-para-fortalecer-a-educacao-infantil-nos-municipios-foto-Aldemar-Ribeiro-Governo-do-Tocantins-768x439.jpg 768w, https:\/\/focotocantinense.com.br\/wp-content\/uploads\/2024\/11\/F5-A-diretora-Wilna-de-Sousa-destaca-a-importancia-de-iniciativas-como-o-seminario-para-fortalecer-a-educacao-infantil-nos-municipios-foto-Aldemar-Ribeiro-Governo-do-Tocantins-1536x878.jpg 1536w, https:\/\/focotocantinense.com.br\/wp-content\/uploads\/2024\/11\/F5-A-diretora-Wilna-de-Sousa-destaca-a-importancia-de-iniciativas-como-o-seminario-para-fortalecer-a-educacao-infantil-nos-municipios-foto-Aldemar-Ribeiro-Governo-do-Tocantins-2048x1170.jpg 2048w\" sizes=\"auto, (max-width: 1024px) 100vw, 1024px\" \/><\/figure>\n\n\n\n<p>Marivalda Soares \u00e9 diretora do Centro Educacional Infantil Dona Ant\u00f4nia, de Lajeado. Ela refor\u00e7ou a import\u00e2ncia da parceria dos munic\u00edpios com o Estado. &#8220;N\u00f3s como mun\u00edcipes precisamos muito de apoio e o Governo do Tocantins tem nos ajudado bastante realizando eventos como esse, que oferecem forma\u00e7\u00f5es, palestras e momentos que elevam o potencial daqueles que atuam na educa\u00e7\u00e3o infantil nos munic\u00edpios&#8221;, salientou a gestora.<\/p>\n\n\n\n\n\n<p><\/p>\n","protected":false},"excerpt":{"rendered":"<p>Semin\u00e1rio iniciado nesta ter\u00e7a-feira, 12, em Palmas, discute a promo\u00e7\u00e3o dos direitos das crian\u00e7as de 0 a 6 anos no territ\u00f3rio do Tocantins Ivan Trindade\/Governo do Tocantins O governador do Tocantins, Wanderlei Barbosa, abriu nesta ter\u00e7a-feira, 12, o 1\u00b0 Semin\u00e1rio Intersetorial da Primeira Inf\u00e2ncia. Durante o evento, que segue at\u00e9 esta quarta-feira, 13, e ocorre &hellip;<\/p>\n","protected":false},"author":5,"featured_media":8935,"comment_status":"open","ping_status":"open","sticky":false,"template":"","format":"standard","meta":{"footnotes":""},"categories":[1],"tags":[],"class_list":["post-8933","post","type-post","status-publish","format-standard","has-post-thumbnail","","category-sem-categoria"],"_links":{"self":[{"href":"https:\/\/focotocantinense.com.br\/index.php?rest_route=\/wp\/v2\/posts\/8933","targetHints":{"allow":["GET"]}}],"collection":[{"href":"https:\/\/focotocantinense.com.br\/index.php?rest_route=\/wp\/v2\/posts"}],"about":[{"href":"https:\/\/focotocantinense.com.br\/index.php?rest_route=\/wp\/v2\/types\/post"}],"author":[{"embeddable":true,"href":"https:\/\/focotocantinense.com.br\/index.php?rest_route=\/wp\/v2\/users\/5"}],"replies":[{"embeddable":true,"href":"https:\/\/focotocantinense.com.br\/index.php?rest_route=%2Fwp%2Fv2%2Fcomments&post=8933"}],"version-history":[{"count":1,"href":"https:\/\/focotocantinense.com.br\/index.php?rest_route=\/wp\/v2\/posts\/8933\/revisions"}],"predecessor-version":[{"id":8940,"href":"https:\/\/focotocantinense.com.br\/index.php?rest_route=\/wp\/v2\/posts\/8933\/revisions\/8940"}],"wp:featuredmedia":[{"embeddable":true,"href":"https:\/\/focotocantinense.com.br\/index.php?rest_route=\/wp\/v2\/media\/8935"}],"wp:attachment":[{"href":"https:\/\/focotocantinense.com.br\/index.php?rest_route=%2Fwp%2Fv2%2Fmedia&parent=8933"}],"wp:term":[{"taxonomy":"category","embeddable":true,"href":"https:\/\/focotocantinense.com.br\/index.php?rest_route=%2Fwp%2Fv2%2Fcategories&post=8933"},{"taxonomy":"post_tag","embeddable":true,"href":"https:\/\/focotocantinense.com.br\/index.php?rest_route=%2Fwp%2Fv2%2Ftags&post=8933"}],"curies":[{"name":"wp","href":"https:\/\/api.w.org\/{rel}","templated":true}]}}