{"id":8912,"date":"2024-11-14T12:17:14","date_gmt":"2024-11-14T15:17:14","guid":{"rendered":"https:\/\/focotocantinense.com.br\/?p=8912"},"modified":"2024-11-14T12:18:47","modified_gmt":"2024-11-14T15:18:47","slug":"ponto-de-cultura-pote-de-ouro-transforma-monte-do-carmo-com-arte-e-tradicao-para-jovens-e-adolescentes","status":"publish","type":"post","link":"https:\/\/focotocantinense.com.br\/?p=8912","title":{"rendered":"Ponto de Cultura Pote de Ouro transforma Monte do Carmo com arte e tradi\u00e7\u00e3o para jovens e adolescentes"},"content":{"rendered":"\n<p>O Ponto de Cultura Pote de Ouro inicia uma nova e vibrante temporada cultural que promete transformar a juventude de Monte do Carmo. Com oficinas gratuitas e imersivas, o projeto oferece aos jovens e adolescentes da regi\u00e3o a oportunidade de viver a arte e mergulhar nas tradi\u00e7\u00f5es locais, criando uma conex\u00e3o \u00fanica entre aprendizado, cultura e identidade.<\/p>\n\n\n\n<figure class=\"wp-block-image size-full is-resized\"><img loading=\"lazy\" decoding=\"async\" width=\"636\" height=\"444\" src=\"https:\/\/focotocantinense.com.br\/wp-content\/uploads\/2024\/11\/xxxxxxxxxxxxx.jpeg\" alt=\"\" class=\"wp-image-8915\" style=\"width:405px;height:auto\" srcset=\"https:\/\/focotocantinense.com.br\/wp-content\/uploads\/2024\/11\/xxxxxxxxxxxxx.jpeg 636w, https:\/\/focotocantinense.com.br\/wp-content\/uploads\/2024\/11\/xxxxxxxxxxxxx-300x209.jpeg 300w\" sizes=\"auto, (max-width: 636px) 100vw, 636px\" \/><\/figure>\n\n\n\n<p><\/p>\n\n\n\n<p><strong>Oficinas que Inspiram e Transformam<\/strong><\/p>\n\n\n\n<p>Nesta temporada, o Ponto de Cultura Pote de Ouro traz uma programa\u00e7\u00e3o dedicada a fortalecer a express\u00e3o cultural dos jovens e a celebrar a heran\u00e7a local, oferecendo atividades que resgatam e valorizam ra\u00edzes e talentos. As oficinas incluem:<\/p>\n\n\n\n<p>Tran\u00e7as Afro para Jovens Negras: Mais do que penteados, as jovens aprendem a valorizar suas origens e a exibir com orgulho a cultura afro-brasileira por meio de t\u00e9cnicas de tran\u00e7as e cuidados capilares tradicionais.<\/p>\n\n\n\n<p>Teatro para Adolescentes: Um palco para o desenvolvimento pessoal, onde os participantes exploram a arte de atuar e descobrem o poder da comunica\u00e7\u00e3o, da criatividade e da confian\u00e7a.<\/p>\n\n\n\n<p>Dan\u00e7as Populares: As dan\u00e7as tradicionais ganham vida, permitindo que os jovens se conectem com suas ra\u00edzes e celebrem as cores, ritmos e hist\u00f3rias que comp\u00f5em a cultura de Monte do Carmo.<\/p>\n\n\n\n<p>Esta \u00e9 uma oportunidade \u00fanica para os jovens experimentarem e expressarem sua cultura, aqui, arte e tradi\u00e7\u00e3o se unem, dando voz \u00e0 nossa comunidade e ao talento de nossos jovens.<\/p>\n\n\n\n<p>Al\u00e9m das oficinas, o Ponto de Cultura promove uma rica programa\u00e7\u00e3o de palestras e rodas de conversa que abordam temas essenciais para a comunidade, incentivando o di\u00e1logo e o aprendizado em grupo. A iniciativa tamb\u00e9m realiza atividades de pintura, escultura e m\u00fasica, convidando crian\u00e7as, jovens e adultos a se expressarem artisticamente, em um ambiente que respeita e valoriza a simplicidade e a beleza do interior.<\/p>\n\n\n\n<figure class=\"wp-block-image size-full\"><img loading=\"lazy\" decoding=\"async\" width=\"835\" height=\"541\" src=\"https:\/\/focotocantinense.com.br\/wp-content\/uploads\/2024\/11\/ffffffffffffffffffff.jpeg\" alt=\"\" class=\"wp-image-8913\" srcset=\"https:\/\/focotocantinense.com.br\/wp-content\/uploads\/2024\/11\/ffffffffffffffffffff.jpeg 835w, https:\/\/focotocantinense.com.br\/wp-content\/uploads\/2024\/11\/ffffffffffffffffffff-300x194.jpeg 300w, https:\/\/focotocantinense.com.br\/wp-content\/uploads\/2024\/11\/ffffffffffffffffffff-768x498.jpeg 768w\" sizes=\"auto, (max-width: 835px) 100vw, 835px\" \/><\/figure>\n\n\n\n<p><\/p>\n\n\n\n<p><strong>Uma Jornada Cultural no Cora\u00e7\u00e3o de Monte do Carmo<\/strong><\/p>\n\n\n\n<p>A cidade de Monte do Carmo torna-se o cen\u00e1rio perfeito para essa jornada cultural: a igreja ao fundo, a pra\u00e7a central e a paisagem rural nativa comp\u00f5em um ambiente inspirador para a cria\u00e7\u00e3o art\u00edstica. O Ponto de Cultura Pote de Ouro transforma cada espa\u00e7o em uma fonte de inspira\u00e7\u00e3o, onde a vida do interior e o esp\u00edrito comunit\u00e1rio fortalecem a conex\u00e3o dos participantes com suas origens.<\/p>\n\n\n\n<p>Monte do Carmo est\u00e1 pronta para viver e respirar cultura em sua ess\u00eancia!<\/p>\n\n\n\n<figure class=\"wp-block-image size-full\"><img loading=\"lazy\" decoding=\"async\" width=\"843\" height=\"251\" src=\"https:\/\/focotocantinense.com.br\/wp-content\/uploads\/2024\/11\/VINI_181_282-1-4.jpg\" alt=\"\" class=\"wp-image-8914\" srcset=\"https:\/\/focotocantinense.com.br\/wp-content\/uploads\/2024\/11\/VINI_181_282-1-4.jpg 843w, https:\/\/focotocantinense.com.br\/wp-content\/uploads\/2024\/11\/VINI_181_282-1-4-300x89.jpg 300w, https:\/\/focotocantinense.com.br\/wp-content\/uploads\/2024\/11\/VINI_181_282-1-4-768x229.jpg 768w\" sizes=\"auto, (max-width: 843px) 100vw, 843px\" \/><\/figure>\n","protected":false},"excerpt":{"rendered":"<p>O Ponto de Cultura Pote de Ouro inicia uma nova e vibrante temporada cultural que promete transformar a juventude de Monte do Carmo. Com oficinas gratuitas e imersivas, o projeto oferece aos jovens e adolescentes da regi\u00e3o a oportunidade de viver a arte e mergulhar nas tradi\u00e7\u00f5es locais, criando uma conex\u00e3o \u00fanica entre aprendizado, cultura &hellip;<\/p>\n","protected":false},"author":5,"featured_media":8913,"comment_status":"open","ping_status":"open","sticky":false,"template":"","format":"standard","meta":{"footnotes":""},"categories":[116,1],"tags":[],"class_list":["post-8912","post","type-post","status-publish","format-standard","has-post-thumbnail","","category-monte-do-carmo","category-sem-categoria"],"_links":{"self":[{"href":"https:\/\/focotocantinense.com.br\/index.php?rest_route=\/wp\/v2\/posts\/8912","targetHints":{"allow":["GET"]}}],"collection":[{"href":"https:\/\/focotocantinense.com.br\/index.php?rest_route=\/wp\/v2\/posts"}],"about":[{"href":"https:\/\/focotocantinense.com.br\/index.php?rest_route=\/wp\/v2\/types\/post"}],"author":[{"embeddable":true,"href":"https:\/\/focotocantinense.com.br\/index.php?rest_route=\/wp\/v2\/users\/5"}],"replies":[{"embeddable":true,"href":"https:\/\/focotocantinense.com.br\/index.php?rest_route=%2Fwp%2Fv2%2Fcomments&post=8912"}],"version-history":[{"count":2,"href":"https:\/\/focotocantinense.com.br\/index.php?rest_route=\/wp\/v2\/posts\/8912\/revisions"}],"predecessor-version":[{"id":8918,"href":"https:\/\/focotocantinense.com.br\/index.php?rest_route=\/wp\/v2\/posts\/8912\/revisions\/8918"}],"wp:featuredmedia":[{"embeddable":true,"href":"https:\/\/focotocantinense.com.br\/index.php?rest_route=\/wp\/v2\/media\/8913"}],"wp:attachment":[{"href":"https:\/\/focotocantinense.com.br\/index.php?rest_route=%2Fwp%2Fv2%2Fmedia&parent=8912"}],"wp:term":[{"taxonomy":"category","embeddable":true,"href":"https:\/\/focotocantinense.com.br\/index.php?rest_route=%2Fwp%2Fv2%2Fcategories&post=8912"},{"taxonomy":"post_tag","embeddable":true,"href":"https:\/\/focotocantinense.com.br\/index.php?rest_route=%2Fwp%2Fv2%2Ftags&post=8912"}],"curies":[{"name":"wp","href":"https:\/\/api.w.org\/{rel}","templated":true}]}}