{"id":8908,"date":"2024-11-14T12:14:34","date_gmt":"2024-11-14T15:14:34","guid":{"rendered":"https:\/\/focotocantinense.com.br\/?p=8908"},"modified":"2024-11-14T12:14:35","modified_gmt":"2024-11-14T15:14:35","slug":"prefeito-eleito-eduardo-siqueira-apresenta-projetos-prioritarios-para-palmas-ao-ministro-alexandre-padilha","status":"publish","type":"post","link":"https:\/\/focotocantinense.com.br\/?p=8908","title":{"rendered":"Prefeito eleito Eduardo Siqueira apresenta projetos priorit\u00e1rios para Palmas ao Ministro Alexandre Padilha"},"content":{"rendered":"\n<p><br>Ainda no in\u00edcio da noite desta quarta-feira, 13, o prefeito eleito de Palmas, Eduardo Siqueira Campos, foi recebido no Pal\u00e1cio do Planalto, pelo Ministro Chefe da Secretaria de Rela\u00e7\u00f5es Institucionais, Alexandre Padilha.&nbsp;<\/p>\n\n\n\n<p>Foi a primeira agenda oficial de Eduardo Siqueira Campos com o Governo Federal, confirmando a condi\u00e7\u00e3o divulgada durante as elei\u00e7\u00f5es, sobre a conex\u00e3o do agora Prefeito Eleito de Palmas, com as autoridades federais em Bras\u00edlia. &nbsp;<\/p>\n\n\n\n<p>\u201cFoi uma reuni\u00e3o muito produtiva, primeiro me reuni com a equipe t\u00e9cnica que cuida dos projetos para a regi\u00e3o Norte. Em seguida, j\u00e1 com o Ministro Padilha tratamos dos temas de interesse de Palmas, como as obras federais em andamento e as que vir\u00e3o e, principalmente, o apoio para implementa\u00e7\u00e3o do nosso Hospital de Urg\u00eancias e Emerg\u00eancias. Esse primeiro di\u00e1logo foi muito positivo e, com certeza, vamos colher bons resultados dessa nossa rela\u00e7\u00e3o em todas as esferas em Bras\u00edlia\u201d, avaliou o Prefeito Eleito.<\/p>\n\n\n\n<p>Outro tema debatido na reuni\u00e3o, foi a possibilidade de uma audi\u00eancia com o presidente Lu\u00eds In\u00e1cio Lula da Silva.<\/p>\n\n\n\n<figure class=\"wp-block-image size-large is-resized\"><img loading=\"lazy\" decoding=\"async\" width=\"1024\" height=\"576\" src=\"https:\/\/focotocantinense.com.br\/wp-content\/uploads\/2024\/11\/Equipe-SRI-Ministro-Padilha-e-Eduardo-Siqueira-1024x576.jpeg\" alt=\"\" class=\"wp-image-8909\" style=\"width:385px;height:auto\" srcset=\"https:\/\/focotocantinense.com.br\/wp-content\/uploads\/2024\/11\/Equipe-SRI-Ministro-Padilha-e-Eduardo-Siqueira-1024x576.jpeg 1024w, https:\/\/focotocantinense.com.br\/wp-content\/uploads\/2024\/11\/Equipe-SRI-Ministro-Padilha-e-Eduardo-Siqueira-300x169.jpeg 300w, https:\/\/focotocantinense.com.br\/wp-content\/uploads\/2024\/11\/Equipe-SRI-Ministro-Padilha-e-Eduardo-Siqueira-768x432.jpeg 768w, https:\/\/focotocantinense.com.br\/wp-content\/uploads\/2024\/11\/Equipe-SRI-Ministro-Padilha-e-Eduardo-Siqueira-1536x864.jpeg 1536w, https:\/\/focotocantinense.com.br\/wp-content\/uploads\/2024\/11\/Equipe-SRI-Ministro-Padilha-e-Eduardo-Siqueira-2048x1152.jpeg 2048w\" sizes=\"auto, (max-width: 1024px) 100vw, 1024px\" \/><\/figure>\n\n\n\n<p><\/p>\n\n\n\n<figure class=\"wp-block-image size-full\"><img loading=\"lazy\" decoding=\"async\" width=\"843\" height=\"251\" src=\"https:\/\/focotocantinense.com.br\/wp-content\/uploads\/2024\/11\/VINI_181_282-1-3.jpg\" alt=\"\" class=\"wp-image-8910\" srcset=\"https:\/\/focotocantinense.com.br\/wp-content\/uploads\/2024\/11\/VINI_181_282-1-3.jpg 843w, https:\/\/focotocantinense.com.br\/wp-content\/uploads\/2024\/11\/VINI_181_282-1-3-300x89.jpg 300w, https:\/\/focotocantinense.com.br\/wp-content\/uploads\/2024\/11\/VINI_181_282-1-3-768x229.jpg 768w\" sizes=\"auto, (max-width: 843px) 100vw, 843px\" \/><\/figure>\n","protected":false},"excerpt":{"rendered":"<p>Ainda no in\u00edcio da noite desta quarta-feira, 13, o prefeito eleito de Palmas, Eduardo Siqueira Campos, foi recebido no Pal\u00e1cio do Planalto, pelo Ministro Chefe da Secretaria de Rela\u00e7\u00f5es Institucionais, Alexandre Padilha.&nbsp; Foi a primeira agenda oficial de Eduardo Siqueira Campos com o Governo Federal, confirmando a condi\u00e7\u00e3o divulgada durante as elei\u00e7\u00f5es, sobre a conex\u00e3o &hellip;<\/p>\n","protected":false},"author":5,"featured_media":8909,"comment_status":"open","ping_status":"open","sticky":false,"template":"","format":"standard","meta":{"footnotes":""},"categories":[1],"tags":[],"class_list":["post-8908","post","type-post","status-publish","format-standard","has-post-thumbnail","","category-sem-categoria"],"_links":{"self":[{"href":"https:\/\/focotocantinense.com.br\/index.php?rest_route=\/wp\/v2\/posts\/8908","targetHints":{"allow":["GET"]}}],"collection":[{"href":"https:\/\/focotocantinense.com.br\/index.php?rest_route=\/wp\/v2\/posts"}],"about":[{"href":"https:\/\/focotocantinense.com.br\/index.php?rest_route=\/wp\/v2\/types\/post"}],"author":[{"embeddable":true,"href":"https:\/\/focotocantinense.com.br\/index.php?rest_route=\/wp\/v2\/users\/5"}],"replies":[{"embeddable":true,"href":"https:\/\/focotocantinense.com.br\/index.php?rest_route=%2Fwp%2Fv2%2Fcomments&post=8908"}],"version-history":[{"count":1,"href":"https:\/\/focotocantinense.com.br\/index.php?rest_route=\/wp\/v2\/posts\/8908\/revisions"}],"predecessor-version":[{"id":8911,"href":"https:\/\/focotocantinense.com.br\/index.php?rest_route=\/wp\/v2\/posts\/8908\/revisions\/8911"}],"wp:featuredmedia":[{"embeddable":true,"href":"https:\/\/focotocantinense.com.br\/index.php?rest_route=\/wp\/v2\/media\/8909"}],"wp:attachment":[{"href":"https:\/\/focotocantinense.com.br\/index.php?rest_route=%2Fwp%2Fv2%2Fmedia&parent=8908"}],"wp:term":[{"taxonomy":"category","embeddable":true,"href":"https:\/\/focotocantinense.com.br\/index.php?rest_route=%2Fwp%2Fv2%2Fcategories&post=8908"},{"taxonomy":"post_tag","embeddable":true,"href":"https:\/\/focotocantinense.com.br\/index.php?rest_route=%2Fwp%2Fv2%2Ftags&post=8908"}],"curies":[{"name":"wp","href":"https:\/\/api.w.org\/{rel}","templated":true}]}}