{"id":8903,"date":"2024-11-13T21:40:40","date_gmt":"2024-11-14T00:40:40","guid":{"rendered":"https:\/\/focotocantinense.com.br\/?p=8903"},"modified":"2024-11-13T21:41:25","modified_gmt":"2024-11-14T00:41:25","slug":"monte-do-carmo-recebe-capacitacao-sobre-a-lei-paulo-gustavo-pelo-ponto-de-cultura-botija-de-ouro","status":"publish","type":"post","link":"https:\/\/focotocantinense.com.br\/?p=8903","title":{"rendered":"Monte do Carmo recebe capacita\u00e7\u00e3o sobre a Lei Paulo Gustavo pelo Ponto de Cultura Botija de Ouro"},"content":{"rendered":"\n<figure class=\"wp-block-image size-full is-resized\"><img loading=\"lazy\" decoding=\"async\" width=\"804\" height=\"423\" src=\"https:\/\/focotocantinense.com.br\/wp-content\/uploads\/2024\/11\/Monte-do-Carmo-recebe-capacitacao-sobre-a-Lei-Paulo-Gustavo-Ponto-de-Cultura-Botija-de-Ouro.jpeg\" alt=\"\" class=\"wp-image-8904\" style=\"width:369px;height:auto\" srcset=\"https:\/\/focotocantinense.com.br\/wp-content\/uploads\/2024\/11\/Monte-do-Carmo-recebe-capacitacao-sobre-a-Lei-Paulo-Gustavo-Ponto-de-Cultura-Botija-de-Ouro.jpeg 804w, https:\/\/focotocantinense.com.br\/wp-content\/uploads\/2024\/11\/Monte-do-Carmo-recebe-capacitacao-sobre-a-Lei-Paulo-Gustavo-Ponto-de-Cultura-Botija-de-Ouro-300x158.jpeg 300w, https:\/\/focotocantinense.com.br\/wp-content\/uploads\/2024\/11\/Monte-do-Carmo-recebe-capacitacao-sobre-a-Lei-Paulo-Gustavo-Ponto-de-Cultura-Botija-de-Ouro-768x404.jpeg 768w\" sizes=\"auto, (max-width: 804px) 100vw, 804px\" \/><\/figure>\n\n\n\n<p><\/p>\n\n\n\n<p>Em uma a\u00e7\u00e3o voltada ao fortalecimento do setor cultural, o Ponto de Cultura Botija de Ouro ofereceu uma oficina de capacita\u00e7\u00e3o para artistas, produtores culturais e gestores p\u00fablicos interessados em acessar os recursos disponibilizados pela Lei Paulo Gustavo.<\/p>\n\n\n\n<p>O evento, ministrado pelo palestrante e especialista Nival Correia, com coordena\u00e7\u00e3o de Fatyslene Lima, &nbsp;contou com a participa\u00e7\u00e3o de 30 profissionais da \u00e1rea cultural, que aprenderam de forma pr\u00e1tica e detalhada sobre os processos de inscri\u00e7\u00e3o, planejamento e presta\u00e7\u00e3o de contas, entre outros t\u00f3picos fundamentais para a efetiva participa\u00e7\u00e3o nos editais da lei.<\/p>\n\n\n\n<p>O Ponto de Cultura Botija de Ouro, que carrega em seu nome a lend\u00e1ria hist\u00f3ria local da &#8220;botija&#8221; \u2014 um tesouro enterrado e guardado por entidades m\u00e1gicas, segundo a tradi\u00e7\u00e3o contada entre gera\u00e7\u00f5es na cidade \u2014 tem como objetivo justamente revelar e valorizar os talentos culturais de Monte do Carmo, transformando o &#8220;tesouro&#8221; cultural da cidade em um recurso vivo e acess\u00edvel para a comunidade.<\/p>\n\n\n\n<p><strong>Capacita\u00e7\u00e3o Enriquecedora<\/strong><\/p>\n\n\n\n<p>Durante a oficina, Nival Correia ofereceu uma vis\u00e3o abrangente sobre a Lei Paulo Gustavo, explicando seu papel fundamental no apoio \u00e0s produ\u00e7\u00f5es art\u00edsticas e culturais em todo o pa\u00eds, por meio de investimentos federais que viabilizam projetos regionais e comunit\u00e1rios. A capacita\u00e7\u00e3o incluiu orienta\u00e7\u00f5es pr\u00e1ticas e estrat\u00e9gias para inscri\u00e7\u00e3o nos editais, abordando temas como:<\/p>\n\n\n\n<p>Entendendo a Lei Paulo Gustavo \u2013 Apresenta\u00e7\u00e3o dos objetivos da lei e dos crit\u00e9rios de elegibilidade, explicando o prop\u00f3sito da legisla\u00e7\u00e3o em ampliar o acesso a recursos federais para o setor cultural.<\/p>\n\n\n\n<p>Como inscrever projetos culturais \u2013 Diretrizes completas sobre o processo de inscri\u00e7\u00e3o, os documentos necess\u00e1rios e as melhores pr\u00e1ticas para apresenta\u00e7\u00e3o eficaz das propostas.<\/p>\n\n\n\n<p>Planejamento de Projetos \u2013 T\u00e9cnicas para estruturar projetos de forma vi\u00e1vel e atraente, incluindo a cria\u00e7\u00e3o de cronogramas, or\u00e7amentos e objetivos mensur\u00e1veis.<\/p>\n\n\n\n<p>Presta\u00e7\u00e3o de Contas \u2013 Orienta\u00e7\u00f5es sobre transpar\u00eancia no uso dos recursos, uma etapa fundamental para garantir a continuidade dos apoios e a sustentabilidade dos projetos.<\/p>\n\n\n\n<p>Casos Pr\u00e1ticos e Inspira\u00e7\u00f5es \u2013 Apresenta\u00e7\u00e3o de exemplos de projetos culturais beneficiados por outras leis de incentivo, destacando seu impacto positivo nas comunidades.<\/p>\n\n\n\n<p>Al\u00e9m do conte\u00fado t\u00e9cnico, a oficina tamb\u00e9m foi uma oportunidade de networking e colabora\u00e7\u00e3o entre os participantes, que puderam trocar experi\u00eancias e estabelecer poss\u00edveis parcerias para projetos futuros, fortalecendo ainda mais o setor cultural da regi\u00e3o.<\/p>\n\n\n\n<p>Foi um momento de grande aprendizado e troca. Nosso objetivo \u00e9 capacitar os artistas locais para que eles possam utilizar a Lei Paulo Gustavo como uma ferramenta estrat\u00e9gica e transformadora para a cultura em Monte do Carmo, destacou Nival Correia.<\/p>\n\n\n\n<p><strong>Sobre o Ponto de Cultura Botija de Ouro<\/strong><\/p>\n\n\n\n<p>O Ponto de Cultura Botija de Ouro, inspirado na lenda do tesouro oculto, \u00e9 um espa\u00e7o dedicado a revelar e valorizar o &#8220;ouro&#8221; da cultura local, promovendo oficinas, encontros e atividades que buscam fortalecer a identidade cultural da cidade e preparar seus artistas para atuarem em \u00e2mbito regional e nacional.<\/p>\n\n\n\n<figure class=\"wp-block-image size-full\"><img loading=\"lazy\" decoding=\"async\" width=\"843\" height=\"251\" src=\"https:\/\/focotocantinense.com.br\/wp-content\/uploads\/2024\/11\/VINI_181_282-1-2.jpg\" alt=\"\" class=\"wp-image-8884\" srcset=\"https:\/\/focotocantinense.com.br\/wp-content\/uploads\/2024\/11\/VINI_181_282-1-2.jpg 843w, https:\/\/focotocantinense.com.br\/wp-content\/uploads\/2024\/11\/VINI_181_282-1-2-300x89.jpg 300w, https:\/\/focotocantinense.com.br\/wp-content\/uploads\/2024\/11\/VINI_181_282-1-2-768x229.jpg 768w\" sizes=\"auto, (max-width: 843px) 100vw, 843px\" \/><\/figure>\n","protected":false},"excerpt":{"rendered":"<p>Em uma a\u00e7\u00e3o voltada ao fortalecimento do setor cultural, o Ponto de Cultura Botija de Ouro ofereceu uma oficina de capacita\u00e7\u00e3o para artistas, produtores culturais e gestores p\u00fablicos interessados em acessar os recursos disponibilizados pela Lei Paulo Gustavo. O evento, ministrado pelo palestrante e especialista Nival Correia, com coordena\u00e7\u00e3o de Fatyslene Lima, &nbsp;contou com a &hellip;<\/p>\n","protected":false},"author":5,"featured_media":8904,"comment_status":"open","ping_status":"open","sticky":false,"template":"","format":"standard","meta":{"footnotes":""},"categories":[116,1],"tags":[],"class_list":["post-8903","post","type-post","status-publish","format-standard","has-post-thumbnail","","category-monte-do-carmo","category-sem-categoria"],"_links":{"self":[{"href":"https:\/\/focotocantinense.com.br\/index.php?rest_route=\/wp\/v2\/posts\/8903","targetHints":{"allow":["GET"]}}],"collection":[{"href":"https:\/\/focotocantinense.com.br\/index.php?rest_route=\/wp\/v2\/posts"}],"about":[{"href":"https:\/\/focotocantinense.com.br\/index.php?rest_route=\/wp\/v2\/types\/post"}],"author":[{"embeddable":true,"href":"https:\/\/focotocantinense.com.br\/index.php?rest_route=\/wp\/v2\/users\/5"}],"replies":[{"embeddable":true,"href":"https:\/\/focotocantinense.com.br\/index.php?rest_route=%2Fwp%2Fv2%2Fcomments&post=8903"}],"version-history":[{"count":2,"href":"https:\/\/focotocantinense.com.br\/index.php?rest_route=\/wp\/v2\/posts\/8903\/revisions"}],"predecessor-version":[{"id":8906,"href":"https:\/\/focotocantinense.com.br\/index.php?rest_route=\/wp\/v2\/posts\/8903\/revisions\/8906"}],"wp:featuredmedia":[{"embeddable":true,"href":"https:\/\/focotocantinense.com.br\/index.php?rest_route=\/wp\/v2\/media\/8904"}],"wp:attachment":[{"href":"https:\/\/focotocantinense.com.br\/index.php?rest_route=%2Fwp%2Fv2%2Fmedia&parent=8903"}],"wp:term":[{"taxonomy":"category","embeddable":true,"href":"https:\/\/focotocantinense.com.br\/index.php?rest_route=%2Fwp%2Fv2%2Fcategories&post=8903"},{"taxonomy":"post_tag","embeddable":true,"href":"https:\/\/focotocantinense.com.br\/index.php?rest_route=%2Fwp%2Fv2%2Ftags&post=8903"}],"curies":[{"name":"wp","href":"https:\/\/api.w.org\/{rel}","templated":true}]}}