{"id":8900,"date":"2024-11-13T12:02:35","date_gmt":"2024-11-13T15:02:35","guid":{"rendered":"https:\/\/focotocantinense.com.br\/?p=8900"},"modified":"2024-11-13T12:02:36","modified_gmt":"2024-11-13T15:02:36","slug":"deputado-federal-antonio-andrade-tem-terca-movimentada-em-brasilia","status":"publish","type":"post","link":"https:\/\/focotocantinense.com.br\/?p=8900","title":{"rendered":"Deputado Federal Antonio Andrade tem ter\u00e7a movimentada em Bras\u00edlia"},"content":{"rendered":"\n<p>O Deputado Federal Antonio Andrade, representante do povo tocantinense em Bras\u00edlia, teve um dia movimentado na capital federal nesta ter\u00e7a-feira, 12 de novembro.<\/p>\n\n\n\n<p>Com uma agenda intensa, o parlamentar desempenhou diversas atividades e participou de importantes reuni\u00f5es no cen\u00e1rio pol\u00edtico nacional.<\/p>\n\n\n\n<p>Visitas no gabinete<br>O deputado reservou sua manh\u00e3 para se encontrar com pol\u00edticos e lideran\u00e7as em seu gabinete. A comitiva dos munic\u00edpios de Rio dos Bois, Taboc\u00e3o, Caseara e Pium foi ao gabinete para tratar de demandas da cidade com o parlamentar.<\/p>\n\n\n\n<figure class=\"wp-block-image size-large is-resized\"><img loading=\"lazy\" decoding=\"async\" width=\"1024\" height=\"576\" src=\"https:\/\/focotocantinense.com.br\/wp-content\/uploads\/2024\/11\/WhatsApp-Image-2024-11-13-at-10.46.44-1024x576.jpeg\" alt=\"\" class=\"wp-image-8901\" style=\"width:373px;height:auto\" srcset=\"https:\/\/focotocantinense.com.br\/wp-content\/uploads\/2024\/11\/WhatsApp-Image-2024-11-13-at-10.46.44-1024x576.jpeg 1024w, https:\/\/focotocantinense.com.br\/wp-content\/uploads\/2024\/11\/WhatsApp-Image-2024-11-13-at-10.46.44-300x169.jpeg 300w, https:\/\/focotocantinense.com.br\/wp-content\/uploads\/2024\/11\/WhatsApp-Image-2024-11-13-at-10.46.44-768x432.jpeg 768w, https:\/\/focotocantinense.com.br\/wp-content\/uploads\/2024\/11\/WhatsApp-Image-2024-11-13-at-10.46.44-1536x864.jpeg 1536w, https:\/\/focotocantinense.com.br\/wp-content\/uploads\/2024\/11\/WhatsApp-Image-2024-11-13-at-10.46.44-2048x1152.jpeg 2048w\" sizes=\"auto, (max-width: 1024px) 100vw, 1024px\" \/><\/figure>\n\n\n\n<p>Tarde na Comiss\u00e3o de Sa\u00fade<br>Andrade participou da reuni\u00e3o deliberativa na comiss\u00e3o de Sa\u00fade, onde \u00e9 membro titular. Entre os projetos aprovados, destaca-se o PL 1327\/2024, que disp\u00f5e sobre a campanha \u201cMaio Vermelho\u201d, voltada \u00e0 conscientiza\u00e7\u00e3o sobre os acidentes vasculares cerebrais.<\/p>\n\n\n\n<p>Vota\u00e7\u00e3o em plen\u00e1rio<br>Antonio Andrade finalizou o dia participando de importantes vota\u00e7\u00f5es no plen\u00e1rio. Dentre elas, o projeto de lei que cria a Pol\u00edtica Nacional de Cuidados com o objetivo de garantir o direito ao cuidado, tanto para quem o recebe quanto para quem cuida (PL 5791\/2019).<\/p>\n\n\n\n<p>\u201cReafirmo meu compromisso com os tocantinenses e reitero meu empenho em representar os interesses da popula\u00e7\u00e3o no Congresso Nacional\u201d, disse Andrade.<\/p>\n\n\n\n<p>Assessoria de Comunica\u00e7\u00e3o \u2013 Deputado Federal Antonio Andrade<\/p>\n","protected":false},"excerpt":{"rendered":"<p>O Deputado Federal Antonio Andrade, representante do povo tocantinense em Bras\u00edlia, teve um dia movimentado na capital federal nesta ter\u00e7a-feira, 12 de novembro. Com uma agenda intensa, o parlamentar desempenhou diversas atividades e participou de importantes reuni\u00f5es no cen\u00e1rio pol\u00edtico nacional. Visitas no gabineteO deputado reservou sua manh\u00e3 para se encontrar com pol\u00edticos e lideran\u00e7as &hellip;<\/p>\n","protected":false},"author":5,"featured_media":8901,"comment_status":"open","ping_status":"open","sticky":false,"template":"","format":"standard","meta":{"footnotes":""},"categories":[1],"tags":[],"class_list":["post-8900","post","type-post","status-publish","format-standard","has-post-thumbnail","","category-sem-categoria"],"_links":{"self":[{"href":"https:\/\/focotocantinense.com.br\/index.php?rest_route=\/wp\/v2\/posts\/8900","targetHints":{"allow":["GET"]}}],"collection":[{"href":"https:\/\/focotocantinense.com.br\/index.php?rest_route=\/wp\/v2\/posts"}],"about":[{"href":"https:\/\/focotocantinense.com.br\/index.php?rest_route=\/wp\/v2\/types\/post"}],"author":[{"embeddable":true,"href":"https:\/\/focotocantinense.com.br\/index.php?rest_route=\/wp\/v2\/users\/5"}],"replies":[{"embeddable":true,"href":"https:\/\/focotocantinense.com.br\/index.php?rest_route=%2Fwp%2Fv2%2Fcomments&post=8900"}],"version-history":[{"count":1,"href":"https:\/\/focotocantinense.com.br\/index.php?rest_route=\/wp\/v2\/posts\/8900\/revisions"}],"predecessor-version":[{"id":8902,"href":"https:\/\/focotocantinense.com.br\/index.php?rest_route=\/wp\/v2\/posts\/8900\/revisions\/8902"}],"wp:featuredmedia":[{"embeddable":true,"href":"https:\/\/focotocantinense.com.br\/index.php?rest_route=\/wp\/v2\/media\/8901"}],"wp:attachment":[{"href":"https:\/\/focotocantinense.com.br\/index.php?rest_route=%2Fwp%2Fv2%2Fmedia&parent=8900"}],"wp:term":[{"taxonomy":"category","embeddable":true,"href":"https:\/\/focotocantinense.com.br\/index.php?rest_route=%2Fwp%2Fv2%2Fcategories&post=8900"},{"taxonomy":"post_tag","embeddable":true,"href":"https:\/\/focotocantinense.com.br\/index.php?rest_route=%2Fwp%2Fv2%2Ftags&post=8900"}],"curies":[{"name":"wp","href":"https:\/\/api.w.org\/{rel}","templated":true}]}}