{"id":8893,"date":"2024-11-12T16:50:39","date_gmt":"2024-11-12T19:50:39","guid":{"rendered":"https:\/\/focotocantinense.com.br\/?p=8893"},"modified":"2024-11-12T16:52:34","modified_gmt":"2024-11-12T19:52:34","slug":"comite-de-cultura-no-tocantins-promove-seminario-de-politicas-culturais-em-tocantinopolis","status":"publish","type":"post","link":"https:\/\/focotocantinense.com.br\/?p=8893","title":{"rendered":"Comit\u00ea de Cultura no Tocantins promove Semin\u00e1rio de Pol\u00edticas Culturais em Tocantin\u00f3polis"},"content":{"rendered":"\n<p><strong>Por Rodrigo Martins<\/strong><\/p>\n\n\n\n<p>Nos dias 21 e 22 de novembro, a cidade de Tocantin\u00f3polis, localizada no extremo norte do Tocantins, ser\u00e1 palco do&nbsp;3\u00ba&nbsp;Semin\u00e1rio de Pol\u00edticas Culturais&nbsp;do Comit\u00ea de Cultura no Tocantins. A iniciativa \u00e9 coordenada pela Federa\u00e7\u00e3o Tocantinense de Artes C\u00eanicas (FETAC). O evento visa apresentar o Programa Nacional dos Comit\u00eas de Cultura (PNCC) \u00e0 comunidade local e regi\u00e3o, dar voz \u00e0 sociedade, fortalecer o debate sobre as pol\u00edticas p\u00fablicas de Cultura e a coopera\u00e7\u00e3o federativa por meio do Sistema Nacional de Cultura (SNC).<\/p>\n\n\n\n<p>George Henrique, Coordenador Regional Norte do Comit\u00ea de Cultura no Tocantins e Diretor Regional Norte da FETAC, destacou a relev\u00e2ncia desse encontro: \u201c\u00c9 uma oportunidade \u00fanica de fomentar o di\u00e1logo entre a sociedade e o poder p\u00fablico. A presen\u00e7a do Comit\u00ea aqui \u00e9 um marco para os agentes culturais e gestores locais. Queremos fortalecer as pol\u00edticas culturais e qualificar os gestores para que a cultura alcance todas as cidades e comunidades do Tocantins.\u201d<\/p>\n\n\n\n<figure class=\"wp-block-image size-large is-resized\"><img loading=\"lazy\" decoding=\"async\" width=\"1024\" height=\"400\" src=\"https:\/\/focotocantinense.com.br\/wp-content\/uploads\/2024\/11\/toc3-1024x400.jpg\" alt=\"\" class=\"wp-image-8895\" style=\"width:352px;height:auto\" srcset=\"https:\/\/focotocantinense.com.br\/wp-content\/uploads\/2024\/11\/toc3-1024x400.jpg 1024w, https:\/\/focotocantinense.com.br\/wp-content\/uploads\/2024\/11\/toc3-300x117.jpg 300w, https:\/\/focotocantinense.com.br\/wp-content\/uploads\/2024\/11\/toc3-768x300.jpg 768w, https:\/\/focotocantinense.com.br\/wp-content\/uploads\/2024\/11\/toc3.jpg 1093w\" sizes=\"auto, (max-width: 1024px) 100vw, 1024px\" \/><\/figure>\n\n\n\n<p><\/p>\n\n\n\n<p>A FETAC, que lidera o Comit\u00ea de Cultura no Tocantins, atua em parceria com o Minist\u00e9rio da Cultura (MinC) por meio de um termo de colabora\u00e7\u00e3o de 24 meses, firmado com o objetivo de desenvolver o PNCC em todo o estado. Esse trabalho conta com a coordena\u00e7\u00e3o regional da Associa\u00e7\u00e3o Gurupiense de Artes\u00e3os (AGA) e do Instituto Social e Cultural Araguaia (Isca), institui\u00e7\u00f5es comprometidas com o desenvolvimento cultural local.<\/p>\n\n\n\n<p>O evento em Tocantin\u00f3polis conta com a parceria da Universidade Federal do Norte do Tocantins (UFNT) e faz parte de uma s\u00e9rie de semin\u00e1rios que t\u00eam proporcionado encontros valiosos entre o MinC e representantes culturais locais. Ao longo dos \u00faltimos meses, a comitiva do Comit\u00ea de Cultura no Tocantins percorreu outras regi\u00f5es do estado, passando por Gurupi, no Sul, e por Dian\u00f3polis, no Sudeste.<\/p>\n\n\n\n<p><strong>Sobre o Comit\u00ea de Cultura<\/strong><\/p>\n\n\n\n<p>O Comit\u00ea de Cultura no Tocantins \u00e9 resultado de uma parceria entre a Federa\u00e7\u00e3o Tocantinense de Artes C\u00eanicas (FETAC), a Associa\u00e7\u00e3o Gurupiense de Artes\u00e3os (AGA) e o Instituto Social Cultural Araguaia (ISCA). Com sede em Palmas, sob a coordena\u00e7\u00e3o geral de Kak\u00e1 Nogueira, Wanderson Ramos e uma equipe gestora, o comit\u00ea faz parte do Programa Nacional de Comit\u00eas de Cultura do Minist\u00e9rio da Cultura e conta com representa\u00e7\u00f5es regionais: uma em Gurupi, que cobre as regi\u00f5es sul e sudeste do estado, e outra em Aragua\u00edna, respons\u00e1vel pela atua\u00e7\u00e3o no norte do Tocantins.<\/p>\n\n\n\n<figure class=\"wp-block-image size-full\"><img loading=\"lazy\" decoding=\"async\" width=\"843\" height=\"251\" src=\"https:\/\/focotocantinense.com.br\/wp-content\/uploads\/2024\/11\/VINI_181_282-1-2.jpg\" alt=\"\" class=\"wp-image-8884\" srcset=\"https:\/\/focotocantinense.com.br\/wp-content\/uploads\/2024\/11\/VINI_181_282-1-2.jpg 843w, https:\/\/focotocantinense.com.br\/wp-content\/uploads\/2024\/11\/VINI_181_282-1-2-300x89.jpg 300w, https:\/\/focotocantinense.com.br\/wp-content\/uploads\/2024\/11\/VINI_181_282-1-2-768x229.jpg 768w\" sizes=\"auto, (max-width: 843px) 100vw, 843px\" \/><\/figure>\n","protected":false},"excerpt":{"rendered":"<p>Por Rodrigo Martins Nos dias 21 e 22 de novembro, a cidade de Tocantin\u00f3polis, localizada no extremo norte do Tocantins, ser\u00e1 palco do&nbsp;3\u00ba&nbsp;Semin\u00e1rio de Pol\u00edticas Culturais&nbsp;do Comit\u00ea de Cultura no Tocantins. A iniciativa \u00e9 coordenada pela Federa\u00e7\u00e3o Tocantinense de Artes C\u00eanicas (FETAC). O evento visa apresentar o Programa Nacional dos Comit\u00eas de Cultura (PNCC) \u00e0 &hellip;<\/p>\n","protected":false},"author":5,"featured_media":8894,"comment_status":"open","ping_status":"open","sticky":false,"template":"","format":"standard","meta":{"footnotes":""},"categories":[1,87],"tags":[],"class_list":["post-8893","post","type-post","status-publish","format-standard","has-post-thumbnail","","category-sem-categoria","category-tocantinopolis"],"_links":{"self":[{"href":"https:\/\/focotocantinense.com.br\/index.php?rest_route=\/wp\/v2\/posts\/8893","targetHints":{"allow":["GET"]}}],"collection":[{"href":"https:\/\/focotocantinense.com.br\/index.php?rest_route=\/wp\/v2\/posts"}],"about":[{"href":"https:\/\/focotocantinense.com.br\/index.php?rest_route=\/wp\/v2\/types\/post"}],"author":[{"embeddable":true,"href":"https:\/\/focotocantinense.com.br\/index.php?rest_route=\/wp\/v2\/users\/5"}],"replies":[{"embeddable":true,"href":"https:\/\/focotocantinense.com.br\/index.php?rest_route=%2Fwp%2Fv2%2Fcomments&post=8893"}],"version-history":[{"count":3,"href":"https:\/\/focotocantinense.com.br\/index.php?rest_route=\/wp\/v2\/posts\/8893\/revisions"}],"predecessor-version":[{"id":8898,"href":"https:\/\/focotocantinense.com.br\/index.php?rest_route=\/wp\/v2\/posts\/8893\/revisions\/8898"}],"wp:featuredmedia":[{"embeddable":true,"href":"https:\/\/focotocantinense.com.br\/index.php?rest_route=\/wp\/v2\/media\/8894"}],"wp:attachment":[{"href":"https:\/\/focotocantinense.com.br\/index.php?rest_route=%2Fwp%2Fv2%2Fmedia&parent=8893"}],"wp:term":[{"taxonomy":"category","embeddable":true,"href":"https:\/\/focotocantinense.com.br\/index.php?rest_route=%2Fwp%2Fv2%2Fcategories&post=8893"},{"taxonomy":"post_tag","embeddable":true,"href":"https:\/\/focotocantinense.com.br\/index.php?rest_route=%2Fwp%2Fv2%2Ftags&post=8893"}],"curies":[{"name":"wp","href":"https:\/\/api.w.org\/{rel}","templated":true}]}}