{"id":8882,"date":"2024-11-09T08:20:43","date_gmt":"2024-11-09T11:20:43","guid":{"rendered":"https:\/\/focotocantinense.com.br\/?p=8882"},"modified":"2024-11-09T08:27:06","modified_gmt":"2024-11-09T11:27:06","slug":"seminario-municipal-de-boas-praticas-na-educacao-e-realizado-em-tocantinia","status":"publish","type":"post","link":"https:\/\/focotocantinense.com.br\/?p=8882","title":{"rendered":"Semin\u00e1rio Municipal de Boas Pr\u00e1ticas na Educa\u00e7\u00e3o \u00e9 realizado em Tocant\u00ednia"},"content":{"rendered":"\n<p><strong>Por Zacarias Martins<\/strong><\/p>\n\n\n\n<p><em><strong>O prefeito de Tocant\u00ednia, Jo\u00e3o Alberto&nbsp; enfaizou que durante a sua gest\u00e3o continuar\u00e1 n\u00e3o medindo esfor\u00e7os&nbsp; &#8220;para fazer o que for preciso para que as nossas crian\u00e7as tenham assegurado em 100% o seu direito de aprender a ler e escrever na idade certa contribuindo sobremaneira para uma Tocantinia pr\u00f3spera e alfabetizada&#8221;, garantiu o prefeito.<\/strong><\/em><\/p>\n\n\n\n<figure class=\"wp-block-image size-large is-resized\"><img loading=\"lazy\" decoding=\"async\" width=\"1024\" height=\"576\" src=\"https:\/\/focotocantinense.com.br\/wp-content\/uploads\/2024\/11\/OOOOOOO-1024x576.jpeg\" alt=\"\" class=\"wp-image-8883\" style=\"width:368px;height:auto\" srcset=\"https:\/\/focotocantinense.com.br\/wp-content\/uploads\/2024\/11\/OOOOOOO-1024x576.jpeg 1024w, https:\/\/focotocantinense.com.br\/wp-content\/uploads\/2024\/11\/OOOOOOO-300x169.jpeg 300w, https:\/\/focotocantinense.com.br\/wp-content\/uploads\/2024\/11\/OOOOOOO-768x432.jpeg 768w, https:\/\/focotocantinense.com.br\/wp-content\/uploads\/2024\/11\/OOOOOOO-1536x864.jpeg 1536w, https:\/\/focotocantinense.com.br\/wp-content\/uploads\/2024\/11\/OOOOOOO-2048x1152.jpeg 2048w\" sizes=\"auto, (max-width: 1024px) 100vw, 1024px\" \/><\/figure>\n\n\n\n<p><\/p>\n\n\n\n<p>A Prefeitura de Tocant\u00ednia, por meio da Secretaria Municipal de Educa\u00e7\u00e3o (Semed), realizou nos dias &nbsp;07 e 08 de novembro, &nbsp;o 1\u00b0 Semin\u00e1rio Municipal de Boas Pr\u00e1ticas no munic\u00edpio de Tocant\u00ednia.<\/p>\n\n\n\n<p>O evento aconteceu no audit\u00f3rio do Col\u00e9gio CEFYA, e contou com a presen\u00e7a de v\u00e1rias autoridades como o prefeito Jo\u00e3o Alberto Coelho Machado, o secret\u00e1rio municipal de Educa\u00e7\u00e3o Andr\u00e9 Goveia, o &nbsp;superintendente Regional de Educa\u00e7\u00e3o de Miracema do Tocantins, Jores Carlos Alves Batista, as articuladoras de gest\u00e3o e regional do Programa Alfabetiza Mais Tocantins, Luciene Ferreira, Let\u00edcia Apoliana, e o p\u00fablico em geral.<\/p>\n\n\n\n<p>O primeiro semin\u00e1rio de boas pr\u00e1ticas na alfabetiza\u00e7\u00e3o do 1\u00b0 e 2\u00b0 anos no munic\u00edpio de Tocant\u00ednia foi um evento marcante que reuniu especialistas e educadores para compartilhar experi\u00eancias e estrat\u00e9gias inovadoras em educa\u00e7\u00e3o. O objetivo principal foi promover a melhoria da qualidade educacional, especialmente na alfabetiza\u00e7\u00e3o dos alunos.<\/p>\n\n\n\n<figure class=\"wp-block-image is-resized\"><img decoding=\"async\" src=\"https:\/\/blogger.googleusercontent.com\/img\/b\/R29vZ2xl\/AVvXsEiuCIWgpW-PndgRWZuHA2_YV0zTVy_0p00WHrwK72gbN0F39ReKkOTmr9xCKG0FGKI9DH1ZQLdMtUp0664XD-4jka89hbYcYEWwI1ls8U5YL1HlTJHWBqq3XsAa5Ct1E9AoE8Rcmr0FoB-9plnpAzopLC29B8aR8OPhnl8eizZy3I_b46m6RthIUORCvOrE\/w423-h238\/3%20tocantinia.jpeg\" alt=\"\" style=\"width:840px;height:auto\"\/><\/figure>\n\n\n\n<p>No semin\u00e1rio foram &nbsp;apresentadas as boas pr\u00e1ticas das professoras do 1\u00b0 e 2\u00b0 anos que participaram dos encontros formativos que o programa traz, para contribuir no processo de ensino e aprendizagem dos alunos do munic\u00edpio de Tocant\u00ednia, al\u00e9m de contar com palestra e rodas de conversas com as professoras Alessandra Escobar e Eneida Brupahi Xerente.<\/p>\n\n\n\n<figure class=\"wp-block-image is-resized\"><img decoding=\"async\" src=\"https:\/\/blogger.googleusercontent.com\/img\/b\/R29vZ2xl\/AVvXsEhq6pUHtBnTX5o8hhT1ZrRJAG937Vf8H9YXkaOf5qfbGTuCk3Xp2SrCZ8TEIYhEPjkwMI0H1ewpYEWgO6hWI8U_XeBC_uEDO-J9Ii8H0eaFyZDGoH3Bdq3M0awaw9blKCYlxaZwYQLf8SNiV79fIhL8W3S20ftWXgZ219DlnJDBcssx3SakP30nJYLmVRKE\/w392-h261\/2%20%20tocantinia.jpeg\" alt=\"\" style=\"width:840px;height:auto\"\/><\/figure>\n\n\n\n<p><\/p>\n\n\n\n<p><strong>Garantia de futuro promissor<\/strong><br>O secret\u00e1rio municipal de Educa\u00e7\u00e3o Andr\u00e9 Goveia, disse que a alfabetiza\u00e7\u00e3o na idade certa&nbsp;\u00e9 fundamental para fortalecer a educa\u00e7\u00e3o no munic\u00edpio e garantir um futuro promissor \u00e0s crian\u00e7as. \u201cA Gest\u00e3o Municipal de Tocant\u00ednia est\u00e1 empenhada em proporcionar uma educa\u00e7\u00e3o de qualidade desde cedo, preparando as novas gera\u00e7\u00f5es para os desafios do futuro\u201d, afirmou o secret\u00e1rio.<\/p>\n\n\n\n<figure class=\"wp-block-image is-resized\"><img decoding=\"async\" src=\"https:\/\/blogger.googleusercontent.com\/img\/b\/R29vZ2xl\/AVvXsEhf7huboiCTi830f36B8A6TKsk4m8SWCGkGd3GtJoNK3iI6yNYekAtMTs5Pk2AqAQ2fRFPodb8GPVcpyX9CCjYIjP9aAbrVgrTXLJvj5WnQTu8ZXzilaoB7-V6DiOfHUc2mVtnnWkGWmATCGmsSjjHOghmvFDialGPQiL-q2nQc5XuLxcUJzVZ_ctKtwkAF\/w392-h589\/dddd.jfif\" alt=\"\" style=\"width:840px;height:auto\"\/><\/figure>\n\n\n\n<p><\/p>\n\n\n\n\n\n<p>J\u00e1 &nbsp;a Formadora Municipal, &nbsp;Ana Raquel Cruz explicou que a &nbsp;alfabetiza\u00e7\u00e3o na idade certa interfere, &nbsp;positivamente no desenvolvimento cognitivo, social e emocional dos alunos. \u201cComo professora, posso afirmar que essa etapa \u00e9 crucial para o sucesso educacional e pessoal\u201d, destacou.<\/p>\n\n\n\n<figure class=\"wp-block-image size-full\"><img loading=\"lazy\" decoding=\"async\" width=\"843\" height=\"251\" src=\"https:\/\/focotocantinense.com.br\/wp-content\/uploads\/2024\/11\/VINI_181_282-1-2.jpg\" alt=\"\" class=\"wp-image-8884\" srcset=\"https:\/\/focotocantinense.com.br\/wp-content\/uploads\/2024\/11\/VINI_181_282-1-2.jpg 843w, https:\/\/focotocantinense.com.br\/wp-content\/uploads\/2024\/11\/VINI_181_282-1-2-300x89.jpg 300w, https:\/\/focotocantinense.com.br\/wp-content\/uploads\/2024\/11\/VINI_181_282-1-2-768x229.jpg 768w\" sizes=\"auto, (max-width: 843px) 100vw, 843px\" \/><\/figure>\n","protected":false},"excerpt":{"rendered":"<p>Por Zacarias Martins O prefeito de Tocant\u00ednia, Jo\u00e3o Alberto&nbsp; enfaizou que durante a sua gest\u00e3o continuar\u00e1 n\u00e3o medindo esfor\u00e7os&nbsp; &#8220;para fazer o que for preciso para que as nossas crian\u00e7as tenham assegurado em 100% o seu direito de aprender a ler e escrever na idade certa contribuindo sobremaneira para uma Tocantinia pr\u00f3spera e alfabetizada&#8221;, garantiu &hellip;<\/p>\n","protected":false},"author":5,"featured_media":8883,"comment_status":"open","ping_status":"open","sticky":false,"template":"","format":"standard","meta":{"footnotes":""},"categories":[78],"tags":[],"class_list":["post-8882","post","type-post","status-publish","format-standard","has-post-thumbnail","","category-tocantinia"],"_links":{"self":[{"href":"https:\/\/focotocantinense.com.br\/index.php?rest_route=\/wp\/v2\/posts\/8882","targetHints":{"allow":["GET"]}}],"collection":[{"href":"https:\/\/focotocantinense.com.br\/index.php?rest_route=\/wp\/v2\/posts"}],"about":[{"href":"https:\/\/focotocantinense.com.br\/index.php?rest_route=\/wp\/v2\/types\/post"}],"author":[{"embeddable":true,"href":"https:\/\/focotocantinense.com.br\/index.php?rest_route=\/wp\/v2\/users\/5"}],"replies":[{"embeddable":true,"href":"https:\/\/focotocantinense.com.br\/index.php?rest_route=%2Fwp%2Fv2%2Fcomments&post=8882"}],"version-history":[{"count":7,"href":"https:\/\/focotocantinense.com.br\/index.php?rest_route=\/wp\/v2\/posts\/8882\/revisions"}],"predecessor-version":[{"id":8892,"href":"https:\/\/focotocantinense.com.br\/index.php?rest_route=\/wp\/v2\/posts\/8882\/revisions\/8892"}],"wp:featuredmedia":[{"embeddable":true,"href":"https:\/\/focotocantinense.com.br\/index.php?rest_route=\/wp\/v2\/media\/8883"}],"wp:attachment":[{"href":"https:\/\/focotocantinense.com.br\/index.php?rest_route=%2Fwp%2Fv2%2Fmedia&parent=8882"}],"wp:term":[{"taxonomy":"category","embeddable":true,"href":"https:\/\/focotocantinense.com.br\/index.php?rest_route=%2Fwp%2Fv2%2Fcategories&post=8882"},{"taxonomy":"post_tag","embeddable":true,"href":"https:\/\/focotocantinense.com.br\/index.php?rest_route=%2Fwp%2Fv2%2Ftags&post=8882"}],"curies":[{"name":"wp","href":"https:\/\/api.w.org\/{rel}","templated":true}]}}