{"id":888,"date":"2021-03-10T17:06:11","date_gmt":"2021-03-10T20:06:11","guid":{"rendered":"http:\/\/focotocantinense.com.br\/?p=888"},"modified":"2021-03-10T17:16:08","modified_gmt":"2021-03-10T20:16:08","slug":"secretario-de-educacao-de-tocantinia-emite-comunicado-sobre-o-caderno-de-atividades-dos-alunos-do-municipio","status":"publish","type":"post","link":"https:\/\/focotocantinense.com.br\/?p=888","title":{"rendered":"Secret\u00e1rio de Educa\u00e7\u00e3o de Tocant\u00ednia emite comunicado sobre o caderno de atividades dos alunos do munic\u00edpio"},"content":{"rendered":"\n<figure class=\"wp-block-image size-large\"><img loading=\"lazy\" decoding=\"async\" width=\"524\" height=\"418\" src=\"http:\/\/focotocantinense.com.br\/wp-content\/uploads\/2021\/03\/image-5.png\" alt=\"\" class=\"wp-image-892\" srcset=\"https:\/\/focotocantinense.com.br\/wp-content\/uploads\/2021\/03\/image-5.png 524w, https:\/\/focotocantinense.com.br\/wp-content\/uploads\/2021\/03\/image-5-300x239.png 300w\" sizes=\"auto, (max-width: 524px) 100vw, 524px\" \/><\/figure>\n\n\n\n<p><strong>Por Leontina Martins<\/strong><\/p>\n\n\n\n<p>O secret\u00e1rio Educa\u00e7\u00e3o de Tocant\u00ednia, Andr\u00e9 Goveia, divulgou nesta ter\u00e7a-feira (9), um comunicado aos pais de alunos, alunos e tamb\u00e9m, a todos os servidores da Rede Municipal de Educa\u00e7\u00e3o que nesta semana n\u00e3o ser\u00e1 entregue o caderno com o bloco de atividades quinzenais, devido as medidas que a administra\u00e7\u00e3o municipal est\u00e1 tomando visando prevenir a prolifera\u00e7\u00e3o da Covid-19 no munic\u00edpio, conforme decreto do Poder Executivo Municipal.<\/p>\n\n\n\n<p>Por conta disso, a Secretaria Municipal de Educa\u00e7\u00e3o de Tocant\u00ednia orienta pais e alunos para que procurem revisar os cadernos do bloco anterior at\u00e9 o dia 17 de mar\u00e7o, data que&nbsp;&nbsp; se finda os feitos do decreto, ocasi\u00e3o quando a partir de ent\u00e3o, come\u00e7ar\u00e1 a ser entregue o pr\u00f3ximo caderno de atividades.<\/p>\n\n\n\n<p><strong><a href=\"https:\/\/tocantinia.to.gov.br\/media\/videos\/2021\/03\/10\/tocantinia.mp4\">Assista ao&nbsp; comunicado do secret\u00e1rio clicando aqui.<\/a><\/strong><\/p>\n","protected":false},"excerpt":{"rendered":"<p>Por Leontina Martins O secret\u00e1rio Educa\u00e7\u00e3o de Tocant\u00ednia, Andr\u00e9 Goveia, divulgou nesta ter\u00e7a-feira (9), um comunicado aos pais de alunos, alunos e tamb\u00e9m, a todos os servidores da Rede Municipal de Educa\u00e7\u00e3o que nesta semana n\u00e3o ser\u00e1 entregue o caderno com o bloco de atividades quinzenais, devido as medidas que a administra\u00e7\u00e3o municipal est\u00e1 tomando &hellip;<\/p>\n","protected":false},"author":5,"featured_media":890,"comment_status":"open","ping_status":"open","sticky":true,"template":"","format":"standard","meta":{"footnotes":""},"categories":[1],"tags":[],"class_list":["post-888","post","type-post","status-publish","format-standard","has-post-thumbnail","","category-sem-categoria"],"_links":{"self":[{"href":"https:\/\/focotocantinense.com.br\/index.php?rest_route=\/wp\/v2\/posts\/888","targetHints":{"allow":["GET"]}}],"collection":[{"href":"https:\/\/focotocantinense.com.br\/index.php?rest_route=\/wp\/v2\/posts"}],"about":[{"href":"https:\/\/focotocantinense.com.br\/index.php?rest_route=\/wp\/v2\/types\/post"}],"author":[{"embeddable":true,"href":"https:\/\/focotocantinense.com.br\/index.php?rest_route=\/wp\/v2\/users\/5"}],"replies":[{"embeddable":true,"href":"https:\/\/focotocantinense.com.br\/index.php?rest_route=%2Fwp%2Fv2%2Fcomments&post=888"}],"version-history":[{"count":3,"href":"https:\/\/focotocantinense.com.br\/index.php?rest_route=\/wp\/v2\/posts\/888\/revisions"}],"predecessor-version":[{"id":895,"href":"https:\/\/focotocantinense.com.br\/index.php?rest_route=\/wp\/v2\/posts\/888\/revisions\/895"}],"wp:featuredmedia":[{"embeddable":true,"href":"https:\/\/focotocantinense.com.br\/index.php?rest_route=\/wp\/v2\/media\/890"}],"wp:attachment":[{"href":"https:\/\/focotocantinense.com.br\/index.php?rest_route=%2Fwp%2Fv2%2Fmedia&parent=888"}],"wp:term":[{"taxonomy":"category","embeddable":true,"href":"https:\/\/focotocantinense.com.br\/index.php?rest_route=%2Fwp%2Fv2%2Fcategories&post=888"},{"taxonomy":"post_tag","embeddable":true,"href":"https:\/\/focotocantinense.com.br\/index.php?rest_route=%2Fwp%2Fv2%2Ftags&post=888"}],"curies":[{"name":"wp","href":"https:\/\/api.w.org\/{rel}","templated":true}]}}