{"id":8878,"date":"2024-11-08T21:31:11","date_gmt":"2024-11-09T00:31:11","guid":{"rendered":"https:\/\/focotocantinense.com.br\/?p=8878"},"modified":"2024-11-08T21:33:57","modified_gmt":"2024-11-09T00:33:57","slug":"representantes-de-tocantinia-apresentam-trabalho-cientifico-na-feira-de-ciencias-do-estado-do-tocantins","status":"publish","type":"post","link":"https:\/\/focotocantinense.com.br\/?p=8878","title":{"rendered":"Representantes de Tocant\u00ednia apresentam trabalho cient\u00edfico na Feira de Ci\u00eancias do Estado do Tocantins"},"content":{"rendered":"\n<p><strong>Por Zacarias Martins<\/strong><\/p>\n\n\n\n<p><em>Nos dias 07 e 08 de novembro na cidade de Aragua\u00edna, norte do Estado, aconteceu a IX FECIT IX Feira de Ci\u00eancias do Estado do Tocantins- Sustentabilidade na Amaz\u00f4nia e no Cerrado: Preserva\u00e7\u00e3o Ambiental e Valoriza\u00e7\u00e3o Cultural. Na ocasi\u00e3o diversas pesquisas, experimentos e amostras cientificas foram apresentadas num momento de destaque para o papel da Ci\u00eancia no desenvolvimento da sociedade.\u00a0<\/em><\/p>\n\n\n\n<figure class=\"wp-block-image size-large is-resized\"><img loading=\"lazy\" decoding=\"async\" width=\"1024\" height=\"597\" src=\"https:\/\/focotocantinense.com.br\/wp-content\/uploads\/2024\/11\/samua-e-equipe-de-tocantinia-1024x597.jpeg\" alt=\"\" class=\"wp-image-8879\" style=\"width:368px;height:auto\" srcset=\"https:\/\/focotocantinense.com.br\/wp-content\/uploads\/2024\/11\/samua-e-equipe-de-tocantinia-1024x597.jpeg 1024w, https:\/\/focotocantinense.com.br\/wp-content\/uploads\/2024\/11\/samua-e-equipe-de-tocantinia-300x175.jpeg 300w, https:\/\/focotocantinense.com.br\/wp-content\/uploads\/2024\/11\/samua-e-equipe-de-tocantinia-768x448.jpeg 768w, https:\/\/focotocantinense.com.br\/wp-content\/uploads\/2024\/11\/samua-e-equipe-de-tocantinia.jpeg 1074w\" sizes=\"auto, (max-width: 1024px) 100vw, 1024px\" \/><\/figure>\n\n\n\n<p><\/p>\n\n\n\n<p>Foi apresentado um trabalho cient\u00edfico que tem por t\u00edtulo&nbsp;<em>\u201cMostra Cient\u00edfica Ind\u00edgena: Etnoci\u00eancia e Educa\u00e7\u00e3o Ambiental em Di\u00e1logo com os Saberes Ancestrais e Cient\u00edficos\u201d,<\/em>&nbsp; e que relata a experiencia da Rede Municipal de Ensino de Tocant\u00ednia, que j\u00e1 desenvolveu duas Amostras de Ci\u00eancias com o objetivo de incentivar a valoriza\u00e7\u00e3o e produ\u00e7\u00e3o cientifica com vistas ao desenvolvimento integral dos alunos e da comunidade.<\/p>\n\n\n\n<p>Esse trabalho foi&nbsp; apresentado pela mestranda do PPGCIM\/UFT, Samua Rosa, professor e mestrando em educa\u00e7\u00e3o pela UFT,&nbsp; Samuel Marques e a aluna Rute Xerente, do 9\u00ba ano do Centro Educacional F\u00e9 e Alegria Frei Ant\u00f4nio, representando todos alunos da rede municipal e estadual do munic\u00edpio de Tocant\u00ednia.<\/p>\n\n\n\n<p><strong><em>Educa\u00e7\u00e3o Ambiental<\/em><\/strong><\/p>\n\n\n\n<p>O trabalho apresentado por eles&nbsp; destacou&nbsp; a cultura ind\u00edgena, educa\u00e7\u00e3o ambiental, mudan\u00e7as clim\u00e1ticas e as pr\u00e1ticas ambientais dentro da educa\u00e7\u00e3o do munic\u00edpio de Tocant\u00ednia,&nbsp; chamando aten\u00e7\u00e3o para o cuidado e o fortalecimento da educa\u00e7\u00e3o ambiental n\u00e3o s\u00f3 nos espa\u00e7os educativos,&nbsp; mas em todas as \u00e1reas da sociedade, de forma que n\u00e3o ocorram manifesta\u00e7\u00f5es de impacto ambiental que interfiram nas mudan\u00e7as clim\u00e1ticas e no bem estar da sociedade, de forma espec\u00edfica, com os povos origin\u00e1rios presentes no munic\u00edpio.<\/p>\n\n\n\n<p>Para a pesquisadora Samua Rosa&nbsp;<em>\u201cEsse \u00e9 um momento significativo para n\u00f3s que estamos representando o munic\u00edpio de Tocant\u00ednia neste evento de extrema import\u00e2ncia onde a ci\u00eancia \u00e9 colocada em evidencia e n\u00f3s podemos trazer da nossa pacata cidade uma experiencia importante que incentiva alunos e docentes a produzirem ci\u00eancia e de forma mais especial ainda quando essa iniciativa \u00e9 voltada a combater pr\u00e1ticas que impactam de forma negativa as popula\u00e7\u00f5es ind\u00edgenas com as mudan\u00e7as clim\u00e1ticas.\u201d<\/em><\/p>\n\n\n\n<p><strong><em>Evolu\u00e7\u00e3o da Ci\u00eancia<\/em><\/strong><\/p>\n\n\n\n<p>J\u00e1&nbsp; o professor e Assessor de Curr\u00edculo do ensino de Ci\u00eancias, o bi\u00f3logo&nbsp; Samuel Marques disse ser&nbsp; fundamental essa participa\u00e7\u00e3o em espa\u00e7os como a FECITO,&nbsp; que segundo ele, n\u00e3o s\u00f3&nbsp; produz e incentiva pr\u00e1ticas cientificas,&nbsp; mas,&nbsp; tamb\u00e9m,&nbsp; \u00e9 um chamamento a toda comunidade&nbsp; &nbsp;para se envolver e valorizar as pol\u00edticas e iniciativas da ci\u00eancia,&nbsp; uma vez que \u00e9 a ci\u00eancia que move a evolu\u00e7\u00e3o da sociedade sobretudo, na esfera escolar.<\/p>\n\n\n\n<p><strong><em>Ideias \u00f3timas<\/em><\/strong><\/p>\n\n\n\n<p>Por sua vez, a aluna Rute Xerente, disse que estava muito feliz com essa maravilhosa oportunidade de representar os alunos da sua cidade de Tocant\u00ednia.<em>&nbsp;\u201cAprender e ensinar tantas coisas boas para nossa vida e para nossos estudos como vi aqui nessa Feira de Ci\u00eancias, foi maravilhoso. Vou levar ideias \u00f3timas para meus colegas que experimentei aqui que vai ajudar muito na sala de aula para eles\u201d,<\/em>&nbsp;concluiu a aluna.<\/p>\n\n\n<div class=\"wp-block-image\">\n<figure class=\"aligncenter\"><img decoding=\"async\" src=\"https:\/\/portaldoamaral.com.br\/wp-content\/uploads\/2024\/11\/WhatsApp-Image-2024-11-08-at-18.26.05.jpeg\" alt=\"\" class=\"wp-image-158699\"\/><\/figure>\n<\/div>","protected":false},"excerpt":{"rendered":"<p>Por Zacarias Martins Nos dias 07 e 08 de novembro na cidade de Aragua\u00edna, norte do Estado, aconteceu a IX FECIT IX Feira de Ci\u00eancias do Estado do Tocantins- Sustentabilidade na Amaz\u00f4nia e no Cerrado: Preserva\u00e7\u00e3o Ambiental e Valoriza\u00e7\u00e3o Cultural. Na ocasi\u00e3o diversas pesquisas, experimentos e amostras cientificas foram apresentadas num momento de destaque para &hellip;<\/p>\n","protected":false},"author":5,"featured_media":8879,"comment_status":"open","ping_status":"open","sticky":false,"template":"","format":"standard","meta":{"footnotes":""},"categories":[1],"tags":[],"class_list":["post-8878","post","type-post","status-publish","format-standard","has-post-thumbnail","","category-sem-categoria"],"_links":{"self":[{"href":"https:\/\/focotocantinense.com.br\/index.php?rest_route=\/wp\/v2\/posts\/8878","targetHints":{"allow":["GET"]}}],"collection":[{"href":"https:\/\/focotocantinense.com.br\/index.php?rest_route=\/wp\/v2\/posts"}],"about":[{"href":"https:\/\/focotocantinense.com.br\/index.php?rest_route=\/wp\/v2\/types\/post"}],"author":[{"embeddable":true,"href":"https:\/\/focotocantinense.com.br\/index.php?rest_route=\/wp\/v2\/users\/5"}],"replies":[{"embeddable":true,"href":"https:\/\/focotocantinense.com.br\/index.php?rest_route=%2Fwp%2Fv2%2Fcomments&post=8878"}],"version-history":[{"count":2,"href":"https:\/\/focotocantinense.com.br\/index.php?rest_route=\/wp\/v2\/posts\/8878\/revisions"}],"predecessor-version":[{"id":8881,"href":"https:\/\/focotocantinense.com.br\/index.php?rest_route=\/wp\/v2\/posts\/8878\/revisions\/8881"}],"wp:featuredmedia":[{"embeddable":true,"href":"https:\/\/focotocantinense.com.br\/index.php?rest_route=\/wp\/v2\/media\/8879"}],"wp:attachment":[{"href":"https:\/\/focotocantinense.com.br\/index.php?rest_route=%2Fwp%2Fv2%2Fmedia&parent=8878"}],"wp:term":[{"taxonomy":"category","embeddable":true,"href":"https:\/\/focotocantinense.com.br\/index.php?rest_route=%2Fwp%2Fv2%2Fcategories&post=8878"},{"taxonomy":"post_tag","embeddable":true,"href":"https:\/\/focotocantinense.com.br\/index.php?rest_route=%2Fwp%2Fv2%2Ftags&post=8878"}],"curies":[{"name":"wp","href":"https:\/\/api.w.org\/{rel}","templated":true}]}}