{"id":8869,"date":"2024-11-08T17:43:05","date_gmt":"2024-11-08T20:43:05","guid":{"rendered":"https:\/\/focotocantinense.com.br\/?p=8869"},"modified":"2024-11-08T17:47:02","modified_gmt":"2024-11-08T20:47:02","slug":"roda-de-conversa-com-o-poeta-zacarias-martins-movimenta-o-i-seminario-do-alfabetiza-mais-em-darcinopolis","status":"publish","type":"post","link":"https:\/\/focotocantinense.com.br\/?p=8869","title":{"rendered":"Roda de conversa com o poeta Zacarias Martins movimenta o I Semin\u00e1rio do Alfabetiza Mais em Darcin\u00f3polis"},"content":{"rendered":"\n<p><strong><em>Por Rodrigo Martins &#8211; Fotos: Divulga\u00e7\u00e3o<\/em><\/strong><\/p>\n\n\n\n<p>O poeta, jornalista e ativista cultural Zacarias Martins foi a grande atra\u00e7\u00e3o do I Semin\u00e1rio Municipal de Educa\u00e7\u00e3o: Dissemina\u00e7\u00e3o de boas pr\u00e1ticas de leitura e letramento I Semin\u00e1rio do Programa Alfabetiza Mais Tocantins, promovido pela &nbsp; Prefeitura de Darcin\u00f3polis, por meio da Secretaria Municipal de Educa\u00e7\u00e3o (Semed), que come\u00e7ou na quinta-feira, dia 7 e se encerra nesta sexta-feira, dia 8, com uma vasta programa\u00e7\u00e3o, no Audit\u00f3rio Gilmar Alves Vila Nova, da Escola Municipal Vitor Dias.<\/p>\n\n\n\n<p>A participa\u00e7\u00e3o do consagrado poeta tocantinense aconteceu nesta sexta-feira pela manh\u00e3, quando Zacarias Martins apresentou a sua j\u00e1 famosa Roda de Conversa Liter\u00e1ria aos professores da Rede Municipal de Ensino que participaram desse semin\u00e1rio.<\/p>\n\n\n\n<p>De uma forma l\u00fadica e bem humorada, Zacarias Martins falou um pouco da sua trajet\u00f3ria liter\u00e1ria e promoveu um recital de suas poesias. Tamb\u00e9m destacou a import\u00e2ncia do h\u00e1bito da leitura para ampliar os horizontes do conhecimento dos alunos.<\/p>\n\n\n\n<figure class=\"wp-block-image size-large is-resized\"><img loading=\"lazy\" decoding=\"async\" width=\"768\" height=\"1024\" src=\"https:\/\/focotocantinense.com.br\/wp-content\/uploads\/2024\/11\/4-Poeta-e-Delegado-de-Policia-Tiago-Daniel-a-direora-da-unidade-escolar-professora-Antonia-Celia-de-Sousa-Silva-e-o-poeta-Zacarias-Martins-768x1024.jpeg\" alt=\"\" class=\"wp-image-8872\" style=\"width:386px;height:auto\" srcset=\"https:\/\/focotocantinense.com.br\/wp-content\/uploads\/2024\/11\/4-Poeta-e-Delegado-de-Policia-Tiago-Daniel-a-direora-da-unidade-escolar-professora-Antonia-Celia-de-Sousa-Silva-e-o-poeta-Zacarias-Martins-768x1024.jpeg 768w, https:\/\/focotocantinense.com.br\/wp-content\/uploads\/2024\/11\/4-Poeta-e-Delegado-de-Policia-Tiago-Daniel-a-direora-da-unidade-escolar-professora-Antonia-Celia-de-Sousa-Silva-e-o-poeta-Zacarias-Martins-225x300.jpeg 225w, https:\/\/focotocantinense.com.br\/wp-content\/uploads\/2024\/11\/4-Poeta-e-Delegado-de-Policia-Tiago-Daniel-a-direora-da-unidade-escolar-professora-Antonia-Celia-de-Sousa-Silva-e-o-poeta-Zacarias-Martins.jpeg 960w\" sizes=\"auto, (max-width: 768px) 100vw, 768px\" \/><\/figure>\n\n\n\n<p><\/p>\n\n\n\n<p><strong>Guupito<\/strong><br>Um dos momentos que emocionou &nbsp;o escritor palestrante aconteceu quando ele foi surpreendido &nbsp;pela apresenta\u00e7\u00e3o &nbsp;de grupo de &nbsp;alunos do 5\u00ba Ano \u201cA\u201d, coordenados pela professora Eletice Cort\u00eas de Moraes, que encenaram o conte\u00fado de seu livro infantil&nbsp;<strong><em>\u201cAs Aventuras de Gurupito\u201d.<\/em><\/strong><\/p>\n\n\n\n<p>Por fim, o escritor agradeceu pela calorosa &nbsp;acolhida e &nbsp;fez sorteio de exemplares de seus livros &nbsp;aos professores.<\/p>\n\n\n\n<figure class=\"wp-block-gallery has-nested-images columns-default is-cropped wp-block-gallery-1 is-layout-flex wp-block-gallery-is-layout-flex\">\n<figure class=\"wp-block-image size-large\"><img loading=\"lazy\" decoding=\"async\" width=\"829\" height=\"421\" data-id=\"8870\" src=\"https:\/\/focotocantinense.com.br\/wp-content\/uploads\/2024\/11\/1-O-poeta-Zacarias-Martin-no-I-Seminario-do-Programa-Alfabetiza-Mais-em-Darcinopolis.jpeg\" alt=\"\" class=\"wp-image-8870\" srcset=\"https:\/\/focotocantinense.com.br\/wp-content\/uploads\/2024\/11\/1-O-poeta-Zacarias-Martin-no-I-Seminario-do-Programa-Alfabetiza-Mais-em-Darcinopolis.jpeg 829w, https:\/\/focotocantinense.com.br\/wp-content\/uploads\/2024\/11\/1-O-poeta-Zacarias-Martin-no-I-Seminario-do-Programa-Alfabetiza-Mais-em-Darcinopolis-300x152.jpeg 300w, https:\/\/focotocantinense.com.br\/wp-content\/uploads\/2024\/11\/1-O-poeta-Zacarias-Martin-no-I-Seminario-do-Programa-Alfabetiza-Mais-em-Darcinopolis-768x390.jpeg 768w\" sizes=\"auto, (max-width: 829px) 100vw, 829px\" \/><\/figure>\n<\/figure>\n\n\n\n<p><\/p>\n\n\n\n<p><strong>Aprimoramento pedag\u00f3gico<\/strong><\/p>\n\n\n\n<p>A gestora da unidade escolar, a professora Ant\u00f4nia C\u00e9lia de Sousa Silva, &nbsp;falou sobre &nbsp;a import\u00e2ncia &nbsp;da roda de conversa &nbsp;do escritor, destacando que Zacarias Martins \u00e9 um dos principais &nbsp;autores contempor\u00e2neos do Tocantins, tem uma bagagem cultural expressiva e por isso mesmo sua presen\u00e7a no I Semin\u00e1rio do Alfabetiza Mais Tocantins, de Darcin\u00f3polis, &nbsp;em muito &nbsp;contribui para o aprimoramento dos professores da Rede Municipal de Ensino que v\u00e3o compartilhar novos conhecimentos com seus alunos, tornando as aulas assim, mais agrad\u00e1veis e agilizando as atividades de ensino e aprendizagem.<\/p>\n\n\n\n<figure class=\"wp-block-image size-large\"><img loading=\"lazy\" decoding=\"async\" width=\"1024\" height=\"768\" src=\"https:\/\/focotocantinense.com.br\/wp-content\/uploads\/2024\/11\/3-Apresentacao-de-grupo-de-aluno-do-5o-Ano-A-coordenados-pela-professora-Eletice-Cortes-de-Moraes-que-encenaram-o-conteudo-de-seu-livro-infantil-As-Aventuras-de-Gurupito-1024x768.jpeg\" alt=\"\" class=\"wp-image-8875\" srcset=\"https:\/\/focotocantinense.com.br\/wp-content\/uploads\/2024\/11\/3-Apresentacao-de-grupo-de-aluno-do-5o-Ano-A-coordenados-pela-professora-Eletice-Cortes-de-Moraes-que-encenaram-o-conteudo-de-seu-livro-infantil-As-Aventuras-de-Gurupito-1024x768.jpeg 1024w, https:\/\/focotocantinense.com.br\/wp-content\/uploads\/2024\/11\/3-Apresentacao-de-grupo-de-aluno-do-5o-Ano-A-coordenados-pela-professora-Eletice-Cortes-de-Moraes-que-encenaram-o-conteudo-de-seu-livro-infantil-As-Aventuras-de-Gurupito-300x225.jpeg 300w, https:\/\/focotocantinense.com.br\/wp-content\/uploads\/2024\/11\/3-Apresentacao-de-grupo-de-aluno-do-5o-Ano-A-coordenados-pela-professora-Eletice-Cortes-de-Moraes-que-encenaram-o-conteudo-de-seu-livro-infantil-As-Aventuras-de-Gurupito-768x576.jpeg 768w, https:\/\/focotocantinense.com.br\/wp-content\/uploads\/2024\/11\/3-Apresentacao-de-grupo-de-aluno-do-5o-Ano-A-coordenados-pela-professora-Eletice-Cortes-de-Moraes-que-encenaram-o-conteudo-de-seu-livro-infantil-As-Aventuras-de-Gurupito.jpeg 1280w\" sizes=\"auto, (max-width: 1024px) 100vw, 1024px\" \/><\/figure>\n\n\n\n<p><\/p>\n\n\n\n<p>A secret\u00e1ria Municipal de Educa\u00e7\u00e3o, M\u00e1rcia Cristina Dias Cunha, enfatizou a import\u00e2ncia de investir na \u00e1rea da educa\u00e7\u00e3o infantil e no desenvolvimento integral das crian\u00e7as, destacando a import\u00e2ncia de pol\u00edticas p\u00fablicas que apoiem uma educa\u00e7\u00e3o de qualidade desde os primeiros anos de vida<\/p>\n\n\n\n<p>\u201cO Alfabetiza Mais Tocantins \u00e9 fundamental para fortalecermos a educa\u00e7\u00e3o em nosso munic\u00edpio e garantir um futuro promissor para nossas crian\u00e7as. A Administra\u00e7\u00e3o Municipal de Darcin\u00f3polis est\u00e1 empenhada em proporcionar uma educa\u00e7\u00e3o de qualidade desde cedo, preparando as novas gera\u00e7\u00f5es para os desafios do futuro\u201d, disse a secret\u00e1ria.<\/p>\n\n\n\n<figure class=\"wp-block-image is-resized is-style-default\"><img decoding=\"async\" src=\"https:\/\/blogger.googleusercontent.com\/img\/b\/R29vZ2xl\/AVvXsEhTqcCi3hZ0jTQW6rR47ih3Miol0Z_6WPlZgHgFs0yDTlvpPQKYSYQaOxezipwAyVzGJwcnnsPYhhnsJuC8BbX4dDa8gsr8H8hC2zsO_dn1t1BeQqvsZOmxMPBMJ3t2lIc89-HUuyt0b2PPliy-Fj3huHXqzhAheWp-aR7VJTMu6XjlJi4NhqDoLCs7nGAj\/w451-h345\/O%20poeta%20%20Zacarias%20Martins%20com%20a%20professora%20Raimunda%20Concei%C3%A7%C3%A3o%20da%20Silva%20Paiva,%20Formadora%20do%20Programa%20Alfabetiza%20Mais%20%201%C2%B0%20e%202%C2%B0%20anos%20em%20Darcin%C3%B3polis.jfif\" alt=\"\" style=\"width:840px;height:auto\"\/><\/figure>\n\n\n\n<p><\/p>\n\n\n\n<figure class=\"wp-block-image size-full\"><img loading=\"lazy\" decoding=\"async\" width=\"843\" height=\"251\" src=\"https:\/\/focotocantinense.com.br\/wp-content\/uploads\/2024\/11\/VINI_181_282-1-1.jpg\" alt=\"\" class=\"wp-image-8862\" srcset=\"https:\/\/focotocantinense.com.br\/wp-content\/uploads\/2024\/11\/VINI_181_282-1-1.jpg 843w, https:\/\/focotocantinense.com.br\/wp-content\/uploads\/2024\/11\/VINI_181_282-1-1-300x89.jpg 300w, https:\/\/focotocantinense.com.br\/wp-content\/uploads\/2024\/11\/VINI_181_282-1-1-768x229.jpg 768w\" sizes=\"auto, (max-width: 843px) 100vw, 843px\" \/><\/figure>\n","protected":false},"excerpt":{"rendered":"<p>Por Rodrigo Martins &#8211; Fotos: Divulga\u00e7\u00e3o O poeta, jornalista e ativista cultural Zacarias Martins foi a grande atra\u00e7\u00e3o do I Semin\u00e1rio Municipal de Educa\u00e7\u00e3o: Dissemina\u00e7\u00e3o de boas pr\u00e1ticas de leitura e letramento I Semin\u00e1rio do Programa Alfabetiza Mais Tocantins, promovido pela &nbsp; Prefeitura de Darcin\u00f3polis, por meio da Secretaria Municipal de Educa\u00e7\u00e3o (Semed), que come\u00e7ou &hellip;<\/p>\n","protected":false},"author":5,"featured_media":8870,"comment_status":"open","ping_status":"open","sticky":false,"template":"","format":"standard","meta":{"footnotes":""},"categories":[1],"tags":[],"class_list":["post-8869","post","type-post","status-publish","format-standard","has-post-thumbnail","","category-sem-categoria"],"_links":{"self":[{"href":"https:\/\/focotocantinense.com.br\/index.php?rest_route=\/wp\/v2\/posts\/8869","targetHints":{"allow":["GET"]}}],"collection":[{"href":"https:\/\/focotocantinense.com.br\/index.php?rest_route=\/wp\/v2\/posts"}],"about":[{"href":"https:\/\/focotocantinense.com.br\/index.php?rest_route=\/wp\/v2\/types\/post"}],"author":[{"embeddable":true,"href":"https:\/\/focotocantinense.com.br\/index.php?rest_route=\/wp\/v2\/users\/5"}],"replies":[{"embeddable":true,"href":"https:\/\/focotocantinense.com.br\/index.php?rest_route=%2Fwp%2Fv2%2Fcomments&post=8869"}],"version-history":[{"count":4,"href":"https:\/\/focotocantinense.com.br\/index.php?rest_route=\/wp\/v2\/posts\/8869\/revisions"}],"predecessor-version":[{"id":8877,"href":"https:\/\/focotocantinense.com.br\/index.php?rest_route=\/wp\/v2\/posts\/8869\/revisions\/8877"}],"wp:featuredmedia":[{"embeddable":true,"href":"https:\/\/focotocantinense.com.br\/index.php?rest_route=\/wp\/v2\/media\/8870"}],"wp:attachment":[{"href":"https:\/\/focotocantinense.com.br\/index.php?rest_route=%2Fwp%2Fv2%2Fmedia&parent=8869"}],"wp:term":[{"taxonomy":"category","embeddable":true,"href":"https:\/\/focotocantinense.com.br\/index.php?rest_route=%2Fwp%2Fv2%2Fcategories&post=8869"},{"taxonomy":"post_tag","embeddable":true,"href":"https:\/\/focotocantinense.com.br\/index.php?rest_route=%2Fwp%2Fv2%2Ftags&post=8869"}],"curies":[{"name":"wp","href":"https:\/\/api.w.org\/{rel}","templated":true}]}}