{"id":8860,"date":"2024-11-06T18:01:22","date_gmt":"2024-11-06T21:01:22","guid":{"rendered":"https:\/\/focotocantinense.com.br\/?p=8860"},"modified":"2024-11-06T18:04:57","modified_gmt":"2024-11-06T21:04:57","slug":"artistas-de-araguaina-tem-ate-sexta-feira-para-se-inscrever-no-edital-da-lei-aldir-blanc","status":"publish","type":"post","link":"https:\/\/focotocantinense.com.br\/?p=8860","title":{"rendered":"Artistas de Aragua\u00edna t\u00eam at\u00e9 sexta-feira para se inscrever no edital da Lei Aldir Blanc"},"content":{"rendered":"\n<p><strong>Por Rodrigo Martins<\/strong><\/p>\n\n\n\n<p>Artistas e produtores culturais de Aragua\u00edna t\u00eam at\u00e9 esta sexta-feira, 08, para submeter seus projetos ao edital da Lei Aldir Blanc, que est\u00e1 investindo mais de R$ 650 mil na cultura local. A sele\u00e7\u00e3o apoiar\u00e1 at\u00e9 40 projetos, promovendo diversas express\u00f5es culturais no munic\u00edpio e fortalecendo a atua\u00e7\u00e3o dos profissionais do setor art\u00edstico.<\/p>\n\n\n\n<p>Os recursos da Lei Aldir Blanc, um programa nacional de incentivo \u00e0 cultura implementado pelo Minist\u00e9rio da Cultura, visam impulsionar o cen\u00e1rio art\u00edstico local com financiamento em diversas \u00e1reas, como artes visuais, c\u00eanicas, m\u00fasica e literatura. O investimento \u00e9 visto como essencial para fomentar o desenvolvimento cultural e criar novas oportunidades para os artistas da regi\u00e3o.<\/p>\n\n\n\n<p>George Henrique, Coordenador Regional Norte do&nbsp;<strong>Comit\u00ea de Cultura no Tocantins&nbsp;<\/strong>e Diretor do Regional Norte da Federa\u00e7\u00e3o Tocantinense de Artes C\u00eanicas (FETAC), comemorou a abertura do edital. \u201cEsse apoio \u00e9 um impulso fundamental para ampliar a produ\u00e7\u00e3o cultural em nossa regi\u00e3o. A Lei Aldir Blanc representa uma conquista, oferecendo recursos que possibilitam \u00e0 cultura crescer e se desenvolver, alcan\u00e7ando mais pessoas e levando o talento de nossos artistas ao p\u00fablico.\u201d George destaca ainda que o Comit\u00ea de Cultura vem para expandir a informa\u00e7\u00e3o, fortalecer a comunica\u00e7\u00e3o popular e a participa\u00e7\u00e3o cidad\u00e3 no \u00e2mbito das pol\u00edticas culturais.<\/p>\n\n\n\n<p>As inscri\u00e7\u00f5es podem ser realizadas diretamente no portal oficial, onde os candidatos encontram todas as orienta\u00e7\u00f5es e crit\u00e9rios para participa\u00e7\u00e3o. Cada interessado deve preencher o formul\u00e1rio de inscri\u00e7\u00e3o e fornecer a documenta\u00e7\u00e3o exigida, detalhando o projeto e como ele contribuir\u00e1 para o fortalecimento da cultura local. <\/p>\n\n\n\n<p><strong>Sobre o Comit\u00ea de Cultura<\/strong><\/p>\n\n\n\n<p>O Comit\u00ea de Cultura no Tocantins \u00e9 fruto de uma parceria entre a Federa\u00e7\u00e3o Tocantinense de Artes C\u00eanicas (FETAC), Associa\u00e7\u00e3o Gurupiense de Artes\u00e3os (AGA), e o Instituto Social Cultural Araguaia (ISCA). Al\u00e9m da sede que fica em Palmas, sob a com a coordena\u00e7\u00e3o geral de Kak\u00e1 Nogueira, Wanderson Ramos e de uma equipe gestora, o \u00f3rg\u00e3o que integra o Programa Nacional de Comit\u00eas de Cultura do Minist\u00e9rio da Cultura, conta com representa\u00e7\u00e3o em Gurupi, com atua\u00e7\u00e3o para as regi\u00f5es sul e sudeste, bem como, em Aragua\u00edna, com atua\u00e7\u00e3o em todo o norte do Tocantins.<\/p>\n\n\n\n<figure class=\"wp-block-image size-full\"><img loading=\"lazy\" decoding=\"async\" width=\"900\" height=\"648\" src=\"https:\/\/focotocantinense.com.br\/wp-content\/uploads\/2024\/11\/1-Edital-Araguaina-Foto-Marcos-Filho-Sandes-Secom-Araguaina-1.jpeg\" alt=\"\" class=\"wp-image-8865\" srcset=\"https:\/\/focotocantinense.com.br\/wp-content\/uploads\/2024\/11\/1-Edital-Araguaina-Foto-Marcos-Filho-Sandes-Secom-Araguaina-1.jpeg 900w, https:\/\/focotocantinense.com.br\/wp-content\/uploads\/2024\/11\/1-Edital-Araguaina-Foto-Marcos-Filho-Sandes-Secom-Araguaina-1-300x216.jpeg 300w, https:\/\/focotocantinense.com.br\/wp-content\/uploads\/2024\/11\/1-Edital-Araguaina-Foto-Marcos-Filho-Sandes-Secom-Araguaina-1-768x553.jpeg 768w\" sizes=\"auto, (max-width: 900px) 100vw, 900px\" \/><\/figure>\n\n\n\n<p><\/p>\n\n\n\n<figure class=\"wp-block-image size-full\"><img loading=\"lazy\" decoding=\"async\" width=\"843\" height=\"251\" src=\"https:\/\/focotocantinense.com.br\/wp-content\/uploads\/2024\/11\/VINI_181_282-1-1.jpg\" alt=\"\" class=\"wp-image-8862\" srcset=\"https:\/\/focotocantinense.com.br\/wp-content\/uploads\/2024\/11\/VINI_181_282-1-1.jpg 843w, https:\/\/focotocantinense.com.br\/wp-content\/uploads\/2024\/11\/VINI_181_282-1-1-300x89.jpg 300w, https:\/\/focotocantinense.com.br\/wp-content\/uploads\/2024\/11\/VINI_181_282-1-1-768x229.jpg 768w\" sizes=\"auto, (max-width: 843px) 100vw, 843px\" \/><\/figure>\n","protected":false},"excerpt":{"rendered":"<p>Por Rodrigo Martins Artistas e produtores culturais de Aragua\u00edna t\u00eam at\u00e9 esta sexta-feira, 08, para submeter seus projetos ao edital da Lei Aldir Blanc, que est\u00e1 investindo mais de R$ 650 mil na cultura local. A sele\u00e7\u00e3o apoiar\u00e1 at\u00e9 40 projetos, promovendo diversas express\u00f5es culturais no munic\u00edpio e fortalecendo a atua\u00e7\u00e3o dos profissionais do setor &hellip;<\/p>\n","protected":false},"author":5,"featured_media":8861,"comment_status":"open","ping_status":"open","sticky":false,"template":"","format":"standard","meta":{"footnotes":""},"categories":[45],"tags":[],"class_list":["post-8860","post","type-post","status-publish","format-standard","has-post-thumbnail","","category-araguaina"],"_links":{"self":[{"href":"https:\/\/focotocantinense.com.br\/index.php?rest_route=\/wp\/v2\/posts\/8860","targetHints":{"allow":["GET"]}}],"collection":[{"href":"https:\/\/focotocantinense.com.br\/index.php?rest_route=\/wp\/v2\/posts"}],"about":[{"href":"https:\/\/focotocantinense.com.br\/index.php?rest_route=\/wp\/v2\/types\/post"}],"author":[{"embeddable":true,"href":"https:\/\/focotocantinense.com.br\/index.php?rest_route=\/wp\/v2\/users\/5"}],"replies":[{"embeddable":true,"href":"https:\/\/focotocantinense.com.br\/index.php?rest_route=%2Fwp%2Fv2%2Fcomments&post=8860"}],"version-history":[{"count":3,"href":"https:\/\/focotocantinense.com.br\/index.php?rest_route=\/wp\/v2\/posts\/8860\/revisions"}],"predecessor-version":[{"id":8867,"href":"https:\/\/focotocantinense.com.br\/index.php?rest_route=\/wp\/v2\/posts\/8860\/revisions\/8867"}],"wp:featuredmedia":[{"embeddable":true,"href":"https:\/\/focotocantinense.com.br\/index.php?rest_route=\/wp\/v2\/media\/8861"}],"wp:attachment":[{"href":"https:\/\/focotocantinense.com.br\/index.php?rest_route=%2Fwp%2Fv2%2Fmedia&parent=8860"}],"wp:term":[{"taxonomy":"category","embeddable":true,"href":"https:\/\/focotocantinense.com.br\/index.php?rest_route=%2Fwp%2Fv2%2Fcategories&post=8860"},{"taxonomy":"post_tag","embeddable":true,"href":"https:\/\/focotocantinense.com.br\/index.php?rest_route=%2Fwp%2Fv2%2Ftags&post=8860"}],"curies":[{"name":"wp","href":"https:\/\/api.w.org\/{rel}","templated":true}]}}