{"id":8851,"date":"2024-11-06T17:35:18","date_gmt":"2024-11-06T20:35:18","guid":{"rendered":"https:\/\/focotocantinense.com.br\/?p=8851"},"modified":"2024-11-06T17:44:07","modified_gmt":"2024-11-06T20:44:07","slug":"escola-da-rede-municipal-de-tocantinia-esta-entre-as-melhores-do-estado-e-recebe-premio-da-seduc-to","status":"publish","type":"post","link":"https:\/\/focotocantinense.com.br\/?p=8851","title":{"rendered":"Escola da rede Municipal de Tocant\u00ednia est\u00e1 entre as melhores do estado e recebe pr\u00eamio da Seduc\/TO"},"content":{"rendered":"\n<p><strong><em>Por Zacarias Martins<\/em><\/strong><\/p>\n\n\n\n<p>A Escola Municipal&nbsp; Professor Constantino Pedro de Castro, &nbsp;da &nbsp;rede municipal de Educa\u00e7\u00e3o de Tocant\u00ednia, &nbsp;foi contemplada com importante premia\u00e7\u00e3o conferida pela Secretaria de Educa\u00e7\u00e3o do Tocantins (Seduc) que apontou, &nbsp;conforme resultado publicado no Di\u00e1rio Oficial do Estado, &nbsp;as tr\u00eas melhores unidades escolares da Regional de Miracema do Tocantins e as 39 melhores do Estado. A premia\u00e7\u00e3o ocorreu com base nos resultados obtidos por essas Escolas terem se destacado nos resultados oficiais do Sistema de Avalia\u00e7\u00e3o da Educa\u00e7\u00e3o B\u00e1sica &nbsp;(SAEB).<\/p>\n\n\n\n<figure class=\"wp-block-image size-large is-resized\"><img loading=\"lazy\" decoding=\"async\" width=\"1024\" height=\"649\" src=\"https:\/\/focotocantinense.com.br\/wp-content\/uploads\/2024\/11\/1-Escola-Municipal-Professor-Constantino-Pedro-de-Castro-da-rede-municipal-de-Educacao-de-Tocantinia-1024x649.jpeg\" alt=\"\" class=\"wp-image-8852\" style=\"width:408px;height:auto\" srcset=\"https:\/\/focotocantinense.com.br\/wp-content\/uploads\/2024\/11\/1-Escola-Municipal-Professor-Constantino-Pedro-de-Castro-da-rede-municipal-de-Educacao-de-Tocantinia-1024x649.jpeg 1024w, https:\/\/focotocantinense.com.br\/wp-content\/uploads\/2024\/11\/1-Escola-Municipal-Professor-Constantino-Pedro-de-Castro-da-rede-municipal-de-Educacao-de-Tocantinia-300x190.jpeg 300w, https:\/\/focotocantinense.com.br\/wp-content\/uploads\/2024\/11\/1-Escola-Municipal-Professor-Constantino-Pedro-de-Castro-da-rede-municipal-de-Educacao-de-Tocantinia-768x487.jpeg 768w, https:\/\/focotocantinense.com.br\/wp-content\/uploads\/2024\/11\/1-Escola-Municipal-Professor-Constantino-Pedro-de-Castro-da-rede-municipal-de-Educacao-de-Tocantinia.jpeg 1043w\" sizes=\"auto, (max-width: 1024px) 100vw, 1024px\" \/><\/figure>\n\n\n\n<p><\/p>\n\n\n\n<p><strong>Sobre o pr\u00eamio<\/strong><\/p>\n\n\n\n<p>O pr\u00e9mio ainda \u00e9 um reconhecimento das contribui\u00e7\u00f5es dos munic\u00edpios no desenvolvimento de pol\u00edticas p\u00fablicas educacionais, bem como, da gest\u00e3o da educa\u00e7\u00e3o municipal na melhoria da qualidade do ensino e aprendizagem.<\/p>\n\n\n\n<p>Um dos crit\u00e9rios para a escola ter sido premiada foi o munic\u00edpio ter assinado o Termo de Ades\u00e3o ao PROFE (Programa de Fortalecimento da Educa\u00e7\u00e3o), e participado das avalia\u00e7\u00f5es do 5\u00ba&nbsp; ano do Ensino Fundamental do Sistema de Avalia\u00e7\u00e3o da Educa\u00e7\u00e3o B\u00e1sica e ter obtido resultados divulgados pelo Instituto Nacional de Estudos e Pesquisas (INEP)<\/p>\n\n\n\n<figure class=\"wp-block-image size-full\"><img loading=\"lazy\" decoding=\"async\" width=\"960\" height=\"640\" src=\"https:\/\/focotocantinense.com.br\/wp-content\/uploads\/2024\/11\/250225738_3931329326968542_3574746983575695891_n.jpg\" alt=\"\" class=\"wp-image-8857\" srcset=\"https:\/\/focotocantinense.com.br\/wp-content\/uploads\/2024\/11\/250225738_3931329326968542_3574746983575695891_n.jpg 960w, https:\/\/focotocantinense.com.br\/wp-content\/uploads\/2024\/11\/250225738_3931329326968542_3574746983575695891_n-300x200.jpg 300w, https:\/\/focotocantinense.com.br\/wp-content\/uploads\/2024\/11\/250225738_3931329326968542_3574746983575695891_n-768x512.jpg 768w\" sizes=\"auto, (max-width: 960px) 100vw, 960px\" \/><\/figure>\n\n\n\n<p><strong>O secret\u00e1rio Andr\u00e9 Goveia comemorou mais essa importante mremia\u00e7\u00e3o para a Educa\u00e7\u00e3o municipal de Tocant\u00ednia<\/strong><\/p>\n\n\n\n<p><\/p>\n\n\n\n<p><strong>Incentivo financeiro<\/strong><\/p>\n\n\n\n<p>A Escola Municipal&nbsp; Professor Constantino Pedro de Castro vai receber um incentivo financeiro &nbsp;de R$250 mil reais por ter obtido um dos melhores resultados do IDEB da Superintend\u00eancia Regional de Miracema do Tocantins. O referido pr\u00eamio ser\u00e1 investido na implementa\u00e7\u00e3o de obras, amplia\u00e7\u00f5es e reformas na infraestrutura escolar.<\/p>\n\n\n\n<p>A diretora da unidade escolar, professora Jucinha Louzeiro disse que estava &nbsp;imensamente feliz ao saber que esse pr\u00eamio \u00e9 fruto de um trabalho \u00e1rduo de toda equipe escolar realizado com muito amor e carinho.<\/p>\n\n\n\n<p><strong>Unidade escolar aguerrida<\/strong><\/p>\n\n\n\n<p>O gestor da &nbsp;Educa\u00e7\u00e3o de Tocant\u00ednia, professor Andr\u00e9 Goveia, &nbsp;destacou que ao comemorar essa premia\u00e7\u00e3o, disse se tratar de mais um dos resultados positivos da gest\u00e3o municipal, &nbsp;por meio da Secretaria Municipal de Educa\u00e7\u00e3o (Semed). \u201cA Escola Municipal Professor Constantino que \u00e9 uma unidade escolar aguerrida e envolvida de forma comprometida com a melhoria dos resultados do processo de ensino e aprendizagem no qual parabenizamos todos os alunos, pais e m\u00e3es, professores, equipe gestora e todos os servidores\u201d. Afirmou o secret\u00e1rio.<\/p>\n\n\n\n<p><strong>Agradecimentos<\/strong><\/p>\n\n\n\n<p>Por fim, &nbsp;o secret\u00e1rio Andr\u00e9 Goveia fez quest\u00e3o de fazer um agradecimento especial ao prefeito Jo\u00e3o Alberto, &nbsp;pelo apoio total \u00e0 educa\u00e7\u00e3o no &nbsp;munic\u00edpio. Os agradecimentos tamb\u00e9m foram dirigidos&nbsp; ao &nbsp;professor F\u00e1bio Vaz, &nbsp;secret\u00e1rio estadual de Educa\u00e7\u00e3o pelas importantes e constantes parcerias aos munic\u00edpios, bem como, \u00e0 diretora de Pol\u00edticas Municipais da Seduc\/TO., &nbsp;Francinete Ferreira, &nbsp;pelo trabalho integral de incentivo ao desenvolvimento da educa\u00e7\u00e3o nos munic\u00edpios, &nbsp;como tamb\u00e9m, \u00e0 &nbsp;Undime Tocantins (Uni\u00e3o Nacional dos Dirigentes Municipais de Educa\u00e7\u00e3o), &nbsp;pelo acompanhamento e assessoria aos munic\u00edpios, al\u00e9m de &nbsp;toda a equipe de servidores da Semed Tocant\u00ednia, &nbsp;pelo trabalho desenvolvido com relev\u00e2ncia pela qualidade educacional.<\/p>\n\n\n\n<p><strong>Compromisso para com a Educa\u00e7\u00e3o.<\/strong><\/p>\n\n\n\n<p>O prefeito de Tocant\u00ednia, Jo\u00e3o Alberto, &nbsp;tamb\u00e9m celebrou a conquista e reafirmou o compromisso da administra\u00e7\u00e3o com o desenvolvimento educacional. \u201cEsse incentivo financeiro \u00e9 um passo fundamental para avan\u00e7armos na infraestrutura de nossas escolas e, consequentemente, na qualidade do ensino oferecido aos nossos alunos. Agradecemos o empenho de cada profissional envolvido, que trabalhou para alcan\u00e7ar esse resultado que reflete diretamente na educa\u00e7\u00e3o de Tocant\u00ednia\u201d, afirmou.<\/p>\n\n\n\n<figure class=\"wp-block-image size-full\"><img loading=\"lazy\" decoding=\"async\" width=\"843\" height=\"251\" src=\"https:\/\/focotocantinense.com.br\/wp-content\/uploads\/2024\/11\/VINI_181_282-1.jpg\" alt=\"\" class=\"wp-image-8853\" srcset=\"https:\/\/focotocantinense.com.br\/wp-content\/uploads\/2024\/11\/VINI_181_282-1.jpg 843w, https:\/\/focotocantinense.com.br\/wp-content\/uploads\/2024\/11\/VINI_181_282-1-300x89.jpg 300w, https:\/\/focotocantinense.com.br\/wp-content\/uploads\/2024\/11\/VINI_181_282-1-768x229.jpg 768w\" sizes=\"auto, (max-width: 843px) 100vw, 843px\" \/><\/figure>\n","protected":false},"excerpt":{"rendered":"<p>Por Zacarias Martins A Escola Municipal&nbsp; Professor Constantino Pedro de Castro, &nbsp;da &nbsp;rede municipal de Educa\u00e7\u00e3o de Tocant\u00ednia, &nbsp;foi contemplada com importante premia\u00e7\u00e3o conferida pela Secretaria de Educa\u00e7\u00e3o do Tocantins (Seduc) que apontou, &nbsp;conforme resultado publicado no Di\u00e1rio Oficial do Estado, &nbsp;as tr\u00eas melhores unidades escolares da Regional de Miracema do Tocantins e as 39 &hellip;<\/p>\n","protected":false},"author":5,"featured_media":8852,"comment_status":"open","ping_status":"open","sticky":false,"template":"","format":"standard","meta":{"footnotes":""},"categories":[1,78],"tags":[],"class_list":["post-8851","post","type-post","status-publish","format-standard","has-post-thumbnail","","category-sem-categoria","category-tocantinia"],"_links":{"self":[{"href":"https:\/\/focotocantinense.com.br\/index.php?rest_route=\/wp\/v2\/posts\/8851","targetHints":{"allow":["GET"]}}],"collection":[{"href":"https:\/\/focotocantinense.com.br\/index.php?rest_route=\/wp\/v2\/posts"}],"about":[{"href":"https:\/\/focotocantinense.com.br\/index.php?rest_route=\/wp\/v2\/types\/post"}],"author":[{"embeddable":true,"href":"https:\/\/focotocantinense.com.br\/index.php?rest_route=\/wp\/v2\/users\/5"}],"replies":[{"embeddable":true,"href":"https:\/\/focotocantinense.com.br\/index.php?rest_route=%2Fwp%2Fv2%2Fcomments&post=8851"}],"version-history":[{"count":5,"href":"https:\/\/focotocantinense.com.br\/index.php?rest_route=\/wp\/v2\/posts\/8851\/revisions"}],"predecessor-version":[{"id":8859,"href":"https:\/\/focotocantinense.com.br\/index.php?rest_route=\/wp\/v2\/posts\/8851\/revisions\/8859"}],"wp:featuredmedia":[{"embeddable":true,"href":"https:\/\/focotocantinense.com.br\/index.php?rest_route=\/wp\/v2\/media\/8852"}],"wp:attachment":[{"href":"https:\/\/focotocantinense.com.br\/index.php?rest_route=%2Fwp%2Fv2%2Fmedia&parent=8851"}],"wp:term":[{"taxonomy":"category","embeddable":true,"href":"https:\/\/focotocantinense.com.br\/index.php?rest_route=%2Fwp%2Fv2%2Fcategories&post=8851"},{"taxonomy":"post_tag","embeddable":true,"href":"https:\/\/focotocantinense.com.br\/index.php?rest_route=%2Fwp%2Fv2%2Ftags&post=8851"}],"curies":[{"name":"wp","href":"https:\/\/api.w.org\/{rel}","templated":true}]}}