{"id":8846,"date":"2024-11-06T15:36:04","date_gmt":"2024-11-06T18:36:04","guid":{"rendered":"https:\/\/focotocantinense.com.br\/?p=8846"},"modified":"2024-11-06T15:36:21","modified_gmt":"2024-11-06T18:36:21","slug":"aleto-aprova-pec-que-altera-o-limite-das-emendas-parlamentares-no-orcamento-estadual","status":"publish","type":"post","link":"https:\/\/focotocantinense.com.br\/?p=8846","title":{"rendered":"Aleto aprova PEC que altera o limite das emendas parlamentares no or\u00e7amento estadual"},"content":{"rendered":"\n<p>Por&nbsp;Luiz Melchiades<\/p>\n\n\n\n<p>A Assembleia Legislativa do Tocantins (Aleto) aprovou por unanimidade nesta quarta-feira, 6, a Proposta de Emenda Constitucional (PEC) n\u00ba 02\/2024, que altera o limite destinado \u00e0s emendas parlamentares individuais na lei or\u00e7ament\u00e1ria para 1,73% da receita corrente l\u00edquida do exerc\u00edcio anterior. A PEC foi aprovada em duas fases, obtendo no segundo turno, 16 votos favor\u00e1veis dos deputados presentes.<\/p>\n\n\n\n<figure class=\"wp-block-image size-large is-resized\"><img loading=\"lazy\" decoding=\"async\" width=\"1024\" height=\"640\" src=\"https:\/\/focotocantinense.com.br\/wp-content\/uploads\/2024\/11\/9853cbffb134189c99ab54a4f74c9464-1024x640.jpg\" alt=\"\" class=\"wp-image-8847\" style=\"width:374px;height:auto\" srcset=\"https:\/\/focotocantinense.com.br\/wp-content\/uploads\/2024\/11\/9853cbffb134189c99ab54a4f74c9464-1024x640.jpg 1024w, https:\/\/focotocantinense.com.br\/wp-content\/uploads\/2024\/11\/9853cbffb134189c99ab54a4f74c9464-300x187.jpg 300w, https:\/\/focotocantinense.com.br\/wp-content\/uploads\/2024\/11\/9853cbffb134189c99ab54a4f74c9464-768x480.jpg 768w, https:\/\/focotocantinense.com.br\/wp-content\/uploads\/2024\/11\/9853cbffb134189c99ab54a4f74c9464.jpg 1130w\" sizes=\"auto, (max-width: 1024px) 100vw, 1024px\" \/><\/figure>\n\n\n\n<p>Com a altera\u00e7\u00e3o, cada parlamentar poder\u00e1 indicar no Projeto de Lei de Diretrizes Or\u00e7ament\u00e1rias (LDO) de 2025, cerca de R$ 10 milh\u00f5es em emendas individuais, para viabilizar a\u00e7\u00f5es e projetos na \u00e1rea da sa\u00fade, educa\u00e7\u00e3o, infraestrutura urbana, esportes, cultura, lazer, turismo e seguran\u00e7a p\u00fablica, nos 139 munic\u00edpios tocantinenses.<\/p>\n\n\n\n<p>Atualmente, 25% do valor das emendas individuais j\u00e1 s\u00e3o obrigatoriamente destinados para despesas na \u00e1rea da sa\u00fade.<\/p>\n\n\n\n<p><strong>Transpar\u00eancia<\/strong><\/p>\n\n\n\n<p>N\u00e3o houve manifesta\u00e7\u00e3o dos parlamentares durante a vota\u00e7\u00e3o da PEC no Plen\u00e1rio, mas o presidente da Aleto, deputado Am\u00e9lio Cayres (Republicanos), anunciou, por meio de sua Diretoria, que j\u00e1 determinou \u00e0 equipe t\u00e9cnica da Casa, um estudo para que seja implantado na Comiss\u00e3o de Finan\u00e7as, Tributa\u00e7\u00e3o, Fiscaliza\u00e7\u00e3o e Controle medidas de transpar\u00eancia da execu\u00e7\u00e3o or\u00e7ament\u00e1ria e financeira do or\u00e7amento do Estado do Tocantins.<\/p>\n\n\n\n<p>A expectativa \u00e9 que as medidas abranjam um sistema com informa\u00e7\u00f5es sobre autor das emendas, valores, programa, a\u00e7\u00f5es, localidades beneficiadas, modalidade de transfer\u00eancias e andamento da execu\u00e7\u00e3o das emendas individuais. \u201cSer\u00e1 semelhante ao que j\u00e1 ocorre no Congresso Nacional. O sistema espelhar\u00e1 n\u00e3o s\u00f3 as despesas das emendas parlamentares, mas tamb\u00e9m a execu\u00e7\u00e3o das demais despesas previstas na Lei Or\u00e7ament\u00e1ria Anual\u201d, afirmou o diretor Administrativo da Aleto, Ant\u00f4nio Braga J\u00fanior.<\/p>\n\n\n\n<p>A Diretoria Administrativa destacou, ainda, que a execu\u00e7\u00e3o das emendas parlamentares j\u00e1 segue todos os ritos previstos na legisla\u00e7\u00e3o brasileira sobre a transfer\u00eancia de recursos p\u00fablicos realizada por meio de contratos e conv\u00eanios estabelecidos pelo Poder Executivo.<\/p>\n\n\n\n<figure class=\"wp-block-image size-large\"><img loading=\"lazy\" decoding=\"async\" width=\"1024\" height=\"640\" src=\"https:\/\/focotocantinense.com.br\/wp-content\/uploads\/2024\/11\/9853cbffb134189c99ab54a4f74c9464-1-1024x640.jpg\" alt=\"\" class=\"wp-image-8848\" srcset=\"https:\/\/focotocantinense.com.br\/wp-content\/uploads\/2024\/11\/9853cbffb134189c99ab54a4f74c9464-1-1024x640.jpg 1024w, https:\/\/focotocantinense.com.br\/wp-content\/uploads\/2024\/11\/9853cbffb134189c99ab54a4f74c9464-1-300x187.jpg 300w, https:\/\/focotocantinense.com.br\/wp-content\/uploads\/2024\/11\/9853cbffb134189c99ab54a4f74c9464-1-768x480.jpg 768w, https:\/\/focotocantinense.com.br\/wp-content\/uploads\/2024\/11\/9853cbffb134189c99ab54a4f74c9464-1.jpg 1130w\" sizes=\"auto, (max-width: 1024px) 100vw, 1024px\" \/><\/figure>\n","protected":false},"excerpt":{"rendered":"<p>Por&nbsp;Luiz Melchiades A Assembleia Legislativa do Tocantins (Aleto) aprovou por unanimidade nesta quarta-feira, 6, a Proposta de Emenda Constitucional (PEC) n\u00ba 02\/2024, que altera o limite destinado \u00e0s emendas parlamentares individuais na lei or\u00e7ament\u00e1ria para 1,73% da receita corrente l\u00edquida do exerc\u00edcio anterior. A PEC foi aprovada em duas fases, obtendo no segundo turno, 16 &hellip;<\/p>\n","protected":false},"author":5,"featured_media":8847,"comment_status":"open","ping_status":"open","sticky":false,"template":"","format":"standard","meta":{"footnotes":""},"categories":[1],"tags":[],"class_list":["post-8846","post","type-post","status-publish","format-standard","has-post-thumbnail","","category-sem-categoria"],"_links":{"self":[{"href":"https:\/\/focotocantinense.com.br\/index.php?rest_route=\/wp\/v2\/posts\/8846","targetHints":{"allow":["GET"]}}],"collection":[{"href":"https:\/\/focotocantinense.com.br\/index.php?rest_route=\/wp\/v2\/posts"}],"about":[{"href":"https:\/\/focotocantinense.com.br\/index.php?rest_route=\/wp\/v2\/types\/post"}],"author":[{"embeddable":true,"href":"https:\/\/focotocantinense.com.br\/index.php?rest_route=\/wp\/v2\/users\/5"}],"replies":[{"embeddable":true,"href":"https:\/\/focotocantinense.com.br\/index.php?rest_route=%2Fwp%2Fv2%2Fcomments&post=8846"}],"version-history":[{"count":2,"href":"https:\/\/focotocantinense.com.br\/index.php?rest_route=\/wp\/v2\/posts\/8846\/revisions"}],"predecessor-version":[{"id":8850,"href":"https:\/\/focotocantinense.com.br\/index.php?rest_route=\/wp\/v2\/posts\/8846\/revisions\/8850"}],"wp:featuredmedia":[{"embeddable":true,"href":"https:\/\/focotocantinense.com.br\/index.php?rest_route=\/wp\/v2\/media\/8847"}],"wp:attachment":[{"href":"https:\/\/focotocantinense.com.br\/index.php?rest_route=%2Fwp%2Fv2%2Fmedia&parent=8846"}],"wp:term":[{"taxonomy":"category","embeddable":true,"href":"https:\/\/focotocantinense.com.br\/index.php?rest_route=%2Fwp%2Fv2%2Fcategories&post=8846"},{"taxonomy":"post_tag","embeddable":true,"href":"https:\/\/focotocantinense.com.br\/index.php?rest_route=%2Fwp%2Fv2%2Ftags&post=8846"}],"curies":[{"name":"wp","href":"https:\/\/api.w.org\/{rel}","templated":true}]}}