{"id":884,"date":"2021-03-09T19:19:30","date_gmt":"2021-03-09T22:19:30","guid":{"rendered":"http:\/\/focotocantinense.com.br\/?p=884"},"modified":"2021-03-09T19:25:37","modified_gmt":"2021-03-09T22:25:37","slug":"tocantinopolis-devera-contar-com-um-museu-virtual","status":"publish","type":"post","link":"https:\/\/focotocantinense.com.br\/?p=884","title":{"rendered":"Tocantin\u00f3polis dever\u00e1 contar com um museu virtual"},"content":{"rendered":"\n<figure class=\"wp-block-image\"><img decoding=\"async\" src=\"https:\/\/tocantinopolis.to.leg.br\/storage\/Banners\/posicao3\/Banner%20Destaque%201-2021.jpg\" alt=\"\"\/><\/figure>\n\n\n\n<p>A realiza\u00e7\u00e3o de estudos t\u00e9cnicos junto \u00e0 Secretaria Municipal de Educa\u00e7\u00e3o visando a cria\u00e7\u00e3o do Museu Virtual de Tocantin\u00f3polis, foi a proposta apresentada pelo vereador Delegado Tiago Daniel (PTB), e que foi aprovada pelo plen\u00e1rio da C\u00e2mara de Vereadores da cidade.<\/p>\n\n\n\n<p>De acordo com o vereador, a sua proposta tem por objetivo incentivar o levantamento de todo acervo da hist\u00f3ria de Tocantin\u00f3polis para que ela seja disponibilizada no Portal da Prefeitura.<\/p>\n\n\n\n<p><strong>A import\u00e2ncia do Museu<\/strong><\/p>\n\n\n\n<p>\u201cA concretiza\u00e7\u00e3o do Museu Virtual de Tocantin\u00f3polis \u00e9 mais do que oportuna, especialmente, neste momento at\u00edpico que estamos vivendo, em meio \u00e0 pandemia, o que requer a\u00e7\u00f5es estrat\u00e9gicas do Poder P\u00fablico que se possa evitar aglomera\u00e7\u00f5es\u201d, afirmou o vereador Delegado Tiago Daniel, ressaltando que al\u00e9m disso, esse Museu ser\u00e1 de fundamental import\u00e2ncia para o munic\u00edpio, tanto para a gera\u00e7\u00e3o presente quanto para as futuras gera\u00e7\u00f5es que, dessa forma, ter\u00e3o acesso aos principal registros que marcaram a hist\u00f3ria de Tocantin\u00f3polis.<\/p>\n\n\n\n<p>Na sua justificativa o vereador Delegado Tiago Daniel ainda lembrou que cada vez mais, o museu reafirma-se na contemporaneidade como um museu aberto, de comunica\u00e7\u00e3o que atende \u00e0 fun\u00e7\u00e3o do homem como indiv\u00edduo e do homem como um ser social. Os museus revelam o desejo de procurar novos p\u00fablicos ou procuram realizar a diferen\u00e7a na vida das pessoas.<\/p>\n\n\n\n<p><strong>Facilitando o conhecimento<\/strong><br>\u201cO progresso dos \u00faltimos anos tornou poss\u00edvel conhecer as caracter\u00edsticas de diferentes p\u00fablicos, o que pode facilitar a aprendizagem e o conhecimento de uma variedade de compet\u00eancias cognitivas, como o pensamento divergente, a an\u00e1lise cr\u00edtica, uma melhor compreens\u00e3o do passado, a complexidade do mundo e as quest\u00f5es ambientais\u201d, concluiu o parlamentar.<\/p>\n\n\n\n<figure class=\"wp-block-image\"><img decoding=\"async\" src=\"http:\/\/n1to.com.br\/img\/uploads\/3_Vereador_Delegado_Tiago,_de_Tocantin%C3%B3polis.jpg\" alt=\"\"\/><\/figure>\n\n\n\n<p><em><strong>O vereador Delegado Tiago Daniel explicou a sua proposta<\/strong><\/em><\/p>\n","protected":false},"excerpt":{"rendered":"<p>A realiza\u00e7\u00e3o de estudos t\u00e9cnicos junto \u00e0 Secretaria Municipal de Educa\u00e7\u00e3o visando a cria\u00e7\u00e3o do Museu Virtual de Tocantin\u00f3polis, foi a proposta apresentada pelo vereador Delegado Tiago Daniel (PTB), e que foi aprovada pelo plen\u00e1rio da C\u00e2mara de Vereadores da cidade. De acordo com o vereador, a sua proposta tem por objetivo incentivar o levantamento &hellip;<\/p>\n","protected":false},"author":5,"featured_media":886,"comment_status":"open","ping_status":"open","sticky":true,"template":"","format":"standard","meta":{"footnotes":""},"categories":[1,87],"tags":[],"class_list":["post-884","post","type-post","status-publish","format-standard","has-post-thumbnail","","category-sem-categoria","category-tocantinopolis"],"_links":{"self":[{"href":"https:\/\/focotocantinense.com.br\/index.php?rest_route=\/wp\/v2\/posts\/884","targetHints":{"allow":["GET"]}}],"collection":[{"href":"https:\/\/focotocantinense.com.br\/index.php?rest_route=\/wp\/v2\/posts"}],"about":[{"href":"https:\/\/focotocantinense.com.br\/index.php?rest_route=\/wp\/v2\/types\/post"}],"author":[{"embeddable":true,"href":"https:\/\/focotocantinense.com.br\/index.php?rest_route=\/wp\/v2\/users\/5"}],"replies":[{"embeddable":true,"href":"https:\/\/focotocantinense.com.br\/index.php?rest_route=%2Fwp%2Fv2%2Fcomments&post=884"}],"version-history":[{"count":2,"href":"https:\/\/focotocantinense.com.br\/index.php?rest_route=\/wp\/v2\/posts\/884\/revisions"}],"predecessor-version":[{"id":887,"href":"https:\/\/focotocantinense.com.br\/index.php?rest_route=\/wp\/v2\/posts\/884\/revisions\/887"}],"wp:featuredmedia":[{"embeddable":true,"href":"https:\/\/focotocantinense.com.br\/index.php?rest_route=\/wp\/v2\/media\/886"}],"wp:attachment":[{"href":"https:\/\/focotocantinense.com.br\/index.php?rest_route=%2Fwp%2Fv2%2Fmedia&parent=884"}],"wp:term":[{"taxonomy":"category","embeddable":true,"href":"https:\/\/focotocantinense.com.br\/index.php?rest_route=%2Fwp%2Fv2%2Fcategories&post=884"},{"taxonomy":"post_tag","embeddable":true,"href":"https:\/\/focotocantinense.com.br\/index.php?rest_route=%2Fwp%2Fv2%2Ftags&post=884"}],"curies":[{"name":"wp","href":"https:\/\/api.w.org\/{rel}","templated":true}]}}