{"id":8837,"date":"2024-10-31T18:13:24","date_gmt":"2024-10-31T21:13:24","guid":{"rendered":"https:\/\/focotocantinense.com.br\/?p=8837"},"modified":"2024-10-31T18:13:44","modified_gmt":"2024-10-31T21:13:44","slug":"entidade-municipalista-manifesta-apoio-a-pec-que-amplia-o-percentual-atual-do-orcamento-para-emendas-em-023","status":"publish","type":"post","link":"https:\/\/focotocantinense.com.br\/?p=8837","title":{"rendered":"Entidade municipalista manifesta apoio \u00e0 PEC que amplia o percentual atual do or\u00e7amento para emendas em 0,23%"},"content":{"rendered":"\n<p>A Associa\u00e7\u00e3o Tocantinense de Munic\u00edpios (ATM) manifestou nesta quinta-feira, 31, apoio \u00e0 iniciativa da Assembleia Legislativa do Tocantins (Aleto) em ampliar de 1,5% para 1,73% o limite or\u00e7ament\u00e1rio de emendas parlamentares individuais no projeto de lei or\u00e7ament\u00e1ria do Estado. O presidente da ATM, prefeito Diogo Borges (sem partido), disse que as emendas parlamentares s\u00e3o fundamentais para a realiza\u00e7\u00e3o de obras e programas na maioria dos munic\u00edpios tocantinenses.<\/p>\n\n\n\n<figure class=\"wp-block-image size-large is-resized\"><img loading=\"lazy\" decoding=\"async\" width=\"1024\" height=\"682\" src=\"https:\/\/focotocantinense.com.br\/wp-content\/uploads\/2024\/10\/WhatsApp-Image-2024-10-31-at-16.45.25-1024x682.jpeg\" alt=\"\" class=\"wp-image-8838\" style=\"width:365px;height:auto\" srcset=\"https:\/\/focotocantinense.com.br\/wp-content\/uploads\/2024\/10\/WhatsApp-Image-2024-10-31-at-16.45.25-1024x682.jpeg 1024w, https:\/\/focotocantinense.com.br\/wp-content\/uploads\/2024\/10\/WhatsApp-Image-2024-10-31-at-16.45.25-300x200.jpeg 300w, https:\/\/focotocantinense.com.br\/wp-content\/uploads\/2024\/10\/WhatsApp-Image-2024-10-31-at-16.45.25-768x512.jpeg 768w, https:\/\/focotocantinense.com.br\/wp-content\/uploads\/2024\/10\/WhatsApp-Image-2024-10-31-at-16.45.25-1536x1023.jpeg 1536w, https:\/\/focotocantinense.com.br\/wp-content\/uploads\/2024\/10\/WhatsApp-Image-2024-10-31-at-16.45.25-310x205.jpeg 310w, https:\/\/focotocantinense.com.br\/wp-content\/uploads\/2024\/10\/WhatsApp-Image-2024-10-31-at-16.45.25.jpeg 1600w\" sizes=\"auto, (max-width: 1024px) 100vw, 1024px\" \/><\/figure>\n\n\n\n<p>\u201cOs munic\u00edpios tocantinenses, cerca de 107 deles por exemplo, vivem de emendas e de arrecada\u00e7\u00e3o federal e n\u00e3o tem poder de investimento local. As emendas s\u00e3o praticamente as \u00fanicas formas de investir no meio cultural, infraestrutura e sa\u00fade. Esse aumento, desde que colocado diretamente nos munic\u00edpios, com certeza vai atender a popula\u00e7\u00e3o que tanto precisa\u201d, afirmou.<\/p>\n\n\n\n<p>A Proposta de Emenda Constitucional (PEC) n\u00ba 02\/2024, que fixa o novo limite, foi aprovada na Comiss\u00e3o de Constitui\u00e7\u00e3o e Justi\u00e7a da Aleto e est\u00e1 dispon\u00edvel para an\u00e1lise dos parlamentares na C\u00e2mara de Finan\u00e7as. Caso seja aprovada em plen\u00e1rio, os deputados estaduais poder\u00e3o destinas cerca de at\u00e9 R$ 10 milh\u00f5es por ano, em emendas individuais, para obras de infraestrutura e a\u00e7\u00f5es na \u00e1rea de educa\u00e7\u00e3o, sa\u00fade, esporte, cultura, lazer e seguran\u00e7a p\u00fablica.<\/p>\n\n\n\n<p>O presidente da Aleto, deputado Am\u00e9lio Cayres (Republicanos), defende o aumento do valor das emendas parlamentares como mais uma forma de ampliar a destina\u00e7\u00e3o de recursos para os munic\u00edpios. \u201cO nosso parlamento tem um perfil municipalista, por entender as necessidades que a nossa popula\u00e7\u00e3o passa em cada cidade. Esse aumento de recursos para as emendas, nada mais \u00e9 do que um aumento de recursos que ser\u00e3o destinados aos pr\u00f3prios munic\u00edpios e isso \u00e9 muito ben\u00e9fico para a sociedade\u201d, afirmou.<\/p>\n\n\n\n<p>Am\u00e9lio tamb\u00e9m observou que o percentual da receita l\u00edquida do Estado que ser\u00e1 destinado \u00e0s emendas \u00e9 menor que o percentual das emendas dos parlamentares federais, fixada em 2%.<\/p>\n\n\n\n<p>A PEC 02\/2024 foi assinada por Am\u00e9lio Cayres (Republicanos), Claudia Lelis (PV), Eduardo Mantoan (PSDB), Eduardo do Dertins (Cidadania), Fabion Gomes (PL), Luana Ribeiro (PCdoB), L\u00e9o Barbosa (Republicanos), Luciano Oliveira (PSD), Moisemar Marinho (PSB), Nilton Franco (Republicanos), Professora Janad Valcari (PL), Vanda Monteiro (UB), Vilmar Oliveira (Solidariedade) e Wiston Gomes (PSD).<\/p>\n","protected":false},"excerpt":{"rendered":"<p>A Associa\u00e7\u00e3o Tocantinense de Munic\u00edpios (ATM) manifestou nesta quinta-feira, 31, apoio \u00e0 iniciativa da Assembleia Legislativa do Tocantins (Aleto) em ampliar de 1,5% para 1,73% o limite or\u00e7ament\u00e1rio de emendas parlamentares individuais no projeto de lei or\u00e7ament\u00e1ria do Estado. O presidente da ATM, prefeito Diogo Borges (sem partido), disse que as emendas parlamentares s\u00e3o fundamentais &hellip;<\/p>\n","protected":false},"author":5,"featured_media":8838,"comment_status":"open","ping_status":"open","sticky":false,"template":"","format":"standard","meta":{"footnotes":""},"categories":[1],"tags":[],"class_list":["post-8837","post","type-post","status-publish","format-standard","has-post-thumbnail","","category-sem-categoria"],"_links":{"self":[{"href":"https:\/\/focotocantinense.com.br\/index.php?rest_route=\/wp\/v2\/posts\/8837","targetHints":{"allow":["GET"]}}],"collection":[{"href":"https:\/\/focotocantinense.com.br\/index.php?rest_route=\/wp\/v2\/posts"}],"about":[{"href":"https:\/\/focotocantinense.com.br\/index.php?rest_route=\/wp\/v2\/types\/post"}],"author":[{"embeddable":true,"href":"https:\/\/focotocantinense.com.br\/index.php?rest_route=\/wp\/v2\/users\/5"}],"replies":[{"embeddable":true,"href":"https:\/\/focotocantinense.com.br\/index.php?rest_route=%2Fwp%2Fv2%2Fcomments&post=8837"}],"version-history":[{"count":2,"href":"https:\/\/focotocantinense.com.br\/index.php?rest_route=\/wp\/v2\/posts\/8837\/revisions"}],"predecessor-version":[{"id":8840,"href":"https:\/\/focotocantinense.com.br\/index.php?rest_route=\/wp\/v2\/posts\/8837\/revisions\/8840"}],"wp:featuredmedia":[{"embeddable":true,"href":"https:\/\/focotocantinense.com.br\/index.php?rest_route=\/wp\/v2\/media\/8838"}],"wp:attachment":[{"href":"https:\/\/focotocantinense.com.br\/index.php?rest_route=%2Fwp%2Fv2%2Fmedia&parent=8837"}],"wp:term":[{"taxonomy":"category","embeddable":true,"href":"https:\/\/focotocantinense.com.br\/index.php?rest_route=%2Fwp%2Fv2%2Fcategories&post=8837"},{"taxonomy":"post_tag","embeddable":true,"href":"https:\/\/focotocantinense.com.br\/index.php?rest_route=%2Fwp%2Fv2%2Ftags&post=8837"}],"curies":[{"name":"wp","href":"https:\/\/api.w.org\/{rel}","templated":true}]}}