{"id":8834,"date":"2024-10-31T12:37:43","date_gmt":"2024-10-31T15:37:43","guid":{"rendered":"https:\/\/focotocantinense.com.br\/?p=8834"},"modified":"2024-10-31T12:37:43","modified_gmt":"2024-10-31T15:37:43","slug":"deputado-antonio-andrade-juntamente-com-republicanos-oficializam-hugo-motta-candidato-a-presidencia-da-camara","status":"publish","type":"post","link":"https:\/\/focotocantinense.com.br\/?p=8834","title":{"rendered":"Deputado Antonio Andrade juntamente com Republicanos oficializam Hugo Motta candidato \u00e0 presid\u00eancia da C\u00e2mara"},"content":{"rendered":"\n<p><\/p>\n\n\n\n<p>Nesta ter\u00e7a-feira (29\/10), a bancada do partido Republicanos na C\u00e2mara Federal, por meio do presidente nacional do Republicanos e vice-presidente da C\u00e2mara, deputado Marcos Pereira (SP), deputado campe\u00e3o de votos do Tocantins, Antonio Andrade e demais pares se reuniram para realizar o an\u00fancio oficial da candidatura do deputado Hugo Motta (PB) \u00e0 presid\u00eancia da Casa.<\/p>\n\n\n\n<figure class=\"wp-block-image size-large is-resized\"><img loading=\"lazy\" decoding=\"async\" width=\"1024\" height=\"677\" src=\"https:\/\/focotocantinense.com.br\/wp-content\/uploads\/2024\/10\/WhatsApp-Image-2024-10-29-at-22.06.38-1024x677.jpeg\" alt=\"\" class=\"wp-image-8835\" style=\"width:395px;height:auto\" srcset=\"https:\/\/focotocantinense.com.br\/wp-content\/uploads\/2024\/10\/WhatsApp-Image-2024-10-29-at-22.06.38-1024x677.jpeg 1024w, https:\/\/focotocantinense.com.br\/wp-content\/uploads\/2024\/10\/WhatsApp-Image-2024-10-29-at-22.06.38-300x198.jpeg 300w, https:\/\/focotocantinense.com.br\/wp-content\/uploads\/2024\/10\/WhatsApp-Image-2024-10-29-at-22.06.38-768x507.jpeg 768w, https:\/\/focotocantinense.com.br\/wp-content\/uploads\/2024\/10\/WhatsApp-Image-2024-10-29-at-22.06.38-310x205.jpeg 310w, https:\/\/focotocantinense.com.br\/wp-content\/uploads\/2024\/10\/WhatsApp-Image-2024-10-29-at-22.06.38.jpeg 1170w\" sizes=\"auto, (max-width: 1024px) 100vw, 1024px\" \/><\/figure>\n\n\n\n<p>\u201cFico muito feliz de ter Hugo Motta como candidato a presidente, ele que \u00e9 um amigo meu e tem total compet\u00eancia para presidir essa Casa. Vou lutar para conseguir os votos da bancada do Tocantins e dos demais pares em prol de Motta. A campanha est\u00e1 apenas come\u00e7ando\u201d, disse Andrade.<\/p>\n\n\n\n<p>\u201cA bancada de deputados do Republicanos tem a certeza de que seu l\u00edder re\u00fane todas as condi\u00e7\u00f5es para conduzir a presid\u00eancia da C\u00e2mara em defesa da atua\u00e7\u00e3o parlamentar e do di\u00e1logo harm\u00f4nico e permanente com os demais Poderes\u201d, afirmou Marcos Pereira.<\/p>\n\n\n\n<p>Hugo Motta garantiu que seguir\u00e1 na presid\u00eancia da C\u00e2mara da mesma maneira que seguiu em seus tr\u00eas mandatos de l\u00edder, atendendo a todos e prezando pelo di\u00e1logo. \u201cAssim como sempre agi na Lideran\u00e7a, com compromisso e disponibilidade, pretendo agir na presid\u00eancia. Estarei \u00e0 disposi\u00e7\u00e3o dos senhores e senhoras\u201d, garantiu.<\/p>\n\n\n\n<p>Em seu quarto mandato como deputado federal, Hugo Motta se consolidou como uma refer\u00eancia de compet\u00eancia pol\u00edtica, cordialidade, serenidade e concilia\u00e7\u00e3o entre seus pares.<\/p>\n\n\n\n<p>Por fim, Hugo Motta agradeceu mais uma vez ao presidente do partido, deputado Marcos Pereira, que cedeu a pr\u00f3pria candidatura para apoiar Motta. \u201cQuero agradecer ao seu gesto, a sua grandeza, ao seu esp\u00edrito p\u00fablico. O senhor ter\u00e1 um aliado para corresponder a essa confian\u00e7a e ajudar cada vez mais na constru\u00e7\u00e3o do nosso partido, que tem tanto compromisso p\u00fablico com o nosso pa\u00eds\u201d.<\/p>\n\n\n\n<p>Ainda na tarde desta ter\u00e7a, o Partido Progressistas (PP), por meio do Senador Ciro Nogueira, presidente Arthur Lira e l\u00edder Dr. Luizinho oficializaram o apoio ao nome de Hugo para presidir a C\u00e2mara.<\/p>\n\n\n\n<p>Assessoria de Comunica\u00e7\u00e3o \u2013 Deputado Federal Antonio Andrade, com informa\u00e7\u00f5es de ASCOM\/Lideran\u00e7a do Republicanos<\/p>\n","protected":false},"excerpt":{"rendered":"<p>Nesta ter\u00e7a-feira (29\/10), a bancada do partido Republicanos na C\u00e2mara Federal, por meio do presidente nacional do Republicanos e vice-presidente da C\u00e2mara, deputado Marcos Pereira (SP), deputado campe\u00e3o de votos do Tocantins, Antonio Andrade e demais pares se reuniram para realizar o an\u00fancio oficial da candidatura do deputado Hugo Motta (PB) \u00e0 presid\u00eancia da Casa. &hellip;<\/p>\n","protected":false},"author":5,"featured_media":8835,"comment_status":"open","ping_status":"open","sticky":false,"template":"","format":"standard","meta":{"footnotes":""},"categories":[1],"tags":[],"class_list":["post-8834","post","type-post","status-publish","format-standard","has-post-thumbnail","","category-sem-categoria"],"_links":{"self":[{"href":"https:\/\/focotocantinense.com.br\/index.php?rest_route=\/wp\/v2\/posts\/8834","targetHints":{"allow":["GET"]}}],"collection":[{"href":"https:\/\/focotocantinense.com.br\/index.php?rest_route=\/wp\/v2\/posts"}],"about":[{"href":"https:\/\/focotocantinense.com.br\/index.php?rest_route=\/wp\/v2\/types\/post"}],"author":[{"embeddable":true,"href":"https:\/\/focotocantinense.com.br\/index.php?rest_route=\/wp\/v2\/users\/5"}],"replies":[{"embeddable":true,"href":"https:\/\/focotocantinense.com.br\/index.php?rest_route=%2Fwp%2Fv2%2Fcomments&post=8834"}],"version-history":[{"count":1,"href":"https:\/\/focotocantinense.com.br\/index.php?rest_route=\/wp\/v2\/posts\/8834\/revisions"}],"predecessor-version":[{"id":8836,"href":"https:\/\/focotocantinense.com.br\/index.php?rest_route=\/wp\/v2\/posts\/8834\/revisions\/8836"}],"wp:featuredmedia":[{"embeddable":true,"href":"https:\/\/focotocantinense.com.br\/index.php?rest_route=\/wp\/v2\/media\/8835"}],"wp:attachment":[{"href":"https:\/\/focotocantinense.com.br\/index.php?rest_route=%2Fwp%2Fv2%2Fmedia&parent=8834"}],"wp:term":[{"taxonomy":"category","embeddable":true,"href":"https:\/\/focotocantinense.com.br\/index.php?rest_route=%2Fwp%2Fv2%2Fcategories&post=8834"},{"taxonomy":"post_tag","embeddable":true,"href":"https:\/\/focotocantinense.com.br\/index.php?rest_route=%2Fwp%2Fv2%2Ftags&post=8834"}],"curies":[{"name":"wp","href":"https:\/\/api.w.org\/{rel}","templated":true}]}}