{"id":8827,"date":"2024-10-29T21:46:46","date_gmt":"2024-10-30T00:46:46","guid":{"rendered":"https:\/\/focotocantinense.com.br\/?p=8827"},"modified":"2024-10-29T21:46:46","modified_gmt":"2024-10-30T00:46:46","slug":"escola-municipal-professor-constantino-pedro-realiza-acao-ambiental-em-tocantinia","status":"publish","type":"post","link":"https:\/\/focotocantinense.com.br\/?p=8827","title":{"rendered":"Escola Municipal Professor Constantino Pedro realiza a\u00e7\u00e3o ambiental em Tocant\u00ednia"},"content":{"rendered":"\n<p><strong><em>Foi a 12\u00aa A\u00e7\u00e3o do Projeto Ra\u00edzes Verdes com Distribui\u00e7\u00e3o de Sementes Sustent\u00e1veis<\/em><\/strong><\/p>\n\n\n\n<p><strong>&nbsp;Por Zacarias Martins &#8211; Fotos: Divulga\u00e7\u00e3o<\/strong><\/p>\n\n\n\n<p>Alunos da Escola Municipal Professor Constantino Pedro, em Tocant\u00ednia, participaram na \u00faltima segunda-feira (28), &nbsp;da 12\u00aa a\u00e7\u00e3o do projeto Ra\u00edzes Verdes,&nbsp; Cultivando um Futuro Sustent\u00e1vel.<\/p>\n\n\n\n<p>A iniciativa contou com o apoio das Secretarias &nbsp;de Educa\u00e7\u00e3o,&nbsp; de Meio Ambiente e de Agricultura e teve como objetivo principal a distribui\u00e7\u00e3o de sementes envolvidas em argila no meio ambiente.<\/p>\n\n\n\n<p>A coordenadora pedag\u00f3gica da unidade escolar, Sebastiana Alves Bezerra, explica que essa a\u00e7\u00e3o visa promover a sustentabilidade e a preserva\u00e7\u00e3o da biodiversidade local.<\/p>\n\n\n\n<figure class=\"wp-block-image size-large is-resized\"><img loading=\"lazy\" decoding=\"async\" width=\"1024\" height=\"682\" src=\"https:\/\/focotocantinense.com.br\/wp-content\/uploads\/2024\/10\/1-Escola-Municipal-Professor-Constantino-Pedro-realiza-acao-ambiental-em-Tocantinia-1024x682.jpeg\" alt=\"\" class=\"wp-image-8828\" style=\"width:375px;height:auto\" srcset=\"https:\/\/focotocantinense.com.br\/wp-content\/uploads\/2024\/10\/1-Escola-Municipal-Professor-Constantino-Pedro-realiza-acao-ambiental-em-Tocantinia-1024x682.jpeg 1024w, https:\/\/focotocantinense.com.br\/wp-content\/uploads\/2024\/10\/1-Escola-Municipal-Professor-Constantino-Pedro-realiza-acao-ambiental-em-Tocantinia-300x200.jpeg 300w, https:\/\/focotocantinense.com.br\/wp-content\/uploads\/2024\/10\/1-Escola-Municipal-Professor-Constantino-Pedro-realiza-acao-ambiental-em-Tocantinia-768x512.jpeg 768w, https:\/\/focotocantinense.com.br\/wp-content\/uploads\/2024\/10\/1-Escola-Municipal-Professor-Constantino-Pedro-realiza-acao-ambiental-em-Tocantinia-1536x1023.jpeg 1536w, https:\/\/focotocantinense.com.br\/wp-content\/uploads\/2024\/10\/1-Escola-Municipal-Professor-Constantino-Pedro-realiza-acao-ambiental-em-Tocantinia-310x205.jpeg 310w, https:\/\/focotocantinense.com.br\/wp-content\/uploads\/2024\/10\/1-Escola-Municipal-Professor-Constantino-Pedro-realiza-acao-ambiental-em-Tocantinia.jpeg 1600w\" sizes=\"auto, (max-width: 1024px) 100vw, 1024px\" \/><\/figure>\n\n\n\n<p><strong>Restaura\u00e7\u00e3o de ecossistemas&nbsp;<\/strong><\/p>\n\n\n\n<p>\u201cAs sementes distribu\u00eddas s\u00e3o de esp\u00e9cies nativas e foram selecionadas para contribuir com a restaura\u00e7\u00e3o de ecossistemas e melhorar a qualidade do ar, da \u00e1gua e do solo\u201d, asseverou a coordenadora.<\/p>\n\n\n\n<p>Sebastiana tamb\u00e9m destacou que o projeto Ra\u00edzes Verdes \u00e9 uma oportunidade \u00fanica para os alunos aprenderem um pouco mais sobre a import\u00e2ncia da preserva\u00e7\u00e3o do meio ambiente e se tornarem agentes de mudan\u00e7a.<\/p>\n\n\n\n<figure class=\"wp-block-image is-resized\"><img decoding=\"async\" src=\"https:\/\/blogger.googleusercontent.com\/img\/b\/R29vZ2xl\/AVvXsEhckllQYRN3SIjpkfq0BIHzIpdO5nk_s1Ah6QdZi15RGwyF4K8qM6OXHVkAUXiLeqioeTO8fRY7ulmPkOBwvBjXkQIzbxC2b_msxGKiVxWIr3x1-X-22pGdQqCGCtCKBaqjKuV5Wt9CjViZdRtFTvhbOytGGScdXfn3WCv49RFa3Dz0mSu5EHdgoyYwWqO7\/w495-h371\/4%20Escola%20Municipal%20Professor%20Constantino%20Pedro%20realiza%20a%C3%A7%C3%A3o%20ambiental%20em%20Tocant%C3%ADnia.jfif\" alt=\"\" style=\"width:840px;height:auto\"\/><\/figure>\n","protected":false},"excerpt":{"rendered":"<p>Foi a 12\u00aa A\u00e7\u00e3o do Projeto Ra\u00edzes Verdes com Distribui\u00e7\u00e3o de Sementes Sustent\u00e1veis &nbsp;Por Zacarias Martins &#8211; Fotos: Divulga\u00e7\u00e3o Alunos da Escola Municipal Professor Constantino Pedro, em Tocant\u00ednia, participaram na \u00faltima segunda-feira (28), &nbsp;da 12\u00aa a\u00e7\u00e3o do projeto Ra\u00edzes Verdes,&nbsp; Cultivando um Futuro Sustent\u00e1vel. A iniciativa contou com o apoio das Secretarias &nbsp;de Educa\u00e7\u00e3o,&nbsp; de &hellip;<\/p>\n","protected":false},"author":5,"featured_media":8828,"comment_status":"open","ping_status":"open","sticky":false,"template":"","format":"standard","meta":{"footnotes":""},"categories":[78],"tags":[],"class_list":["post-8827","post","type-post","status-publish","format-standard","has-post-thumbnail","","category-tocantinia"],"_links":{"self":[{"href":"https:\/\/focotocantinense.com.br\/index.php?rest_route=\/wp\/v2\/posts\/8827","targetHints":{"allow":["GET"]}}],"collection":[{"href":"https:\/\/focotocantinense.com.br\/index.php?rest_route=\/wp\/v2\/posts"}],"about":[{"href":"https:\/\/focotocantinense.com.br\/index.php?rest_route=\/wp\/v2\/types\/post"}],"author":[{"embeddable":true,"href":"https:\/\/focotocantinense.com.br\/index.php?rest_route=\/wp\/v2\/users\/5"}],"replies":[{"embeddable":true,"href":"https:\/\/focotocantinense.com.br\/index.php?rest_route=%2Fwp%2Fv2%2Fcomments&post=8827"}],"version-history":[{"count":2,"href":"https:\/\/focotocantinense.com.br\/index.php?rest_route=\/wp\/v2\/posts\/8827\/revisions"}],"predecessor-version":[{"id":8830,"href":"https:\/\/focotocantinense.com.br\/index.php?rest_route=\/wp\/v2\/posts\/8827\/revisions\/8830"}],"wp:featuredmedia":[{"embeddable":true,"href":"https:\/\/focotocantinense.com.br\/index.php?rest_route=\/wp\/v2\/media\/8828"}],"wp:attachment":[{"href":"https:\/\/focotocantinense.com.br\/index.php?rest_route=%2Fwp%2Fv2%2Fmedia&parent=8827"}],"wp:term":[{"taxonomy":"category","embeddable":true,"href":"https:\/\/focotocantinense.com.br\/index.php?rest_route=%2Fwp%2Fv2%2Fcategories&post=8827"},{"taxonomy":"post_tag","embeddable":true,"href":"https:\/\/focotocantinense.com.br\/index.php?rest_route=%2Fwp%2Fv2%2Ftags&post=8827"}],"curies":[{"name":"wp","href":"https:\/\/api.w.org\/{rel}","templated":true}]}}