{"id":8818,"date":"2024-10-28T06:42:29","date_gmt":"2024-10-28T09:42:29","guid":{"rendered":"https:\/\/focotocantinense.com.br\/?p=8818"},"modified":"2024-10-28T16:04:50","modified_gmt":"2024-10-28T19:04:50","slug":"eduardo-siqueira-campos-e-eleito-prefeito-de-palmas-com-5303-dos-votos-validos-e-vai-pela-segunda-vez-administra-a-capital","status":"publish","type":"post","link":"https:\/\/focotocantinense.com.br\/?p=8818","title":{"rendered":"Eduardo Siqueira Campos \u00e9 eleito prefeito de Palmas com 53,03 % dos votos v\u00e1lidos e vai pela segunda vez administrar a capital"},"content":{"rendered":"\n<p>Candidato do Podemos venceu Janad Valcari (PL) no segundo turno in\u00e9dito realizado na capital. Pastor Carlos Eduardo (Agir) ser\u00e1 o vice-prefeito.<\/p>\n\n\n\n<figure class=\"wp-block-image size-full is-resized\"><img loading=\"lazy\" decoding=\"async\" width=\"1024\" height=\"637\" src=\"https:\/\/focotocantinense.com.br\/wp-content\/uploads\/2024\/10\/Eduardo-Siqueira-1024x637-1.webp\" alt=\"\" class=\"wp-image-8821\" style=\"width:360px;height:auto\" srcset=\"https:\/\/focotocantinense.com.br\/wp-content\/uploads\/2024\/10\/Eduardo-Siqueira-1024x637-1.webp 1024w, https:\/\/focotocantinense.com.br\/wp-content\/uploads\/2024\/10\/Eduardo-Siqueira-1024x637-1-300x187.webp 300w, https:\/\/focotocantinense.com.br\/wp-content\/uploads\/2024\/10\/Eduardo-Siqueira-1024x637-1-768x478.webp 768w\" sizes=\"auto, (max-width: 1024px) 100vw, 1024px\" \/><\/figure>\n\n\n\n<p>Eduardo Siqueira Campos, candidato do Podemos, foi eleito prefeito de Palmas neste domingo (27). A apura\u00e7\u00e3o foi finalizada pelo Tribunal Superior Eleitoral (TSE), com 100% das urnas apuradas, \u00e0s 17h46. Ao final da vota\u00e7\u00e3o,<strong>\u00a0Eduardo teve 78.673 votos (53,03 %) e Janad Valcari 69.684 votos (46,97 %).<\/strong><\/p>\n\n\n\n<p>O novo prefeito eleito vai assumir o Executivo Municipal a partir de 2025 ao lado do vice, Pastor Carlos Eduardo (Agir).\u00a0<\/p>\n\n\n\n<figure class=\"wp-block-image size-full is-resized\"><img loading=\"lazy\" decoding=\"async\" width=\"597\" height=\"432\" src=\"https:\/\/focotocantinense.com.br\/wp-content\/uploads\/2024\/10\/ewssd-1.jpg\" alt=\"\" class=\"wp-image-8822\" style=\"width:838px;height:auto\" srcset=\"https:\/\/focotocantinense.com.br\/wp-content\/uploads\/2024\/10\/ewssd-1.jpg 597w, https:\/\/focotocantinense.com.br\/wp-content\/uploads\/2024\/10\/ewssd-1-300x217.jpg 300w\" sizes=\"auto, (max-width: 597px) 100vw, 597px\" \/><\/figure>\n","protected":false},"excerpt":{"rendered":"<p>Candidato do Podemos venceu Janad Valcari (PL) no segundo turno in\u00e9dito realizado na capital. Pastor Carlos Eduardo (Agir) ser\u00e1 o vice-prefeito. Eduardo Siqueira Campos, candidato do Podemos, foi eleito prefeito de Palmas neste domingo (27). A apura\u00e7\u00e3o foi finalizada pelo Tribunal Superior Eleitoral (TSE), com 100% das urnas apuradas, \u00e0s 17h46. Ao final da vota\u00e7\u00e3o,\u00a0Eduardo &hellip;<\/p>\n","protected":false},"author":5,"featured_media":8820,"comment_status":"open","ping_status":"open","sticky":false,"template":"","format":"standard","meta":{"footnotes":""},"categories":[1],"tags":[],"class_list":["post-8818","post","type-post","status-publish","format-standard","has-post-thumbnail","","category-sem-categoria"],"_links":{"self":[{"href":"https:\/\/focotocantinense.com.br\/index.php?rest_route=\/wp\/v2\/posts\/8818","targetHints":{"allow":["GET"]}}],"collection":[{"href":"https:\/\/focotocantinense.com.br\/index.php?rest_route=\/wp\/v2\/posts"}],"about":[{"href":"https:\/\/focotocantinense.com.br\/index.php?rest_route=\/wp\/v2\/types\/post"}],"author":[{"embeddable":true,"href":"https:\/\/focotocantinense.com.br\/index.php?rest_route=\/wp\/v2\/users\/5"}],"replies":[{"embeddable":true,"href":"https:\/\/focotocantinense.com.br\/index.php?rest_route=%2Fwp%2Fv2%2Fcomments&post=8818"}],"version-history":[{"count":2,"href":"https:\/\/focotocantinense.com.br\/index.php?rest_route=\/wp\/v2\/posts\/8818\/revisions"}],"predecessor-version":[{"id":8826,"href":"https:\/\/focotocantinense.com.br\/index.php?rest_route=\/wp\/v2\/posts\/8818\/revisions\/8826"}],"wp:featuredmedia":[{"embeddable":true,"href":"https:\/\/focotocantinense.com.br\/index.php?rest_route=\/wp\/v2\/media\/8820"}],"wp:attachment":[{"href":"https:\/\/focotocantinense.com.br\/index.php?rest_route=%2Fwp%2Fv2%2Fmedia&parent=8818"}],"wp:term":[{"taxonomy":"category","embeddable":true,"href":"https:\/\/focotocantinense.com.br\/index.php?rest_route=%2Fwp%2Fv2%2Fcategories&post=8818"},{"taxonomy":"post_tag","embeddable":true,"href":"https:\/\/focotocantinense.com.br\/index.php?rest_route=%2Fwp%2Fv2%2Ftags&post=8818"}],"curies":[{"name":"wp","href":"https:\/\/api.w.org\/{rel}","templated":true}]}}