{"id":8806,"date":"2024-10-25T21:49:56","date_gmt":"2024-10-26T00:49:56","guid":{"rendered":"https:\/\/focotocantinense.com.br\/?p=8806"},"modified":"2024-10-25T21:56:56","modified_gmt":"2024-10-26T00:56:56","slug":"undime-tocantins-participa-de-oficina-de-construcao-do-plano-de-acoes-articuladas-do-par-5","status":"publish","type":"post","link":"https:\/\/focotocantinense.com.br\/?p=8806","title":{"rendered":"Undime Tocantins participa de Oficina de constru\u00e7\u00e3o do Plano de A\u00e7\u00f5es Articuladas do PAR 5"},"content":{"rendered":"\n<p>O Dirigente Municipal de Educa\u00e7\u00e3o de Tocant\u00ednia e Delegado da Uni\u00e3o Nacional dos Dirigentes Municipais de Educa\u00e7\u00e3o &#8211; &nbsp;Undime Tocantins, o professor Andr\u00e9 Goveia, esteve em Bras\u00edlia nos dias 23 e 24 de outubro participando da Oficina do&nbsp; Palno de A\u00e7\u00f5es Articuladas &nbsp;(PAR 5), promovida pelo Minist\u00e9rio da Educa\u00e7\u00e3o, sob a coordena\u00e7\u00e3o da Secretaria de Educa\u00e7\u00e3o B\u00e1sica.<\/p>\n\n\n\n<p>&nbsp;Na oportunidade o dirigente representou a seccional da Undime Tocantins e partilhou os desafios, avan\u00e7os e contribui\u00e7\u00f5es para a nova fase do Plano de A\u00e7\u00f5es Articuladas uma vez que o encontro tratava da constru\u00e7\u00e3o do novo PAR que teve a participa\u00e7\u00e3o de membros da Undime de diversas seccionais como tamb\u00e9m do Consed.<\/p>\n\n\n\n<p>O Dirigente Andr\u00e9 Goveia apresentou as dificuldades encontradas pelos munic\u00edpios nas edi\u00e7\u00f5es anteriores e propostas de melhorias que s\u00e3o apontadas pelos dirigentes de cada munic\u00edpio.<\/p>\n\n\n\n<figure class=\"wp-block-image size-large is-resized\"><img loading=\"lazy\" decoding=\"async\" width=\"768\" height=\"1024\" src=\"https:\/\/focotocantinense.com.br\/wp-content\/uploads\/2024\/10\/2-UNDIME-768x1024.jpeg\" alt=\"\" class=\"wp-image-8811\" style=\"width:398px;height:auto\" srcset=\"https:\/\/focotocantinense.com.br\/wp-content\/uploads\/2024\/10\/2-UNDIME-768x1024.jpeg 768w, https:\/\/focotocantinense.com.br\/wp-content\/uploads\/2024\/10\/2-UNDIME-225x300.jpeg 225w, https:\/\/focotocantinense.com.br\/wp-content\/uploads\/2024\/10\/2-UNDIME-1152x1536.jpeg 1152w, https:\/\/focotocantinense.com.br\/wp-content\/uploads\/2024\/10\/2-UNDIME.jpeg 1200w\" sizes=\"auto, (max-width: 768px) 100vw, 768px\" \/><\/figure>\n\n\n\n<p><strong><em>Professor Andr\u00e9 Goveia, Delegado da Uni\u00e3o Nacional dos <\/em><\/strong>                                                            <strong><em>Dirigentes Municipais de Educa\u00e7\u00e3o \u2013 \u00a0Undime     Tocantins<\/em><\/strong>.<\/p>\n\n\n\n<p><strong>Mudan\u00e7as<\/strong><\/p>\n\n\n\n<p>Dentre as mudan\u00e7as propostas para o novo ciclo do PAR est\u00e3o o retorno da credibilidade das redes de ensino com o sistema; reverter o car\u00e1ter regressivo da assist\u00eancia financeira; fomentar novas possibilidades de colabora\u00e7\u00e3o federativa para a promo\u00e7\u00e3o da equidade e inclus\u00e3o educacional, al\u00e9m da &nbsp;supera\u00e7\u00e3o das desigualdades de capacidades institucionais das redes.<\/p>\n\n\n\n<p>O processo de elabora\u00e7\u00e3o do PAR 5 ir\u00e1 passar pelo levantamento de problemas atuais e alinhamento de expectativas, elabora\u00e7\u00e3o de mapa estrat\u00e9gico do PAR 5, revis\u00e3o dos processos e redesenho conceitual&nbsp; e desenvolvimento do sistema.<\/p>\n\n\n\n<p>J\u00e1 em rela\u00e7\u00e3o ao fluxo geral, o novo PAR ter\u00e1 a etapa de planejamento, etapa de diagn\u00f3stico, etapa de planejamento, etapa de execu\u00e7\u00e3o e presta\u00e7\u00e3o de contas.<\/p>\n\n\n\n<figure class=\"wp-block-image size-large\"><img loading=\"lazy\" decoding=\"async\" width=\"1024\" height=\"768\" src=\"https:\/\/focotocantinense.com.br\/wp-content\/uploads\/2024\/10\/1-UNDIME-1024x768.jpeg\" alt=\"\" class=\"wp-image-8807\" srcset=\"https:\/\/focotocantinense.com.br\/wp-content\/uploads\/2024\/10\/1-UNDIME-1024x768.jpeg 1024w, https:\/\/focotocantinense.com.br\/wp-content\/uploads\/2024\/10\/1-UNDIME-300x225.jpeg 300w, https:\/\/focotocantinense.com.br\/wp-content\/uploads\/2024\/10\/1-UNDIME-768x576.jpeg 768w, https:\/\/focotocantinense.com.br\/wp-content\/uploads\/2024\/10\/1-UNDIME-1536x1152.jpeg 1536w, https:\/\/focotocantinense.com.br\/wp-content\/uploads\/2024\/10\/1-UNDIME.jpeg 1600w\" sizes=\"auto, (max-width: 1024px) 100vw, 1024px\" \/><\/figure>\n\n\n\n<p><\/p>\n\n\n\n<p><strong>Oportunidade significativa<\/strong><\/p>\n\n\n\n<p>Para o dirigente Andr\u00e9 Goveia a &nbsp;oficina do PAR 5 promovida pelo MEC foi uma oportunidade significativa, &nbsp;sobretudo, para os dirigentes municipais se aproximarem da equipe de gest\u00e3o do sistema no MEC, apresentar os desafios na sua originalidade, &nbsp;principalmente, aqueles problemas que afetam os munic\u00edpios quanto ao desenvolvimento da educa\u00e7\u00e3o, de forma especial, a infraestrutura e apoio t\u00e9cnico.<\/p>\n\n\n\n<p>\u201cAo fim do encontro pudemos perceber que a equipe do MEC est\u00e1 comprometida em tornar o PAR 5 ainda melhor desburocratizando e apoiando os munic\u00edpios no planejamento da qualidade educativa com assist\u00eancia t\u00e9cnica de qualidade\u201d, explicou Andr\u00e9 Goveia.<\/p>\n\n\n\n<figure class=\"wp-block-image size-full\"><img loading=\"lazy\" decoding=\"async\" width=\"843\" height=\"251\" src=\"https:\/\/focotocantinense.com.br\/wp-content\/uploads\/2024\/10\/VINI_181_282-1-5.jpg\" alt=\"\" class=\"wp-image-8808\" srcset=\"https:\/\/focotocantinense.com.br\/wp-content\/uploads\/2024\/10\/VINI_181_282-1-5.jpg 843w, https:\/\/focotocantinense.com.br\/wp-content\/uploads\/2024\/10\/VINI_181_282-1-5-300x89.jpg 300w, https:\/\/focotocantinense.com.br\/wp-content\/uploads\/2024\/10\/VINI_181_282-1-5-768x229.jpg 768w\" sizes=\"auto, (max-width: 843px) 100vw, 843px\" \/><\/figure>\n","protected":false},"excerpt":{"rendered":"<p>O Dirigente Municipal de Educa\u00e7\u00e3o de Tocant\u00ednia e Delegado da Uni\u00e3o Nacional dos Dirigentes Municipais de Educa\u00e7\u00e3o &#8211; &nbsp;Undime Tocantins, o professor Andr\u00e9 Goveia, esteve em Bras\u00edlia nos dias 23 e 24 de outubro participando da Oficina do&nbsp; Palno de A\u00e7\u00f5es Articuladas &nbsp;(PAR 5), promovida pelo Minist\u00e9rio da Educa\u00e7\u00e3o, sob a coordena\u00e7\u00e3o da Secretaria de &hellip;<\/p>\n","protected":false},"author":5,"featured_media":8807,"comment_status":"open","ping_status":"open","sticky":false,"template":"","format":"standard","meta":{"footnotes":""},"categories":[1],"tags":[],"class_list":["post-8806","post","type-post","status-publish","format-standard","has-post-thumbnail","","category-sem-categoria"],"_links":{"self":[{"href":"https:\/\/focotocantinense.com.br\/index.php?rest_route=\/wp\/v2\/posts\/8806","targetHints":{"allow":["GET"]}}],"collection":[{"href":"https:\/\/focotocantinense.com.br\/index.php?rest_route=\/wp\/v2\/posts"}],"about":[{"href":"https:\/\/focotocantinense.com.br\/index.php?rest_route=\/wp\/v2\/types\/post"}],"author":[{"embeddable":true,"href":"https:\/\/focotocantinense.com.br\/index.php?rest_route=\/wp\/v2\/users\/5"}],"replies":[{"embeddable":true,"href":"https:\/\/focotocantinense.com.br\/index.php?rest_route=%2Fwp%2Fv2%2Fcomments&post=8806"}],"version-history":[{"count":6,"href":"https:\/\/focotocantinense.com.br\/index.php?rest_route=\/wp\/v2\/posts\/8806\/revisions"}],"predecessor-version":[{"id":8817,"href":"https:\/\/focotocantinense.com.br\/index.php?rest_route=\/wp\/v2\/posts\/8806\/revisions\/8817"}],"wp:featuredmedia":[{"embeddable":true,"href":"https:\/\/focotocantinense.com.br\/index.php?rest_route=\/wp\/v2\/media\/8807"}],"wp:attachment":[{"href":"https:\/\/focotocantinense.com.br\/index.php?rest_route=%2Fwp%2Fv2%2Fmedia&parent=8806"}],"wp:term":[{"taxonomy":"category","embeddable":true,"href":"https:\/\/focotocantinense.com.br\/index.php?rest_route=%2Fwp%2Fv2%2Fcategories&post=8806"},{"taxonomy":"post_tag","embeddable":true,"href":"https:\/\/focotocantinense.com.br\/index.php?rest_route=%2Fwp%2Fv2%2Ftags&post=8806"}],"curies":[{"name":"wp","href":"https:\/\/api.w.org\/{rel}","templated":true}]}}