{"id":880,"date":"2021-03-08T17:28:43","date_gmt":"2021-03-08T20:28:43","guid":{"rendered":"http:\/\/focotocantinense.com.br\/?p=880"},"modified":"2021-03-08T17:30:09","modified_gmt":"2021-03-08T20:30:09","slug":"banco-da-amazonia-e-o-governo-do-tocantins-assinam-protocolo-para-aplicacao-de-r-19-bilhao-no-estado","status":"publish","type":"post","link":"https:\/\/focotocantinense.com.br\/?p=880","title":{"rendered":"Banco da Amaz\u00f4nia e o Governo do Tocantins assinam protocolo para aplica\u00e7\u00e3o de R$ 1,9 bilh\u00e3o no Estado"},"content":{"rendered":"\n<figure class=\"wp-block-image size-large\"><img loading=\"lazy\" decoding=\"async\" width=\"949\" height=\"569\" src=\"http:\/\/focotocantinense.com.br\/wp-content\/uploads\/2021\/03\/image-4.png\" alt=\"\" class=\"wp-image-881\" srcset=\"https:\/\/focotocantinense.com.br\/wp-content\/uploads\/2021\/03\/image-4.png 949w, https:\/\/focotocantinense.com.br\/wp-content\/uploads\/2021\/03\/image-4-300x180.png 300w, https:\/\/focotocantinense.com.br\/wp-content\/uploads\/2021\/03\/image-4-768x460.png 768w\" sizes=\"auto, (max-width: 949px) 100vw, 949px\" \/><\/figure>\n\n\n\n<p>Banco da Amaz\u00f4nia e o Governo do Tocantins assinam protocolo para aplica\u00e7\u00e3o de R$ 1,9 bilh\u00e3o no Estado<br>A assinatura do protocolo de inten\u00e7\u00f5es ser\u00e1 transmitida atrav\u00e9s do Youtube, amanh\u00e3, dia 9 de mar\u00e7o<\/p>\n\n\n\n<p>O Banco da Amaz\u00f4nia (BASA) promove tradicionalmente o encontro com as governan\u00e7as dos nove estados da Amaz\u00f4nia Legal para a assinatura do Protocolo de Inten\u00e7\u00f5es com o objetivo de aplicar na totalidade o plano de aplica\u00e7\u00e3o de recursos do Fundo Constitucional de Financiamento do Norte (FNO), da carteira comercial da institui\u00e7\u00e3o e demais fontes de fomento. O encontro com o Governo do Tocantins ser\u00e1 realizado amanh\u00e3, 09 de mar\u00e7o, \u00e0s 10 horas, e ser\u00e1 transmitido em tempo real pelo Youtube, em respeito aos protocolos de preven\u00e7\u00e3o da COVID-19.<\/p>\n\n\n\n<p>Durante a reuni\u00e3o, ser\u00e1 firmado o compromisso do BASA em destinar mais de R$ 1,9 bilh\u00e3o para economia do estado do Tocantins, haver\u00e1 uma presta\u00e7\u00e3o de contas de quanto o Banco aplicou no Estado em 2020 e detalhar\u00e1 as expectativas para o ano de 2021. A Reuni\u00e3o contar\u00e1 com a presen\u00e7a do presidente do Banco da Amaz\u00f4nia, Valdecir Tose, do governador do Estado do Tocantins, Mauro Carlesse, e da superintendente da Sudam, Louise Caroline Campos Low. O evento tamb\u00e9m contar\u00e1 com os representantes da Assembleia Legislativa, Sebrae, Governos Municipais e Entidades Classistas.<\/p>\n\n\n\n<p>Ser\u00e3o apresentadas as linhas de cr\u00e9dito para o Estado. A novidade neste ano ser\u00e3o linhas de cr\u00e9dito voltadas para a sustentabilidade &#8211; o FNO Amaz\u00f4nia Rural Verde \u2013 cujo objetivo \u00e9 estimular e diferenciar a finalidade de cr\u00e9dito para fomentar a economia e ao mesmo tempo refor\u00e7ar o compromisso socioambiental da regi\u00e3o.<\/p>\n\n\n\n<p>Segundo o Superintendente do Banco da Amaz\u00f4nia no Estado do Tocantins, Marivaldo Melo, no ano de 2020, houve uma grande disponibilidade de cr\u00e9dito para todos os setores e conseguimos bater um recorde de aplica\u00e7\u00e3o com um montante de R$ 2,2 Bilh\u00f5es. Para este 2021, a expectativa \u00e9 superar o ano anterior e apoiar cada vez mais os setores produtivos do Estado.<\/p>\n\n\n\n<p>\u201cEm 2020, a grande parte dos recursos foram aplicados nos setores de agropecu\u00e1ria e agricultura familiar, com o nosso trabalho mais de 253 mil empregos diretos e indiretos foram gerados. Para este ano, nossa expectativa \u00e9 crescer no montante aplicado, continuar apoiando todos os setores produtivos do Estado e crescer nossa participa\u00e7\u00e3o principalmente no cr\u00e9dito rural com o uso do cr\u00e9dito digital\u201d, afirmou Marivaldo Melo.<\/p>\n\n\n\n<p><\/p>\n\n\n\n<p><\/p>\n","protected":false},"excerpt":{"rendered":"<p>Banco da Amaz\u00f4nia e o Governo do Tocantins assinam protocolo para aplica\u00e7\u00e3o de R$ 1,9 bilh\u00e3o no EstadoA assinatura do protocolo de inten\u00e7\u00f5es ser\u00e1 transmitida atrav\u00e9s do Youtube, amanh\u00e3, dia 9 de mar\u00e7o O Banco da Amaz\u00f4nia (BASA) promove tradicionalmente o encontro com as governan\u00e7as dos nove estados da Amaz\u00f4nia Legal para a assinatura do &hellip;<\/p>\n","protected":false},"author":5,"featured_media":883,"comment_status":"open","ping_status":"open","sticky":true,"template":"","format":"standard","meta":{"footnotes":""},"categories":[37,1],"tags":[],"class_list":["post-880","post","type-post","status-publish","format-standard","has-post-thumbnail","","category-palmas","category-sem-categoria"],"_links":{"self":[{"href":"https:\/\/focotocantinense.com.br\/index.php?rest_route=\/wp\/v2\/posts\/880","targetHints":{"allow":["GET"]}}],"collection":[{"href":"https:\/\/focotocantinense.com.br\/index.php?rest_route=\/wp\/v2\/posts"}],"about":[{"href":"https:\/\/focotocantinense.com.br\/index.php?rest_route=\/wp\/v2\/types\/post"}],"author":[{"embeddable":true,"href":"https:\/\/focotocantinense.com.br\/index.php?rest_route=\/wp\/v2\/users\/5"}],"replies":[{"embeddable":true,"href":"https:\/\/focotocantinense.com.br\/index.php?rest_route=%2Fwp%2Fv2%2Fcomments&post=880"}],"version-history":[{"count":1,"href":"https:\/\/focotocantinense.com.br\/index.php?rest_route=\/wp\/v2\/posts\/880\/revisions"}],"predecessor-version":[{"id":882,"href":"https:\/\/focotocantinense.com.br\/index.php?rest_route=\/wp\/v2\/posts\/880\/revisions\/882"}],"wp:featuredmedia":[{"embeddable":true,"href":"https:\/\/focotocantinense.com.br\/index.php?rest_route=\/wp\/v2\/media\/883"}],"wp:attachment":[{"href":"https:\/\/focotocantinense.com.br\/index.php?rest_route=%2Fwp%2Fv2%2Fmedia&parent=880"}],"wp:term":[{"taxonomy":"category","embeddable":true,"href":"https:\/\/focotocantinense.com.br\/index.php?rest_route=%2Fwp%2Fv2%2Fcategories&post=880"},{"taxonomy":"post_tag","embeddable":true,"href":"https:\/\/focotocantinense.com.br\/index.php?rest_route=%2Fwp%2Fv2%2Ftags&post=880"}],"curies":[{"name":"wp","href":"https:\/\/api.w.org\/{rel}","templated":true}]}}