{"id":8788,"date":"2024-10-25T21:13:15","date_gmt":"2024-10-26T00:13:15","guid":{"rendered":"https:\/\/focotocantinense.com.br\/?p=8788"},"modified":"2024-10-25T21:32:12","modified_gmt":"2024-10-26T00:32:12","slug":"comite-de-cultura-leva-roda-de-conversa-com-o-poeta-zacarias-martins-ao-colegio-dom-orione-em-tocantinopolis","status":"publish","type":"post","link":"https:\/\/focotocantinense.com.br\/?p=8788","title":{"rendered":"Comit\u00ea de Cultura leva roda de conversa com o poeta Zacarias Martins ao Col\u00e9gio Dom Orione, em Tocantin\u00f3polis"},"content":{"rendered":"\n<p><strong>Por Rodrigo Martins<\/strong><\/p>\n\n\n\n<p>Numa iniciativa do Comit\u00ea de Cultura no Tocantins, em parceria com o&nbsp; &nbsp;Instituto Social Cultural Araguaia (ISCA), de Aragua\u00edna, o poeta, jornalista e ativista cultural Zacarias Martins realizou uma roda de conversa no audit\u00f3rio do Col\u00e9gio Estadual Dom Orione, em Tocantin\u00f3polis, na regi\u00e3o do Bico do Papagaio, na manh\u00e3 desta sexta-feira, 25.<\/p>\n\n\n\n<figure class=\"wp-block-image size-full is-resized\"><img loading=\"lazy\" decoding=\"async\" width=\"626\" height=\"583\" src=\"https:\/\/focotocantinense.com.br\/wp-content\/uploads\/2024\/10\/03-O-autor-tambem-falou-sobre-suas-obras-literarias-e-fez-um-recital-de-suas-poesias-Foto-Divulgacao-1.jpeg\" alt=\"\" class=\"wp-image-8792\" style=\"width:390px;height:auto\" srcset=\"https:\/\/focotocantinense.com.br\/wp-content\/uploads\/2024\/10\/03-O-autor-tambem-falou-sobre-suas-obras-literarias-e-fez-um-recital-de-suas-poesias-Foto-Divulgacao-1.jpeg 626w, https:\/\/focotocantinense.com.br\/wp-content\/uploads\/2024\/10\/03-O-autor-tambem-falou-sobre-suas-obras-literarias-e-fez-um-recital-de-suas-poesias-Foto-Divulgacao-1-300x279.jpeg 300w\" sizes=\"auto, (max-width: 626px) 100vw, 626px\" \/><\/figure>\n\n\n\n<p><\/p>\n\n\n\n<p><strong>Sobre o autor<\/strong><\/p>\n\n\n\n<p>Zacarias Martins \u00e9 um escritor premiado e j\u00e1 recebeu v\u00e1rias condecora\u00e7\u00f5es e honrarias em reconhecimento a seu trabalho liter\u00e1rio. Integrante do Comit\u00ea de Cultura no Tocantins, o autor tamb\u00e9m&nbsp; \u00e9 membro fundador da Academia Tocantinense de Letras (ATL) e&nbsp; da Federa\u00e7\u00e3o Brasileira de Jornalistas e Comunicadores de Turismo (Febtur), seccional do Tocantins. J\u00e1 publicou seis livros de poesias, um de cr\u00f4nicas (Hist\u00f3rias da hist\u00f3ria de Gurupi), obra indicada duas vezes para o exame vestibular da Universidade de Gurupi, e, mais recentemente, publicou o seu primeiro livro para o p\u00fablico infantil.<\/p>\n\n\n\n<figure class=\"wp-block-image size-large\"><img loading=\"lazy\" decoding=\"async\" width=\"1024\" height=\"768\" src=\"https:\/\/focotocantinense.com.br\/wp-content\/uploads\/2024\/10\/1-Os-alunos-do-Coegio-Dom-Orione-foram-contemplados-com-livros-de-poesias-de-Zacarias-Martin-Divulgacao-1024x768.jpeg\" alt=\"\" class=\"wp-image-8789\" srcset=\"https:\/\/focotocantinense.com.br\/wp-content\/uploads\/2024\/10\/1-Os-alunos-do-Coegio-Dom-Orione-foram-contemplados-com-livros-de-poesias-de-Zacarias-Martin-Divulgacao-1024x768.jpeg 1024w, https:\/\/focotocantinense.com.br\/wp-content\/uploads\/2024\/10\/1-Os-alunos-do-Coegio-Dom-Orione-foram-contemplados-com-livros-de-poesias-de-Zacarias-Martin-Divulgacao-300x225.jpeg 300w, https:\/\/focotocantinense.com.br\/wp-content\/uploads\/2024\/10\/1-Os-alunos-do-Coegio-Dom-Orione-foram-contemplados-com-livros-de-poesias-de-Zacarias-Martin-Divulgacao-768x576.jpeg 768w, https:\/\/focotocantinense.com.br\/wp-content\/uploads\/2024\/10\/1-Os-alunos-do-Coegio-Dom-Orione-foram-contemplados-com-livros-de-poesias-de-Zacarias-Martin-Divulgacao-1536x1152.jpeg 1536w, https:\/\/focotocantinense.com.br\/wp-content\/uploads\/2024\/10\/1-Os-alunos-do-Coegio-Dom-Orione-foram-contemplados-com-livros-de-poesias-de-Zacarias-Martin-Divulgacao.jpeg 1600w\" sizes=\"auto, (max-width: 1024px) 100vw, 1024px\" \/><\/figure>\n\n\n\n<p><\/p>\n\n\n\n<p><strong>Satisfa\u00e7\u00e3o indescrit\u00edvel<\/strong><\/p>\n\n\n\n<p>A professora de L\u00edngua Portuguesa e idealizadora da pesquisa Literatura Tocantinense na Educa\u00e7\u00e3o B\u00e1sica, Marynalva Abreu, lembrou que h\u00e1 alguns anos vinha articulando a vinda de Zacarias Martins para apresentar seu trabalho aos estudantes do Col\u00e9gio Estadual Dom Orione. No entanto, somente agora, a presen\u00e7a do ilustre escritor foi poss\u00edvel naquela unidade escolar.<\/p>\n\n\n\n<p>\u201cA satisfa\u00e7\u00e3o que sinto \u00e9 indescrit\u00edvel; como agente de leitura e defensora da literatura tocantinense, \u00e9 um privil\u00e9gio poder trazer um autor t\u00e3o renomado para perto dos nossos jovens\u201d, afirmou a professora, destacando que a roda de conversa com Zacarias Martins n\u00e3o apenas capturou a aten\u00e7\u00e3o dos estudantes, mas tamb\u00e9m ressaltou a import\u00e2ncia da leitura liter\u00e1ria para o desenvolvimento pessoal e acad\u00eamico deles.<\/p>\n\n\n\n<p>&nbsp;\u201cEssa experi\u00eancia \u00e9 um passo significativo na valoriza\u00e7\u00e3o da literatura tocantinense\u201d, comemorou a professora.<\/p>\n\n\n\n<figure class=\"wp-block-image size-large\"><img loading=\"lazy\" decoding=\"async\" width=\"768\" height=\"1024\" src=\"https:\/\/focotocantinense.com.br\/wp-content\/uploads\/2024\/10\/5-O-autor-recebeu-um-mimo-das-professoras-que-atuam-na-area-de-Lingua-Portuguesa-Foto-Divulgacao-768x1024.jpeg\" alt=\"\" class=\"wp-image-8799\" srcset=\"https:\/\/focotocantinense.com.br\/wp-content\/uploads\/2024\/10\/5-O-autor-recebeu-um-mimo-das-professoras-que-atuam-na-area-de-Lingua-Portuguesa-Foto-Divulgacao-768x1024.jpeg 768w, https:\/\/focotocantinense.com.br\/wp-content\/uploads\/2024\/10\/5-O-autor-recebeu-um-mimo-das-professoras-que-atuam-na-area-de-Lingua-Portuguesa-Foto-Divulgacao-225x300.jpeg 225w, https:\/\/focotocantinense.com.br\/wp-content\/uploads\/2024\/10\/5-O-autor-recebeu-um-mimo-das-professoras-que-atuam-na-area-de-Lingua-Portuguesa-Foto-Divulgacao-1152x1536.jpeg 1152w, https:\/\/focotocantinense.com.br\/wp-content\/uploads\/2024\/10\/5-O-autor-recebeu-um-mimo-das-professoras-que-atuam-na-area-de-Lingua-Portuguesa-Foto-Divulgacao.jpeg 1200w\" sizes=\"auto, (max-width: 768px) 100vw, 768px\" \/><\/figure>\n\n\n\n<p><\/p>\n\n\n\n<p><strong>Experi\u00eancia enriquecedora<\/strong><\/p>\n\n\n\n<p>Para Eriane, professora de L\u00edngua Portuguesa e Eletiva, a&nbsp; roda de conversa com o poeta Zacarias Martins foi um momento \u00edmpar. \u201cSeu tom humor\u00edstico e a riqueza de curiosidades expostas no momento fizeram com que fosse uma experi\u00eancia descontra\u00edda e enriquecedora\u201d, afirmou.<\/p>\n\n\n\n<figure class=\"wp-block-image size-large\"><img loading=\"lazy\" decoding=\"async\" width=\"768\" height=\"1024\" src=\"https:\/\/focotocantinense.com.br\/wp-content\/uploads\/2024\/10\/4-Zacarias-Martins-empolgou-os-alunos-do-Dom-Orione-Foto-Divulgacao-768x1024.jpeg\" alt=\"\" class=\"wp-image-8800\" srcset=\"https:\/\/focotocantinense.com.br\/wp-content\/uploads\/2024\/10\/4-Zacarias-Martins-empolgou-os-alunos-do-Dom-Orione-Foto-Divulgacao-768x1024.jpeg 768w, https:\/\/focotocantinense.com.br\/wp-content\/uploads\/2024\/10\/4-Zacarias-Martins-empolgou-os-alunos-do-Dom-Orione-Foto-Divulgacao-225x300.jpeg 225w, https:\/\/focotocantinense.com.br\/wp-content\/uploads\/2024\/10\/4-Zacarias-Martins-empolgou-os-alunos-do-Dom-Orione-Foto-Divulgacao-1152x1536.jpeg 1152w, https:\/\/focotocantinense.com.br\/wp-content\/uploads\/2024\/10\/4-Zacarias-Martins-empolgou-os-alunos-do-Dom-Orione-Foto-Divulgacao.jpeg 1200w\" sizes=\"auto, (max-width: 768px) 100vw, 768px\" \/><\/figure>\n\n\n\n<p><\/p>\n\n\n\n<p><strong>Enfrentando desafios<\/strong><\/p>\n\n\n\n<p>J\u00e1 Gabrielly Carvalho de Sousa, estudante da 1\u00aa s\u00e9rie do Ensino M\u00e9dio, agradeceu ao poeta por compartilhar informa\u00e7\u00f5es sobre suas obras, especialmente, no momento, quando ressaltou como a leitura pode ser uma solu\u00e7\u00e3o para diversos problemas, auxiliando a enfrentar desafios.<\/p>\n\n\n\n<p>Tamb\u00e9m chamou a aten\u00e7\u00e3o da estudante quando Zacarias falou sobre a import\u00e2ncia da leitura e&nbsp; a necessidade de cautela em rela\u00e7\u00e3o \u00e0s fake News, al\u00e9m de como a leitura de um bom&nbsp; livro pode transformar&nbsp; vidas.<\/p>\n\n\n\n<p>\u201cAprendi que devemos nos apegar a aquilo que realmente enriquece nossas experi\u00eancias. Expresso minha sincera gratid\u00e3o pela palestra oferecida\u201d, declarou a estudante.<\/p>\n\n\n\n<figure class=\"wp-block-image size-large is-resized\"><img loading=\"lazy\" decoding=\"async\" width=\"1024\" height=\"461\" src=\"https:\/\/focotocantinense.com.br\/wp-content\/uploads\/2024\/10\/ZACA-EM-TOC-CITY-O-1024x461.jpeg\" alt=\"\" class=\"wp-image-8802\" style=\"width:840px;height:auto\" srcset=\"https:\/\/focotocantinense.com.br\/wp-content\/uploads\/2024\/10\/ZACA-EM-TOC-CITY-O-1024x461.jpeg 1024w, https:\/\/focotocantinense.com.br\/wp-content\/uploads\/2024\/10\/ZACA-EM-TOC-CITY-O-300x135.jpeg 300w, https:\/\/focotocantinense.com.br\/wp-content\/uploads\/2024\/10\/ZACA-EM-TOC-CITY-O-768x346.jpeg 768w, https:\/\/focotocantinense.com.br\/wp-content\/uploads\/2024\/10\/ZACA-EM-TOC-CITY-O-1536x691.jpeg 1536w, https:\/\/focotocantinense.com.br\/wp-content\/uploads\/2024\/10\/ZACA-EM-TOC-CITY-O.jpeg 1600w\" sizes=\"auto, (max-width: 1024px) 100vw, 1024px\" \/><\/figure>\n\n\n\n<p><strong><em>O poeta tamb\u00e9m aproveitou para conhecer  alguns pontos tur\u00edsticos da cidade.<\/em><\/strong><\/p>\n\n\n\n<p><strong>Talento liter\u00e1rio<\/strong><\/p>\n\n\n\n<p>Estudante da 1\u00aa s\u00e9rie do Ensino M\u00e9dio e integrante do Grupo de Pesquisa sobre Literatura Tocantinense na Educa\u00e7\u00e3o B\u00e1sica, Sarah Let\u00edcia Armando da Silva, comemorou a roda de conversa realizada por Zacarias Martins, garantindo ter sido coroada de grande sucesso e gerando um impacto positivo entre todos os participantes.<\/p>\n\n\n\n<p>\u201cO autor se destacou n\u00e3o apenas por seu talento liter\u00e1rio, mas, tamb\u00e9m, por seu humor contagiante. Suas falas divertidas e cativantes empolgaram os alunos, tornando a conversa ainda mais envolvente. Sem d\u00favida, essa experi\u00eancia inspiradora deixou n\u00e3o s\u00f3 a mim, mas a todos, ansiosos para explorar mais da literatura tocantinense &#8220;, comentou Sarah Let\u00edcia<\/p>\n\n\n\n<p><strong>Sobre o Comit\u00ea de Cultura<\/strong><\/p>\n\n\n\n<p>O Comit\u00ea de Cultura no Tocantins \u00e9 fruto de uma parceria entre a Federa\u00e7\u00e3o Tocantinense de Artes C\u00eanicas (FETAC), Associa\u00e7\u00e3o Gurupiense de Artes\u00e3os (AGA), e o Instituto Social Cultural Araguaia (ISCA). Al\u00e9m da sede que fica em Palmas, sob a com a coordena\u00e7\u00e3o geral de Kak\u00e1 Nogueira, Wanderson Ramos e de uma equipe gestora, o \u00f3rg\u00e3o que integra o Programa Nacional de Comit\u00eas de Cultura do Minist\u00e9rio da Cultura, conta com representa\u00e7\u00e3o em Gurupi, com atua\u00e7\u00e3o para as regi\u00f5es sul e sudesge, bem como, em Aragua\u00edna, com atua\u00e7\u00e3o em todo o norte do Tocantins.<\/p>\n\n\n\n<figure class=\"wp-block-image size-full is-resized\"><img loading=\"lazy\" decoding=\"async\" width=\"624\" height=\"531\" src=\"https:\/\/focotocantinense.com.br\/wp-content\/uploads\/2024\/10\/2-A-roda-de-conversa-com-o-poeta-Zacarias-Martins-movimentou-os-alunos-do-Colegio-Dom-Orione.jpeg\" alt=\"\" class=\"wp-image-8797\" style=\"width:840px;height:auto\" srcset=\"https:\/\/focotocantinense.com.br\/wp-content\/uploads\/2024\/10\/2-A-roda-de-conversa-com-o-poeta-Zacarias-Martins-movimentou-os-alunos-do-Colegio-Dom-Orione.jpeg 624w, https:\/\/focotocantinense.com.br\/wp-content\/uploads\/2024\/10\/2-A-roda-de-conversa-com-o-poeta-Zacarias-Martins-movimentou-os-alunos-do-Colegio-Dom-Orione-300x255.jpeg 300w\" sizes=\"auto, (max-width: 624px) 100vw, 624px\" \/><\/figure>\n","protected":false},"excerpt":{"rendered":"<p>Por Rodrigo Martins Numa iniciativa do Comit\u00ea de Cultura no Tocantins, em parceria com o&nbsp; &nbsp;Instituto Social Cultural Araguaia (ISCA), de Aragua\u00edna, o poeta, jornalista e ativista cultural Zacarias Martins realizou uma roda de conversa no audit\u00f3rio do Col\u00e9gio Estadual Dom Orione, em Tocantin\u00f3polis, na regi\u00e3o do Bico do Papagaio, na manh\u00e3 desta sexta-feira, 25. &hellip;<\/p>\n","protected":false},"author":5,"featured_media":8789,"comment_status":"open","ping_status":"open","sticky":false,"template":"","format":"standard","meta":{"footnotes":""},"categories":[87],"tags":[],"class_list":["post-8788","post","type-post","status-publish","format-standard","has-post-thumbnail","","category-tocantinopolis"],"_links":{"self":[{"href":"https:\/\/focotocantinense.com.br\/index.php?rest_route=\/wp\/v2\/posts\/8788","targetHints":{"allow":["GET"]}}],"collection":[{"href":"https:\/\/focotocantinense.com.br\/index.php?rest_route=\/wp\/v2\/posts"}],"about":[{"href":"https:\/\/focotocantinense.com.br\/index.php?rest_route=\/wp\/v2\/types\/post"}],"author":[{"embeddable":true,"href":"https:\/\/focotocantinense.com.br\/index.php?rest_route=\/wp\/v2\/users\/5"}],"replies":[{"embeddable":true,"href":"https:\/\/focotocantinense.com.br\/index.php?rest_route=%2Fwp%2Fv2%2Fcomments&post=8788"}],"version-history":[{"count":10,"href":"https:\/\/focotocantinense.com.br\/index.php?rest_route=\/wp\/v2\/posts\/8788\/revisions"}],"predecessor-version":[{"id":8805,"href":"https:\/\/focotocantinense.com.br\/index.php?rest_route=\/wp\/v2\/posts\/8788\/revisions\/8805"}],"wp:featuredmedia":[{"embeddable":true,"href":"https:\/\/focotocantinense.com.br\/index.php?rest_route=\/wp\/v2\/media\/8789"}],"wp:attachment":[{"href":"https:\/\/focotocantinense.com.br\/index.php?rest_route=%2Fwp%2Fv2%2Fmedia&parent=8788"}],"wp:term":[{"taxonomy":"category","embeddable":true,"href":"https:\/\/focotocantinense.com.br\/index.php?rest_route=%2Fwp%2Fv2%2Fcategories&post=8788"},{"taxonomy":"post_tag","embeddable":true,"href":"https:\/\/focotocantinense.com.br\/index.php?rest_route=%2Fwp%2Fv2%2Ftags&post=8788"}],"curies":[{"name":"wp","href":"https:\/\/api.w.org\/{rel}","templated":true}]}}