{"id":8785,"date":"2024-10-21T21:07:07","date_gmt":"2024-10-22T00:07:07","guid":{"rendered":"https:\/\/focotocantinense.com.br\/?p=8785"},"modified":"2024-10-21T21:07:07","modified_gmt":"2024-10-22T00:07:07","slug":"encontro-marcado-de-vicentinho-junior-com-liderancas-nacionais-em-apoio-a-candidatura-de-eduardo-siqueira","status":"publish","type":"post","link":"https:\/\/focotocantinense.com.br\/?p=8785","title":{"rendered":"Encontro marcado de Vicentinho Junior com lideran\u00e7as nacionais em apoio \u00e0 candidatura de Eduardo Siqueira"},"content":{"rendered":"\n<p>No dia 23 de outubro, \u00e0s 19h, no<br>Audit\u00f3rio da ATM, teremos um grande evento do Progressistas em apoio \u00e0 candidatura de Eduardo Siqueira<br>Campos no segundo turno das elei\u00e7\u00f5es de Palmas.<\/p>\n\n\n\n<figure class=\"wp-block-image size-large is-resized\"><img loading=\"lazy\" decoding=\"async\" width=\"819\" height=\"1024\" src=\"https:\/\/focotocantinense.com.br\/wp-content\/uploads\/2024\/10\/WhatsApp-Image-2024-10-21-at-16.31.01-819x1024.jpeg\" alt=\"\" class=\"wp-image-8786\" style=\"width:364px;height:auto\" srcset=\"https:\/\/focotocantinense.com.br\/wp-content\/uploads\/2024\/10\/WhatsApp-Image-2024-10-21-at-16.31.01-819x1024.jpeg 819w, https:\/\/focotocantinense.com.br\/wp-content\/uploads\/2024\/10\/WhatsApp-Image-2024-10-21-at-16.31.01-240x300.jpeg 240w, https:\/\/focotocantinense.com.br\/wp-content\/uploads\/2024\/10\/WhatsApp-Image-2024-10-21-at-16.31.01-768x960.jpeg 768w, https:\/\/focotocantinense.com.br\/wp-content\/uploads\/2024\/10\/WhatsApp-Image-2024-10-21-at-16.31.01.jpeg 1024w\" sizes=\"auto, (max-width: 819px) 100vw, 819px\" \/><\/figure>\n\n\n\n<p>Vamos nos reunir com importantes lideran\u00e7as nacionais, como o Senador Ciro Nogueira, o Deputado Arthur Lira, o Deputado Dr. Luizinho, o Ministro Andr\u00e9 Fufuca e o Deputado Evair de Melo, para refor\u00e7ar nossa unidade e compromisso com o futuro da Capital.<br>A sua presen\u00e7a \u00e9 essencial para fortalecer esse projeto de transforma\u00e7\u00e3o para Palmas<\/p>\n","protected":false},"excerpt":{"rendered":"<p>No dia 23 de outubro, \u00e0s 19h, noAudit\u00f3rio da ATM, teremos um grande evento do Progressistas em apoio \u00e0 candidatura de Eduardo SiqueiraCampos no segundo turno das elei\u00e7\u00f5es de Palmas. Vamos nos reunir com importantes lideran\u00e7as nacionais, como o Senador Ciro Nogueira, o Deputado Arthur Lira, o Deputado Dr. Luizinho, o Ministro Andr\u00e9 Fufuca e &hellip;<\/p>\n","protected":false},"author":5,"featured_media":8786,"comment_status":"open","ping_status":"open","sticky":false,"template":"","format":"standard","meta":{"footnotes":""},"categories":[1],"tags":[],"class_list":["post-8785","post","type-post","status-publish","format-standard","has-post-thumbnail","","category-sem-categoria"],"_links":{"self":[{"href":"https:\/\/focotocantinense.com.br\/index.php?rest_route=\/wp\/v2\/posts\/8785","targetHints":{"allow":["GET"]}}],"collection":[{"href":"https:\/\/focotocantinense.com.br\/index.php?rest_route=\/wp\/v2\/posts"}],"about":[{"href":"https:\/\/focotocantinense.com.br\/index.php?rest_route=\/wp\/v2\/types\/post"}],"author":[{"embeddable":true,"href":"https:\/\/focotocantinense.com.br\/index.php?rest_route=\/wp\/v2\/users\/5"}],"replies":[{"embeddable":true,"href":"https:\/\/focotocantinense.com.br\/index.php?rest_route=%2Fwp%2Fv2%2Fcomments&post=8785"}],"version-history":[{"count":1,"href":"https:\/\/focotocantinense.com.br\/index.php?rest_route=\/wp\/v2\/posts\/8785\/revisions"}],"predecessor-version":[{"id":8787,"href":"https:\/\/focotocantinense.com.br\/index.php?rest_route=\/wp\/v2\/posts\/8785\/revisions\/8787"}],"wp:featuredmedia":[{"embeddable":true,"href":"https:\/\/focotocantinense.com.br\/index.php?rest_route=\/wp\/v2\/media\/8786"}],"wp:attachment":[{"href":"https:\/\/focotocantinense.com.br\/index.php?rest_route=%2Fwp%2Fv2%2Fmedia&parent=8785"}],"wp:term":[{"taxonomy":"category","embeddable":true,"href":"https:\/\/focotocantinense.com.br\/index.php?rest_route=%2Fwp%2Fv2%2Fcategories&post=8785"},{"taxonomy":"post_tag","embeddable":true,"href":"https:\/\/focotocantinense.com.br\/index.php?rest_route=%2Fwp%2Fv2%2Ftags&post=8785"}],"curies":[{"name":"wp","href":"https:\/\/api.w.org\/{rel}","templated":true}]}}