{"id":8778,"date":"2024-10-18T12:59:42","date_gmt":"2024-10-18T15:59:42","guid":{"rendered":"https:\/\/focotocantinense.com.br\/?p=8778"},"modified":"2024-10-18T13:01:12","modified_gmt":"2024-10-18T16:01:12","slug":"familias-acolhedoras-mpto-promove-debate-sobre-implantacao-do-servico-em-tocantinia","status":"publish","type":"post","link":"https:\/\/focotocantinense.com.br\/?p=8778","title":{"rendered":"Fam\u00edlias Acolhedoras: MPTO promove debate sobre implanta\u00e7\u00e3o do servi\u00e7o em Tocant\u00ednia"},"content":{"rendered":"\n<p>O Minist\u00e9rio P\u00fablico do Tocantins (MPTO) promoveu, na noite desta quarta-feira, 16, audi\u00eancia p\u00fablica sobre a implanta\u00e7\u00e3o do Servi\u00e7o de Acolhimento em Fam\u00edlia Acolhedora (SFA) em Tocant\u00ednia. Realizado na C\u00e2mara de Vereadores da cidade, o evento reuniu representantes do poder p\u00fablico municipal, estadual e federal, al\u00e9m da comunidade local, para debater a import\u00e2ncia do acolhimento tempor\u00e1rio de crian\u00e7as e adolescentes em risco social. Na oportunidade tamb\u00e9m foi apresentado o Fundo Municipal dos Direitos da Crian\u00e7a e do Adolescente (FIA).<\/p>\n\n\n\n<figure class=\"wp-block-image size-large is-resized\"><img loading=\"lazy\" decoding=\"async\" width=\"1024\" height=\"654\" src=\"https:\/\/focotocantinense.com.br\/wp-content\/uploads\/2024\/10\/1-Familias-Acolhedoras-MPTO-promove-debate-sobre-implantacao-do-servico-em-Tocantinia-1024x654.jpeg\" alt=\"\" class=\"wp-image-8779\" style=\"width:377px;height:auto\" srcset=\"https:\/\/focotocantinense.com.br\/wp-content\/uploads\/2024\/10\/1-Familias-Acolhedoras-MPTO-promove-debate-sobre-implantacao-do-servico-em-Tocantinia-1024x654.jpeg 1024w, https:\/\/focotocantinense.com.br\/wp-content\/uploads\/2024\/10\/1-Familias-Acolhedoras-MPTO-promove-debate-sobre-implantacao-do-servico-em-Tocantinia-300x192.jpeg 300w, https:\/\/focotocantinense.com.br\/wp-content\/uploads\/2024\/10\/1-Familias-Acolhedoras-MPTO-promove-debate-sobre-implantacao-do-servico-em-Tocantinia-768x491.jpeg 768w, https:\/\/focotocantinense.com.br\/wp-content\/uploads\/2024\/10\/1-Familias-Acolhedoras-MPTO-promove-debate-sobre-implantacao-do-servico-em-Tocantinia-1536x981.jpeg 1536w, https:\/\/focotocantinense.com.br\/wp-content\/uploads\/2024\/10\/1-Familias-Acolhedoras-MPTO-promove-debate-sobre-implantacao-do-servico-em-Tocantinia.jpeg 1600w\" sizes=\"auto, (max-width: 1024px) 100vw, 1024px\" \/><\/figure>\n\n\n\n<p><\/p>\n\n\n\n<p>\u201cO acolhimento \u00e9 tempor\u00e1rio, mas os resultados positivos s\u00e3o para a vida toda\u201d, enfatizou a promotora titular da 2\u00aa Promotoria de Justi\u00e7a de Miracema do Tocantins e idealizadora da audi\u00eancia, Sterlane de Castro Ferreira. Ela tamb\u00e9m destacou a import\u00e2ncia do servi\u00e7o como uma medida protetiva excepcional e provis\u00f3ria, prevista no Estatuto da Crian\u00e7a e do Adolescente (ECA), para crian\u00e7as e jovens que precisam ser afastados de sua fam\u00edlia de origem.<\/p>\n\n\n\n<p><strong>Di\u00e1logo<\/strong><\/p>\n\n\n\n<p>Durante a audi\u00eancia, a promotora refor\u00e7ou&nbsp; que \u201co Minist\u00e9rio P\u00fablico est\u00e1 sempre dispon\u00edvel para dialogar e buscar solu\u00e7\u00f5es juntamente com as demais autoridades na busca da implementa\u00e7\u00e3o dessa pol\u00edtica p\u00fablica da inf\u00e2ncia e da juventude\u201d<\/p>\n\n\n\n<p><strong>Como funciona<\/strong><\/p>\n\n\n\n<p>Ao abrir espa\u00e7o para d\u00favidas e esclarecimentos quanto ao Servi\u00e7o de Fam\u00edlia Acolhedora, foram apresentados os requisitos necess\u00e1rios \u00e0s fam\u00edlias que desejam fazer parte do programa. Entre as exig\u00eancias, destacam-se ter mais de 18 anos e residir na cidade. \u00c9 imprescind\u00edvel, no entanto, que os interessados n\u00e3o estejam no cadastro \u00fanico de ado\u00e7\u00e3o e que n\u00e3o tenham qualquer interesse em adotar as crian\u00e7as ou adolescentes enviados para seus lares. Todos precisam ter ci\u00eancia de que o v\u00ednculo \u00e9 tempor\u00e1rio<\/p>\n\n\n\n<p>Antes de receber as crian\u00e7as, os volunt\u00e1rios passam por uma capacita\u00e7\u00e3o. Durante esse processo, um psic\u00f3logo \u00e9 designado para acompanhamento, especialmente para prepar\u00e1-los para a adapta\u00e7\u00e3o e o momento de despedida.<\/p>\n\n\n\n<figure class=\"wp-block-image size-large\"><img loading=\"lazy\" decoding=\"async\" width=\"1024\" height=\"714\" src=\"https:\/\/focotocantinense.com.br\/wp-content\/uploads\/2024\/10\/2-Familias-Acolhedoras-MPTO-promove-debate-sobre-implantacao-do-servico-em-Tocantinia-1024x714.jpeg\" alt=\"\" class=\"wp-image-8781\" srcset=\"https:\/\/focotocantinense.com.br\/wp-content\/uploads\/2024\/10\/2-Familias-Acolhedoras-MPTO-promove-debate-sobre-implantacao-do-servico-em-Tocantinia-1024x714.jpeg 1024w, https:\/\/focotocantinense.com.br\/wp-content\/uploads\/2024\/10\/2-Familias-Acolhedoras-MPTO-promove-debate-sobre-implantacao-do-servico-em-Tocantinia-300x209.jpeg 300w, https:\/\/focotocantinense.com.br\/wp-content\/uploads\/2024\/10\/2-Familias-Acolhedoras-MPTO-promove-debate-sobre-implantacao-do-servico-em-Tocantinia-768x536.jpeg 768w, https:\/\/focotocantinense.com.br\/wp-content\/uploads\/2024\/10\/2-Familias-Acolhedoras-MPTO-promove-debate-sobre-implantacao-do-servico-em-Tocantinia-1536x1071.jpeg 1536w, https:\/\/focotocantinense.com.br\/wp-content\/uploads\/2024\/10\/2-Familias-Acolhedoras-MPTO-promove-debate-sobre-implantacao-do-servico-em-Tocantinia.jpeg 1600w\" sizes=\"auto, (max-width: 1024px) 100vw, 1024px\" \/><\/figure>\n\n\n\n<p><\/p>\n\n\n\n<p><strong>FIA<\/strong><\/p>\n\n\n\n<p>Sobre o Fundo Municipal dos Direitos da Crian\u00e7a e do Adolescente, a promotora de Justi\u00e7a pontuou que o recurso \u00e9 essencial para financiar projetos que garantem os direitos fundamentais de crian\u00e7as e adolescentes, como educa\u00e7\u00e3o, sa\u00fade e inclus\u00e3o social.<\/p>\n\n\n\n<p>Na oportunidade, tamb\u00e9m foi apresentado o Fundo Especial da Inf\u00e2ncia e Adolesc\u00eancia (FIA), que representa uma importante fonte de recursos para os munic\u00edpios, j\u00e1 que ele pode receber at\u00e9 6% do Imposto de Renda devido por pessoas f\u00edsicas e at\u00e9 1% do imposto devido por pessoas jur\u00eddicas.<\/p>\n\n\n\n<p><strong>Participantes<\/strong><\/p>\n\n\n\n<p>Al\u00e9m dos integrantes do MPTO, participaram o prefeito municipal de Tocant\u00ednia, Jo\u00e3o Alberto Coelho Machado; os secret\u00e1rios de Assist\u00eancia Social de Tocant\u00ednia e Lajeado, S\u00e2mia Nikaelen Rosa e Levi Lopes; representantes de Conselhos, da Defensoria P\u00fablica, da Universidade Federal do Tocantins, da Funai, da comunidade ind\u00edgena Xerente, religiosos entre outros.<\/p>\n\n\n\n<figure class=\"wp-block-image size-full\"><img loading=\"lazy\" decoding=\"async\" width=\"843\" height=\"251\" src=\"https:\/\/focotocantinense.com.br\/wp-content\/uploads\/2024\/10\/VINI_181_282-1-3.jpg\" alt=\"\" class=\"wp-image-8754\" srcset=\"https:\/\/focotocantinense.com.br\/wp-content\/uploads\/2024\/10\/VINI_181_282-1-3.jpg 843w, https:\/\/focotocantinense.com.br\/wp-content\/uploads\/2024\/10\/VINI_181_282-1-3-300x89.jpg 300w, https:\/\/focotocantinense.com.br\/wp-content\/uploads\/2024\/10\/VINI_181_282-1-3-768x229.jpg 768w\" sizes=\"auto, (max-width: 843px) 100vw, 843px\" \/><\/figure>\n","protected":false},"excerpt":{"rendered":"<p>O Minist\u00e9rio P\u00fablico do Tocantins (MPTO) promoveu, na noite desta quarta-feira, 16, audi\u00eancia p\u00fablica sobre a implanta\u00e7\u00e3o do Servi\u00e7o de Acolhimento em Fam\u00edlia Acolhedora (SFA) em Tocant\u00ednia. Realizado na C\u00e2mara de Vereadores da cidade, o evento reuniu representantes do poder p\u00fablico municipal, estadual e federal, al\u00e9m da comunidade local, para debater a import\u00e2ncia do acolhimento &hellip;<\/p>\n","protected":false},"author":5,"featured_media":8779,"comment_status":"open","ping_status":"open","sticky":false,"template":"","format":"standard","meta":{"footnotes":""},"categories":[1],"tags":[],"class_list":["post-8778","post","type-post","status-publish","format-standard","has-post-thumbnail","","category-sem-categoria"],"_links":{"self":[{"href":"https:\/\/focotocantinense.com.br\/index.php?rest_route=\/wp\/v2\/posts\/8778","targetHints":{"allow":["GET"]}}],"collection":[{"href":"https:\/\/focotocantinense.com.br\/index.php?rest_route=\/wp\/v2\/posts"}],"about":[{"href":"https:\/\/focotocantinense.com.br\/index.php?rest_route=\/wp\/v2\/types\/post"}],"author":[{"embeddable":true,"href":"https:\/\/focotocantinense.com.br\/index.php?rest_route=\/wp\/v2\/users\/5"}],"replies":[{"embeddable":true,"href":"https:\/\/focotocantinense.com.br\/index.php?rest_route=%2Fwp%2Fv2%2Fcomments&post=8778"}],"version-history":[{"count":3,"href":"https:\/\/focotocantinense.com.br\/index.php?rest_route=\/wp\/v2\/posts\/8778\/revisions"}],"predecessor-version":[{"id":8783,"href":"https:\/\/focotocantinense.com.br\/index.php?rest_route=\/wp\/v2\/posts\/8778\/revisions\/8783"}],"wp:featuredmedia":[{"embeddable":true,"href":"https:\/\/focotocantinense.com.br\/index.php?rest_route=\/wp\/v2\/media\/8779"}],"wp:attachment":[{"href":"https:\/\/focotocantinense.com.br\/index.php?rest_route=%2Fwp%2Fv2%2Fmedia&parent=8778"}],"wp:term":[{"taxonomy":"category","embeddable":true,"href":"https:\/\/focotocantinense.com.br\/index.php?rest_route=%2Fwp%2Fv2%2Fcategories&post=8778"},{"taxonomy":"post_tag","embeddable":true,"href":"https:\/\/focotocantinense.com.br\/index.php?rest_route=%2Fwp%2Fv2%2Ftags&post=8778"}],"curies":[{"name":"wp","href":"https:\/\/api.w.org\/{rel}","templated":true}]}}