{"id":8774,"date":"2024-10-18T07:09:46","date_gmt":"2024-10-18T10:09:46","guid":{"rendered":"https:\/\/focotocantinense.com.br\/?p=8774"},"modified":"2024-10-18T07:09:46","modified_gmt":"2024-10-18T10:09:46","slug":"vem-ai-a-tech-farm-show-2025","status":"publish","type":"post","link":"https:\/\/focotocantinense.com.br\/?p=8774","title":{"rendered":"Vem a\u00ed a TECH FARM SHOW 2025"},"content":{"rendered":"\n<p>Vem a\u00ed a TECH FARM SHOW 2025<br>UMA FEIRA DE NEG\u00d3CIOS \ud83e\udd1d\ud83c\udf43<\/p>\n\n\n\n<p>\ud83c\udf43Agricultores e pecuaristas com cadastros pr\u00e9-aprovados, para garantir a melhor oportunidade para seu empreendimento.<\/p>\n\n\n\n<figure class=\"wp-block-image size-full is-resized\"><img loading=\"lazy\" decoding=\"async\" width=\"594\" height=\"598\" src=\"https:\/\/focotocantinense.com.br\/wp-content\/uploads\/2024\/10\/TECH-FEIRA-FOTO-1.jpg\" alt=\"\" class=\"wp-image-8775\" style=\"width:383px;height:auto\" srcset=\"https:\/\/focotocantinense.com.br\/wp-content\/uploads\/2024\/10\/TECH-FEIRA-FOTO-1.jpg 594w, https:\/\/focotocantinense.com.br\/wp-content\/uploads\/2024\/10\/TECH-FEIRA-FOTO-1-298x300.jpg 298w, https:\/\/focotocantinense.com.br\/wp-content\/uploads\/2024\/10\/TECH-FEIRA-FOTO-1-150x150.jpg 150w\" sizes=\"auto, (max-width: 594px) 100vw, 594px\" \/><\/figure>\n\n\n\n<figure class=\"wp-block-image size-full is-resized\"><img loading=\"lazy\" decoding=\"async\" width=\"599\" height=\"596\" src=\"https:\/\/focotocantinense.com.br\/wp-content\/uploads\/2024\/10\/TECH-FEIRA-FOTO-2.jpg\" alt=\"\" class=\"wp-image-8776\" style=\"width:364px;height:auto\" srcset=\"https:\/\/focotocantinense.com.br\/wp-content\/uploads\/2024\/10\/TECH-FEIRA-FOTO-2.jpg 599w, https:\/\/focotocantinense.com.br\/wp-content\/uploads\/2024\/10\/TECH-FEIRA-FOTO-2-300x298.jpg 300w, https:\/\/focotocantinense.com.br\/wp-content\/uploads\/2024\/10\/TECH-FEIRA-FOTO-2-150x150.jpg 150w\" sizes=\"auto, (max-width: 599px) 100vw, 599px\" \/><\/figure>\n\n\n\n<p>Vem a\u00ed a TECH FARM SHOW 2025<br>UMA FEIRA DE NEG\u00d3CIOS \ud83e\udd1d\ud83c\udf43<\/p>\n\n\n\n<p>\ud83c\udf43Agricultores e pecuaristas com cadastros pr\u00e9-aprovados, para garantir a melhor oportunidade para seu empreendimento.<\/p>\n","protected":false},"excerpt":{"rendered":"<p>Vem a\u00ed a TECH FARM SHOW 2025UMA FEIRA DE NEG\u00d3CIOS \ud83e\udd1d\ud83c\udf43 \ud83c\udf43Agricultores e pecuaristas com cadastros pr\u00e9-aprovados, para garantir a melhor oportunidade para seu empreendimento. Vem a\u00ed a TECH FARM SHOW 2025UMA FEIRA DE NEG\u00d3CIOS \ud83e\udd1d\ud83c\udf43 \ud83c\udf43Agricultores e pecuaristas com cadastros pr\u00e9-aprovados, para garantir a melhor oportunidade para seu empreendimento.<\/p>\n","protected":false},"author":5,"featured_media":8776,"comment_status":"open","ping_status":"open","sticky":false,"template":"","format":"standard","meta":{"footnotes":""},"categories":[1],"tags":[],"class_list":["post-8774","post","type-post","status-publish","format-standard","has-post-thumbnail","","category-sem-categoria"],"_links":{"self":[{"href":"https:\/\/focotocantinense.com.br\/index.php?rest_route=\/wp\/v2\/posts\/8774","targetHints":{"allow":["GET"]}}],"collection":[{"href":"https:\/\/focotocantinense.com.br\/index.php?rest_route=\/wp\/v2\/posts"}],"about":[{"href":"https:\/\/focotocantinense.com.br\/index.php?rest_route=\/wp\/v2\/types\/post"}],"author":[{"embeddable":true,"href":"https:\/\/focotocantinense.com.br\/index.php?rest_route=\/wp\/v2\/users\/5"}],"replies":[{"embeddable":true,"href":"https:\/\/focotocantinense.com.br\/index.php?rest_route=%2Fwp%2Fv2%2Fcomments&post=8774"}],"version-history":[{"count":1,"href":"https:\/\/focotocantinense.com.br\/index.php?rest_route=\/wp\/v2\/posts\/8774\/revisions"}],"predecessor-version":[{"id":8777,"href":"https:\/\/focotocantinense.com.br\/index.php?rest_route=\/wp\/v2\/posts\/8774\/revisions\/8777"}],"wp:featuredmedia":[{"embeddable":true,"href":"https:\/\/focotocantinense.com.br\/index.php?rest_route=\/wp\/v2\/media\/8776"}],"wp:attachment":[{"href":"https:\/\/focotocantinense.com.br\/index.php?rest_route=%2Fwp%2Fv2%2Fmedia&parent=8774"}],"wp:term":[{"taxonomy":"category","embeddable":true,"href":"https:\/\/focotocantinense.com.br\/index.php?rest_route=%2Fwp%2Fv2%2Fcategories&post=8774"},{"taxonomy":"post_tag","embeddable":true,"href":"https:\/\/focotocantinense.com.br\/index.php?rest_route=%2Fwp%2Fv2%2Ftags&post=8774"}],"curies":[{"name":"wp","href":"https:\/\/api.w.org\/{rel}","templated":true}]}}