{"id":8763,"date":"2024-10-16T18:28:58","date_gmt":"2024-10-16T21:28:58","guid":{"rendered":"https:\/\/focotocantinense.com.br\/?p=8763"},"modified":"2024-10-16T18:31:51","modified_gmt":"2024-10-16T21:31:51","slug":"com-abordagem-sobre-o-meio-ambiente-grupo-motiro-de-teatro-lanca-novo-espetaculo-teatral","status":"publish","type":"post","link":"https:\/\/focotocantinense.com.br\/?p=8763","title":{"rendered":"Com abordagem sobre o meio ambiente Grupo Motir\u00f5 de teatro lan\u00e7a novo espet\u00e1culo teatral"},"content":{"rendered":"\n<p>O Grupo Motir\u00f5 de teatro est\u00e1 lan\u00e7ando em suas redes sociais o espet\u00e1culo teatral denominado de \u201cNada se tem se a Natureza n\u00e3o est\u00e1 bem\u201d, em formato de cine teatro em seu canal do youtube. O espet\u00e1culo foi escrito&nbsp; por Fernando Fran\u00e7a, sendo&nbsp; estrelado pelos atores&nbsp; Tainara Oliveira, Rom\u00e1rio Cosme, Letticia Japiass\u00fa e Raimundo Oliveira, al\u00e9m de contar com a produ\u00e7\u00e3o de Adailson Costa e Adriana Mendon\u00e7a.&nbsp;&nbsp;<\/p>\n\n\n\n<p>Este projeto foi contemplado pelo edital Leilane Macedo de chamamento p\u00fablico&nbsp; n\u00ba&nbsp; 05\/2023, de 13 de setembro de 2023, da Secretaria Municipal de Cultura e Turismo de Gurupi (Secult),&nbsp; por meio da Lei Paulo Gustavo.<\/p>\n\n\n\n<figure class=\"wp-block-image size-large is-resized\"><img loading=\"lazy\" decoding=\"async\" width=\"1024\" height=\"572\" src=\"https:\/\/focotocantinense.com.br\/wp-content\/uploads\/2024\/10\/3-Com-abordagem-sobre-o-meio-ambiente-Grupo-Motiro-de-teatro-lanca-novo-espetaculo-teatral--1024x572.jpeg\" alt=\"\" class=\"wp-image-8771\" style=\"width:399px;height:auto\" srcset=\"https:\/\/focotocantinense.com.br\/wp-content\/uploads\/2024\/10\/3-Com-abordagem-sobre-o-meio-ambiente-Grupo-Motiro-de-teatro-lanca-novo-espetaculo-teatral--1024x572.jpeg 1024w, https:\/\/focotocantinense.com.br\/wp-content\/uploads\/2024\/10\/3-Com-abordagem-sobre-o-meio-ambiente-Grupo-Motiro-de-teatro-lanca-novo-espetaculo-teatral--300x168.jpeg 300w, https:\/\/focotocantinense.com.br\/wp-content\/uploads\/2024\/10\/3-Com-abordagem-sobre-o-meio-ambiente-Grupo-Motiro-de-teatro-lanca-novo-espetaculo-teatral--768x429.jpeg 768w, https:\/\/focotocantinense.com.br\/wp-content\/uploads\/2024\/10\/3-Com-abordagem-sobre-o-meio-ambiente-Grupo-Motiro-de-teatro-lanca-novo-espetaculo-teatral--1536x858.jpeg 1536w, https:\/\/focotocantinense.com.br\/wp-content\/uploads\/2024\/10\/3-Com-abordagem-sobre-o-meio-ambiente-Grupo-Motiro-de-teatro-lanca-novo-espetaculo-teatral-.jpeg 1600w\" sizes=\"auto, (max-width: 1024px) 100vw, 1024px\" \/><\/figure>\n\n\n\n<p><\/p>\n\n\n\n<p><strong>Transmiss\u00e3o<\/strong><\/p>\n\n\n\n<p>A exibi\u00e7\u00e3o dessa pe\u00e7a desse espet\u00e1culo teatral&nbsp; foi transmitida para escolas da Rede Municipal de Ensino de Gurupi,&nbsp; em formato cinematogr\u00e1fico, oportunizando \u00e0s crian\u00e7as acompanhar o desenrolar das personagens e sua busca pela valoriza\u00e7\u00e3o da Natureza. Na trama, as personagens travam dilemas entre a preserva\u00e7\u00e3o do meio ambiente e os cuidados com a \u00e1gua.&nbsp;&nbsp;<\/p>\n\n\n\n<p><strong>Forma\u00e7\u00e3o de novos pensadores<\/strong><\/p>\n\n\n\n<p>O ator Rom\u00e1rio Cosme, que integra o elenco do espet\u00e1culo, relatou que&nbsp; \u00e9 extremamente importante a realiza\u00e7\u00e3o de um projeto como esse, principalmente desenvolv\u00ea-lo em escolas p\u00fablicas. \u201cEssa iniciativa ajuda a formar novos pensadores cr\u00edticos que no futuro poder\u00e3o preservar de forma diferente o meio em que vivem\u201d, destacou&nbsp; o ator.<\/p>\n\n\n\n<figure class=\"wp-block-image size-large\"><img loading=\"lazy\" decoding=\"async\" width=\"1024\" height=\"570\" src=\"https:\/\/focotocantinense.com.br\/wp-content\/uploads\/2024\/10\/2-Com-abordagem-sobre-o-meio-ambiente-Grupo-Motiro-de-teatro-lanca-novo-espetaculo-teatral--1024x570.jpeg\" alt=\"\" class=\"wp-image-8769\" srcset=\"https:\/\/focotocantinense.com.br\/wp-content\/uploads\/2024\/10\/2-Com-abordagem-sobre-o-meio-ambiente-Grupo-Motiro-de-teatro-lanca-novo-espetaculo-teatral--1024x570.jpeg 1024w, https:\/\/focotocantinense.com.br\/wp-content\/uploads\/2024\/10\/2-Com-abordagem-sobre-o-meio-ambiente-Grupo-Motiro-de-teatro-lanca-novo-espetaculo-teatral--300x167.jpeg 300w, https:\/\/focotocantinense.com.br\/wp-content\/uploads\/2024\/10\/2-Com-abordagem-sobre-o-meio-ambiente-Grupo-Motiro-de-teatro-lanca-novo-espetaculo-teatral--768x427.jpeg 768w, https:\/\/focotocantinense.com.br\/wp-content\/uploads\/2024\/10\/2-Com-abordagem-sobre-o-meio-ambiente-Grupo-Motiro-de-teatro-lanca-novo-espetaculo-teatral--1536x854.jpeg 1536w, https:\/\/focotocantinense.com.br\/wp-content\/uploads\/2024\/10\/2-Com-abordagem-sobre-o-meio-ambiente-Grupo-Motiro-de-teatro-lanca-novo-espetaculo-teatral-.jpeg 1600w\" sizes=\"auto, (max-width: 1024px) 100vw, 1024px\" \/><\/figure>\n\n\n\n<p><\/p>\n\n\n\n<p><strong>Int\u00e9rprete de Libras<\/strong><\/p>\n\n\n\n<p>O espet\u00e1culo conta com um int\u00e9rprete de l\u00edngua brasileira de sinais (Libras).&nbsp; O diretor Fernando Fran\u00e7a ressalta que a presen\u00e7a de int\u00e9rpretes de Libras nos espet\u00e1culos teatrais&nbsp; \u00e9 importante para a inclus\u00e3o e diversidade.&nbsp;<\/p>\n\n\n\n<p>&#8220;Al\u00e9m de permitir que pessoas surdas compreendam as m\u00fasicas, intera\u00e7\u00f5es e outras informa\u00e7\u00f5es, a presen\u00e7a de int\u00e9rpretes de Libras conscientiza o p\u00fablico sobre a import\u00e2ncia da inclus\u00e3o e dos direitos das pessoas surdas, al\u00e9m de inspirar outras iniciativas de acessibilidade e atrair um p\u00fablico mais amplo&#8221;, finalizou o diretor.<\/p>\n\n\n\n<figure class=\"wp-block-image size-large\"><img loading=\"lazy\" decoding=\"async\" width=\"1024\" height=\"582\" src=\"https:\/\/focotocantinense.com.br\/wp-content\/uploads\/2024\/10\/1-Com-abordagem-sobre-o-meio-ambiente-Grupo-Motiro-de-teatro-lanca-novo-espetaculo-teatral--1024x582.jpeg\" alt=\"\" class=\"wp-image-8764\" srcset=\"https:\/\/focotocantinense.com.br\/wp-content\/uploads\/2024\/10\/1-Com-abordagem-sobre-o-meio-ambiente-Grupo-Motiro-de-teatro-lanca-novo-espetaculo-teatral--1024x582.jpeg 1024w, https:\/\/focotocantinense.com.br\/wp-content\/uploads\/2024\/10\/1-Com-abordagem-sobre-o-meio-ambiente-Grupo-Motiro-de-teatro-lanca-novo-espetaculo-teatral--300x170.jpeg 300w, https:\/\/focotocantinense.com.br\/wp-content\/uploads\/2024\/10\/1-Com-abordagem-sobre-o-meio-ambiente-Grupo-Motiro-de-teatro-lanca-novo-espetaculo-teatral--768x436.jpeg 768w, https:\/\/focotocantinense.com.br\/wp-content\/uploads\/2024\/10\/1-Com-abordagem-sobre-o-meio-ambiente-Grupo-Motiro-de-teatro-lanca-novo-espetaculo-teatral--1536x873.jpeg 1536w, https:\/\/focotocantinense.com.br\/wp-content\/uploads\/2024\/10\/1-Com-abordagem-sobre-o-meio-ambiente-Grupo-Motiro-de-teatro-lanca-novo-espetaculo-teatral-.jpeg 1600w\" sizes=\"auto, (max-width: 1024px) 100vw, 1024px\" \/><\/figure>\n\n\n\n<p><\/p>\n\n\n\n<p><strong>Como acessar?<\/strong><\/p>\n\n\n\n<p>O espet\u00e1culo&nbsp; pode ser assistida gratuitamente pelo canal do Grupo Motir\u00f5 de Teatro no youtube,&nbsp;<strong><a href=\"https:\/\/www.youtube.com\/watch?v=N0DKiwrRmgs&amp;t=84s\">Clique aqui<\/a><\/strong>.&nbsp; A&nbsp; classifica\u00e7\u00e3o indicativa \u00e9 livre, podendo ser apreciada por crian\u00e7as de todas as idades, at\u00e9 mesmo adultos.<\/p>\n\n\n\n<figure class=\"wp-block-image size-full\"><img loading=\"lazy\" decoding=\"async\" width=\"843\" height=\"251\" src=\"https:\/\/focotocantinense.com.br\/wp-content\/uploads\/2024\/10\/VINI_181_282-1-4.jpg\" alt=\"\" class=\"wp-image-8759\" srcset=\"https:\/\/focotocantinense.com.br\/wp-content\/uploads\/2024\/10\/VINI_181_282-1-4.jpg 843w, https:\/\/focotocantinense.com.br\/wp-content\/uploads\/2024\/10\/VINI_181_282-1-4-300x89.jpg 300w, https:\/\/focotocantinense.com.br\/wp-content\/uploads\/2024\/10\/VINI_181_282-1-4-768x229.jpg 768w\" sizes=\"auto, (max-width: 843px) 100vw, 843px\" \/><\/figure>\n\n\n\n<p><\/p>\n","protected":false},"excerpt":{"rendered":"<p>O Grupo Motir\u00f5 de teatro est\u00e1 lan\u00e7ando em suas redes sociais o espet\u00e1culo teatral denominado de \u201cNada se tem se a Natureza n\u00e3o est\u00e1 bem\u201d, em formato de cine teatro em seu canal do youtube. O espet\u00e1culo foi escrito&nbsp; por Fernando Fran\u00e7a, sendo&nbsp; estrelado pelos atores&nbsp; Tainara Oliveira, Rom\u00e1rio Cosme, Letticia Japiass\u00fa e Raimundo Oliveira, &hellip;<\/p>\n","protected":false},"author":5,"featured_media":8764,"comment_status":"open","ping_status":"open","sticky":false,"template":"","format":"standard","meta":{"footnotes":""},"categories":[1],"tags":[],"class_list":["post-8763","post","type-post","status-publish","format-standard","has-post-thumbnail","","category-sem-categoria"],"_links":{"self":[{"href":"https:\/\/focotocantinense.com.br\/index.php?rest_route=\/wp\/v2\/posts\/8763","targetHints":{"allow":["GET"]}}],"collection":[{"href":"https:\/\/focotocantinense.com.br\/index.php?rest_route=\/wp\/v2\/posts"}],"about":[{"href":"https:\/\/focotocantinense.com.br\/index.php?rest_route=\/wp\/v2\/types\/post"}],"author":[{"embeddable":true,"href":"https:\/\/focotocantinense.com.br\/index.php?rest_route=\/wp\/v2\/users\/5"}],"replies":[{"embeddable":true,"href":"https:\/\/focotocantinense.com.br\/index.php?rest_route=%2Fwp%2Fv2%2Fcomments&post=8763"}],"version-history":[{"count":6,"href":"https:\/\/focotocantinense.com.br\/index.php?rest_route=\/wp\/v2\/posts\/8763\/revisions"}],"predecessor-version":[{"id":8773,"href":"https:\/\/focotocantinense.com.br\/index.php?rest_route=\/wp\/v2\/posts\/8763\/revisions\/8773"}],"wp:featuredmedia":[{"embeddable":true,"href":"https:\/\/focotocantinense.com.br\/index.php?rest_route=\/wp\/v2\/media\/8764"}],"wp:attachment":[{"href":"https:\/\/focotocantinense.com.br\/index.php?rest_route=%2Fwp%2Fv2%2Fmedia&parent=8763"}],"wp:term":[{"taxonomy":"category","embeddable":true,"href":"https:\/\/focotocantinense.com.br\/index.php?rest_route=%2Fwp%2Fv2%2Fcategories&post=8763"},{"taxonomy":"post_tag","embeddable":true,"href":"https:\/\/focotocantinense.com.br\/index.php?rest_route=%2Fwp%2Fv2%2Ftags&post=8763"}],"curies":[{"name":"wp","href":"https:\/\/api.w.org\/{rel}","templated":true}]}}