{"id":8757,"date":"2024-10-15T18:40:55","date_gmt":"2024-10-15T21:40:55","guid":{"rendered":"https:\/\/focotocantinense.com.br\/?p=8757"},"modified":"2024-10-15T18:41:24","modified_gmt":"2024-10-15T21:41:24","slug":"tocantins-recebe-oficinas-territoriais-sobre-novo-plano-de-cultura-no-mes-de-novembro","status":"publish","type":"post","link":"https:\/\/focotocantinense.com.br\/?p=8757","title":{"rendered":"Tocantins recebe oficinas territoriais sobre novo Plano de Cultura no m\u00eas de Novembro"},"content":{"rendered":"\n<p>O Comit\u00ea de Cultura no Tocantins informa que as Oficinas Territoriais sobre novo Plano de Cultura, do Minist\u00e9rio da Cultura (MinC), acontecer\u00e1 em Palmas nos dias 18 e 19 de Novembro. O objetivo \u00e9 de orientar as pol\u00edticas culturais do Brasil para os pr\u00f3ximos dez anos, a partir de escutas com a sociedade civil para a discuss\u00e3o do texto-base do novo Plano Nacional de Cultura (PNC).<\/p>\n\n\n\n<figure class=\"wp-block-image size-full is-resized\"><img loading=\"lazy\" decoding=\"async\" width=\"858\" height=\"498\" src=\"https:\/\/focotocantinense.com.br\/wp-content\/uploads\/2024\/10\/bbbbb-1.jpeg\" alt=\"\" class=\"wp-image-8760\" style=\"width:404px;height:auto\" srcset=\"https:\/\/focotocantinense.com.br\/wp-content\/uploads\/2024\/10\/bbbbb-1.jpeg 858w, https:\/\/focotocantinense.com.br\/wp-content\/uploads\/2024\/10\/bbbbb-1-300x174.jpeg 300w, https:\/\/focotocantinense.com.br\/wp-content\/uploads\/2024\/10\/bbbbb-1-768x446.jpeg 768w\" sizes=\"auto, (max-width: 858px) 100vw, 858px\" \/><\/figure>\n\n\n\n<p><\/p>\n\n\n\n<p>A programa\u00e7\u00e3o incluir\u00e1 uma s\u00e9rie de oficinas presenciais nas 26 capitais brasileiras, e no Distrito Federal, entre os meses de outubro e dezembro. Mais informa\u00e7\u00f5es sobre inscri\u00e7\u00f5es e local de realiza\u00e7\u00e3o das Oficinas, dentre outras d\u00favidas, podem ser conferidos atrav\u00e9s do Instagram @fetac.oficial.<\/p>\n\n\n\n<p>S\u00e3o esperados produtores culturais, gestores, artistas e membros de comit\u00eas e conselhos locais. De acordo com o coordenador do Comit\u00ea de Cultura no Tocantins, Kak\u00e1 Nogueira, a participa\u00e7\u00e3o ativa desses segmentos \u00e9 essencial para identificar os principais desafios culturais de cada estado, garantindo que a realidade local seja considerada na constru\u00e7\u00e3o do novo PNC. \u201cAs oficinas permitem uma aproxima\u00e7\u00e3o entre o governo e a sociedade civil, al\u00e9m de ser um espa\u00e7o para os participantes apontarem os principais desafios enfrentados em seus estados\u201d, declara.<\/p>\n\n\n\n<p><strong>Oficinas<\/strong><\/p>\n\n\n\n<p>Durante a oficina, os participantes s\u00e3o divididos em grupos para debater os oito eixos do novo Plano: Gest\u00e3o e Participa\u00e7\u00e3o Social; Fomento \u00e0 Cultura; Patrim\u00f4nio e Mem\u00f3ria; Forma\u00e7\u00e3o; Infraestrutura e Espa\u00e7os Culturais; Economia Criativa; Prote\u00e7\u00e3o Social, Emprego e Renda; Bem Viver e Justi\u00e7a Clim\u00e1tica; e Cultura Digital e Direitos Culturais.<\/p>\n\n\n\n<p><strong>Plano Nacional de Cultura<\/strong><\/p>\n\n\n\n<p>O Plano \u00e9 um importante instrumento que orienta as pol\u00edticas p\u00fablicas de cultura no Brasil e foi criado pela Lei n\u00ba 12.343, de 2 de dezembro de 2010. Seu principal objetivo \u00e9 garantir a diversidade cultural, o acesso \u00e0 cultura e promover o desenvolvimento cultural do pa\u00eds. O Plano atual, aprovado em 2010 e v\u00e1lido at\u00e9 2024, desempenhou um papel importante na promo\u00e7\u00e3o e preserva\u00e7\u00e3o da cultura brasileira ao longo dos \u00faltimos anos. Por\u00e9m, o cen\u00e1rio cultural do pa\u00eds mudou bastante nesse tempo, trazendo novas tend\u00eancias, desafios e necessidades.&nbsp;<\/p>\n\n\n\n<p>O Comit\u00ea de Cultura no Tocantins \u00e9 integrante do Programa Nacional dos Comit\u00eas de Cultura (PNCC) por meio da Secretaria dos Comit\u00eas de Cultura &#8211; Minist\u00e9rio da Cultura (Minc), e&nbsp; j\u00e1 desenvolve a\u00e7\u00f5es h\u00e1 mais de dois meses e atua em todo o Estado, buscando descentralizar as a\u00e7\u00f5es culturais e estimular a produ\u00e7\u00e3o art\u00edstica em todas as regi\u00f5es. Ele \u00e9 coordenado pela Federa\u00e7\u00e3o Tocantinense de Artes C\u00eanicas do Tocantins (Fetac), presidida por Kak\u00e1 Nogueira, ator, produtor e coordenador geral do Comit\u00ea.&nbsp; O Comit\u00ea conta com a colabora\u00e7\u00e3o em rede da Associa\u00e7\u00e3o Gurupiense de Artes\u00e3os (AGA) e do Instituto Social e Cultural Araguaia (Isca). O Comit\u00ea do Tocantins ficou em 1\u00b0 lugar no Brasil na sele\u00e7\u00e3o realizada em 2023 pelo MinC e ter\u00e1 a\u00e7\u00f5es coordenadas pela Fetac por 24 meses.<\/p>\n\n\n\n<figure class=\"wp-block-image size-full\"><img loading=\"lazy\" decoding=\"async\" width=\"843\" height=\"251\" src=\"https:\/\/focotocantinense.com.br\/wp-content\/uploads\/2024\/10\/VINI_181_282-1-4.jpg\" alt=\"\" class=\"wp-image-8759\" srcset=\"https:\/\/focotocantinense.com.br\/wp-content\/uploads\/2024\/10\/VINI_181_282-1-4.jpg 843w, https:\/\/focotocantinense.com.br\/wp-content\/uploads\/2024\/10\/VINI_181_282-1-4-300x89.jpg 300w, https:\/\/focotocantinense.com.br\/wp-content\/uploads\/2024\/10\/VINI_181_282-1-4-768x229.jpg 768w\" sizes=\"auto, (max-width: 843px) 100vw, 843px\" \/><\/figure>\n","protected":false},"excerpt":{"rendered":"<p>O Comit\u00ea de Cultura no Tocantins informa que as Oficinas Territoriais sobre novo Plano de Cultura, do Minist\u00e9rio da Cultura (MinC), acontecer\u00e1 em Palmas nos dias 18 e 19 de Novembro. O objetivo \u00e9 de orientar as pol\u00edticas culturais do Brasil para os pr\u00f3ximos dez anos, a partir de escutas com a sociedade civil para &hellip;<\/p>\n","protected":false},"author":5,"featured_media":8758,"comment_status":"open","ping_status":"open","sticky":false,"template":"","format":"standard","meta":{"footnotes":""},"categories":[1],"tags":[],"class_list":["post-8757","post","type-post","status-publish","format-standard","has-post-thumbnail","","category-sem-categoria"],"_links":{"self":[{"href":"https:\/\/focotocantinense.com.br\/index.php?rest_route=\/wp\/v2\/posts\/8757","targetHints":{"allow":["GET"]}}],"collection":[{"href":"https:\/\/focotocantinense.com.br\/index.php?rest_route=\/wp\/v2\/posts"}],"about":[{"href":"https:\/\/focotocantinense.com.br\/index.php?rest_route=\/wp\/v2\/types\/post"}],"author":[{"embeddable":true,"href":"https:\/\/focotocantinense.com.br\/index.php?rest_route=\/wp\/v2\/users\/5"}],"replies":[{"embeddable":true,"href":"https:\/\/focotocantinense.com.br\/index.php?rest_route=%2Fwp%2Fv2%2Fcomments&post=8757"}],"version-history":[{"count":2,"href":"https:\/\/focotocantinense.com.br\/index.php?rest_route=\/wp\/v2\/posts\/8757\/revisions"}],"predecessor-version":[{"id":8762,"href":"https:\/\/focotocantinense.com.br\/index.php?rest_route=\/wp\/v2\/posts\/8757\/revisions\/8762"}],"wp:featuredmedia":[{"embeddable":true,"href":"https:\/\/focotocantinense.com.br\/index.php?rest_route=\/wp\/v2\/media\/8758"}],"wp:attachment":[{"href":"https:\/\/focotocantinense.com.br\/index.php?rest_route=%2Fwp%2Fv2%2Fmedia&parent=8757"}],"wp:term":[{"taxonomy":"category","embeddable":true,"href":"https:\/\/focotocantinense.com.br\/index.php?rest_route=%2Fwp%2Fv2%2Fcategories&post=8757"},{"taxonomy":"post_tag","embeddable":true,"href":"https:\/\/focotocantinense.com.br\/index.php?rest_route=%2Fwp%2Fv2%2Ftags&post=8757"}],"curies":[{"name":"wp","href":"https:\/\/api.w.org\/{rel}","templated":true}]}}