{"id":8744,"date":"2024-10-11T16:29:35","date_gmt":"2024-10-11T19:29:35","guid":{"rendered":"https:\/\/focotocantinense.com.br\/?p=8744"},"modified":"2024-10-11T16:31:49","modified_gmt":"2024-10-11T19:31:49","slug":"samuel-rodrigues-martins-assume-a-secretaria-de-educacao-de-gurupi","status":"publish","type":"post","link":"https:\/\/focotocantinense.com.br\/?p=8744","title":{"rendered":"Samuel Rodrigues Martins assume a Secretaria de Educa\u00e7\u00e3o de Gurupi"},"content":{"rendered":"\n<p>Nesta quinta-feira, 10, foi nomeado no Di\u00e1rio Oficial do Munic\u00edpio de Gurupi o novo secret\u00e1rio Municipal de Educa\u00e7\u00e3o, Samuel Rodrigues Martins. O ex-titular, o pedagogo Jo\u00e3o Paulo Lima, segue diretor na pasta.<\/p>\n\n\n\n<p>Natural de Aragua\u00e7u, Samuel Martins \u00e9 casado, crist\u00e3o, professor efetivo da rede Municipal de Ensino de Gurupi desde 2019; formado em Letras e p\u00f3s-graduado em Gest\u00e3o, Supervis\u00e3o e Coordena\u00e7\u00e3o Pedag\u00f3gica. Atua na administra\u00e7\u00e3o p\u00fablica desde 2014, onde trabalhou no departamento de Modula\u00e7\u00e3o da Secretaria de Educa\u00e7\u00e3o de Gurupi; tamb\u00e9m foi chefe de gabinete da Ag\u00eancia Tocantinense de Saneamento (ATS), e coordenador pedag\u00f3gico no Centro Municipal de Educa\u00e7\u00e3o Infantil (CEMEI) T\u00e2nia Scotta.<\/p>\n\n\n\n<figure class=\"wp-block-image size-full is-resized\"><img loading=\"lazy\" decoding=\"async\" width=\"893\" height=\"416\" src=\"https:\/\/focotocantinense.com.br\/wp-content\/uploads\/2024\/10\/EDUA.jpeg\" alt=\"\" class=\"wp-image-8745\" style=\"width:405px;height:auto\" srcset=\"https:\/\/focotocantinense.com.br\/wp-content\/uploads\/2024\/10\/EDUA.jpeg 893w, https:\/\/focotocantinense.com.br\/wp-content\/uploads\/2024\/10\/EDUA-300x140.jpeg 300w, https:\/\/focotocantinense.com.br\/wp-content\/uploads\/2024\/10\/EDUA-768x358.jpeg 768w\" sizes=\"auto, (max-width: 893px) 100vw, 893px\" \/><\/figure>\n\n\n\n<p><\/p>\n\n\n\n<figure class=\"wp-block-image size-full is-resized\"><img loading=\"lazy\" decoding=\"async\" width=\"843\" height=\"251\" src=\"https:\/\/focotocantinense.com.br\/wp-content\/uploads\/2024\/10\/VINI_181_282-1-2.jpg\" alt=\"\" class=\"wp-image-8731\" style=\"width:397px;height:auto\" srcset=\"https:\/\/focotocantinense.com.br\/wp-content\/uploads\/2024\/10\/VINI_181_282-1-2.jpg 843w, https:\/\/focotocantinense.com.br\/wp-content\/uploads\/2024\/10\/VINI_181_282-1-2-300x89.jpg 300w, https:\/\/focotocantinense.com.br\/wp-content\/uploads\/2024\/10\/VINI_181_282-1-2-768x229.jpg 768w\" sizes=\"auto, (max-width: 843px) 100vw, 843px\" \/><\/figure>\n","protected":false},"excerpt":{"rendered":"<p>Nesta quinta-feira, 10, foi nomeado no Di\u00e1rio Oficial do Munic\u00edpio de Gurupi o novo secret\u00e1rio Municipal de Educa\u00e7\u00e3o, Samuel Rodrigues Martins. O ex-titular, o pedagogo Jo\u00e3o Paulo Lima, segue diretor na pasta. Natural de Aragua\u00e7u, Samuel Martins \u00e9 casado, crist\u00e3o, professor efetivo da rede Municipal de Ensino de Gurupi desde 2019; formado em Letras e &hellip;<\/p>\n","protected":false},"author":5,"featured_media":8745,"comment_status":"open","ping_status":"open","sticky":false,"template":"","format":"standard","meta":{"footnotes":""},"categories":[38,1],"tags":[],"class_list":["post-8744","post","type-post","status-publish","format-standard","has-post-thumbnail","","category-gurupi","category-sem-categoria"],"_links":{"self":[{"href":"https:\/\/focotocantinense.com.br\/index.php?rest_route=\/wp\/v2\/posts\/8744","targetHints":{"allow":["GET"]}}],"collection":[{"href":"https:\/\/focotocantinense.com.br\/index.php?rest_route=\/wp\/v2\/posts"}],"about":[{"href":"https:\/\/focotocantinense.com.br\/index.php?rest_route=\/wp\/v2\/types\/post"}],"author":[{"embeddable":true,"href":"https:\/\/focotocantinense.com.br\/index.php?rest_route=\/wp\/v2\/users\/5"}],"replies":[{"embeddable":true,"href":"https:\/\/focotocantinense.com.br\/index.php?rest_route=%2Fwp%2Fv2%2Fcomments&post=8744"}],"version-history":[{"count":4,"href":"https:\/\/focotocantinense.com.br\/index.php?rest_route=\/wp\/v2\/posts\/8744\/revisions"}],"predecessor-version":[{"id":8749,"href":"https:\/\/focotocantinense.com.br\/index.php?rest_route=\/wp\/v2\/posts\/8744\/revisions\/8749"}],"wp:featuredmedia":[{"embeddable":true,"href":"https:\/\/focotocantinense.com.br\/index.php?rest_route=\/wp\/v2\/media\/8745"}],"wp:attachment":[{"href":"https:\/\/focotocantinense.com.br\/index.php?rest_route=%2Fwp%2Fv2%2Fmedia&parent=8744"}],"wp:term":[{"taxonomy":"category","embeddable":true,"href":"https:\/\/focotocantinense.com.br\/index.php?rest_route=%2Fwp%2Fv2%2Fcategories&post=8744"},{"taxonomy":"post_tag","embeddable":true,"href":"https:\/\/focotocantinense.com.br\/index.php?rest_route=%2Fwp%2Fv2%2Ftags&post=8744"}],"curies":[{"name":"wp","href":"https:\/\/api.w.org\/{rel}","templated":true}]}}