{"id":874,"date":"2021-03-08T17:16:18","date_gmt":"2021-03-08T20:16:18","guid":{"rendered":"http:\/\/focotocantinense.com.br\/?p=874"},"modified":"2021-03-08T17:19:01","modified_gmt":"2021-03-08T20:19:01","slug":"em-gurupi-centro-de-triagem-e-tres-ubss-farao-atendimento-exclusivo-a-pacientes-covid","status":"publish","type":"post","link":"https:\/\/focotocantinense.com.br\/?p=874","title":{"rendered":"Em Gurupi, Centro de Triagem e tr\u00eas UBS\u2019s far\u00e3o atendimento exclusivo a pacientes Covid"},"content":{"rendered":"\n<figure class=\"wp-block-image size-large\"><img decoding=\"async\" src=\"blob:http:\/\/focotocantinense.com.br\/b96b9fd7-74c5-42c9-af9e-b5a0cc14d489\" alt=\"\"\/><\/figure>\n\n\n\n<p>O aumento de casos positivos da Covid-19 em Gurupi nos \u00faltimos dias tem, consequentemente, ampliado a busca por acompanhamento m\u00e9dico. Para avan\u00e7ar nos atendimentos m\u00e9dicos a estes pacientes, a Secretaria Municipal de Sa\u00fade elaborou um plano de assist\u00eancia em que preconiza, a partir desta segunda-feira, 08, acolhimento exclusivo a estes pacientes em tr\u00eas unidades b\u00e1sicas de sa\u00fade.<\/p>\n\n\n\n<p>A partir de hoje a Unidade B\u00e1sica de Sa\u00fade Pr. Mois\u00e9s Martins da Rocha (UBS Sol Nascente, na Avenida Sergipe n\u00ba 2452 Jardim Eldorado); a Unidade de Sa\u00fade Ney Luz e Silva (UBS Nova Fronteira Av. C, n\u00ba&nbsp;495 Nova&nbsp;Fronteira); e a Unidade de Sa\u00fade Rosendo Barbosa de Ara\u00fajo (UBS Rosendo, Rua 15 entre av. Bahia e Bras\u00edlia Centro) ser\u00e3o exclusivas para atendimento Covid.<\/p>\n\n\n\n<p>Conforme a Diretora de Assist\u00eancia \u00e0 Sa\u00fade, Christiane de Paula, ao sentir os primeiros sintomas o gurupiense deve procurar uma destas unidades ou ainda o Centro de Triagem para testagem, e se receber diagn\u00f3stico positivo, far\u00e1 o acompanhamento m\u00e9dico nessas unidades, caso esteja com sintomas leves.<\/p>\n\n\n\n<p>A Diretora explica ainda que a Unidade de Pronto Atendimento (UPA) atender\u00e1 aos pacientes considerados com sintomas moderados, como falta de ar, e a testagem ser\u00e1 feita apenas ap\u00f3s \u00e0s 17 horas e nos finais de semana, quando as UBS e o centro de triagem estar\u00e3o fechados.<\/p>\n\n\n\n<p>Christiane lembra que as pessoas que precisam utilizar os servi\u00e7os destas tr\u00eas unidades b\u00e1sicas de sa\u00fade dever\u00e3o procurar uma UBS mais pr\u00f3xima onde ser\u00e3o prontamente atendidos conforme agendamento.<\/p>\n\n\n\n<p>O secret\u00e1rio municipal de Sa\u00fade, Zander Luis Guimar\u00e3es, comenta que essa medida foi tomada para melhorar a assist\u00eancia e desafogar os atendimentos na UPA de casos que n\u00e3o s\u00e3o considerados moderados, consequentemente, conseguindo fazer mais atendimentos.<\/p>\n\n\n\n<p><strong>Contatos telef\u00f4nicos das UBS<\/strong><\/p>\n\n\n\n<p>UBS Nova Fronteira &#8211;&nbsp;3315 &#8211; 3700<\/p>\n\n\n\n<p>UBS Rosendo &#8211;&nbsp;3315-2389<\/p>\n\n\n\n<p>UBS Sol Nascente &#8211;&nbsp;3315 &#8211; 0117<\/p>\n","protected":false},"excerpt":{"rendered":"<p>O aumento de casos positivos da Covid-19 em Gurupi nos \u00faltimos dias tem, consequentemente, ampliado a busca por acompanhamento m\u00e9dico. Para avan\u00e7ar nos atendimentos m\u00e9dicos a estes pacientes, a Secretaria Municipal de Sa\u00fade elaborou um plano de assist\u00eancia em que preconiza, a partir desta segunda-feira, 08, acolhimento exclusivo a estes pacientes em tr\u00eas unidades b\u00e1sicas &hellip;<\/p>\n","protected":false},"author":5,"featured_media":878,"comment_status":"open","ping_status":"open","sticky":false,"template":"","format":"standard","meta":{"footnotes":""},"categories":[38,1],"tags":[],"class_list":["post-874","post","type-post","status-publish","format-standard","has-post-thumbnail","","category-gurupi","category-sem-categoria"],"_links":{"self":[{"href":"https:\/\/focotocantinense.com.br\/index.php?rest_route=\/wp\/v2\/posts\/874","targetHints":{"allow":["GET"]}}],"collection":[{"href":"https:\/\/focotocantinense.com.br\/index.php?rest_route=\/wp\/v2\/posts"}],"about":[{"href":"https:\/\/focotocantinense.com.br\/index.php?rest_route=\/wp\/v2\/types\/post"}],"author":[{"embeddable":true,"href":"https:\/\/focotocantinense.com.br\/index.php?rest_route=\/wp\/v2\/users\/5"}],"replies":[{"embeddable":true,"href":"https:\/\/focotocantinense.com.br\/index.php?rest_route=%2Fwp%2Fv2%2Fcomments&post=874"}],"version-history":[{"count":1,"href":"https:\/\/focotocantinense.com.br\/index.php?rest_route=\/wp\/v2\/posts\/874\/revisions"}],"predecessor-version":[{"id":876,"href":"https:\/\/focotocantinense.com.br\/index.php?rest_route=\/wp\/v2\/posts\/874\/revisions\/876"}],"wp:featuredmedia":[{"embeddable":true,"href":"https:\/\/focotocantinense.com.br\/index.php?rest_route=\/wp\/v2\/media\/878"}],"wp:attachment":[{"href":"https:\/\/focotocantinense.com.br\/index.php?rest_route=%2Fwp%2Fv2%2Fmedia&parent=874"}],"wp:term":[{"taxonomy":"category","embeddable":true,"href":"https:\/\/focotocantinense.com.br\/index.php?rest_route=%2Fwp%2Fv2%2Fcategories&post=874"},{"taxonomy":"post_tag","embeddable":true,"href":"https:\/\/focotocantinense.com.br\/index.php?rest_route=%2Fwp%2Fv2%2Ftags&post=874"}],"curies":[{"name":"wp","href":"https:\/\/api.w.org\/{rel}","templated":true}]}}