{"id":8734,"date":"2024-10-10T11:11:56","date_gmt":"2024-10-10T14:11:56","guid":{"rendered":"https:\/\/focotocantinense.com.br\/?p=8734"},"modified":"2024-10-10T11:16:02","modified_gmt":"2024-10-10T14:16:02","slug":"escola-municipal-de-educacao-infantil-indigena-simsari-em-tocantinia-recebe-a-visita-do-poeta-zacarias-martins","status":"publish","type":"post","link":"https:\/\/focotocantinense.com.br\/?p=8734","title":{"rendered":"Escola Municipal de Educa\u00e7\u00e3o Infantil Ind\u00edgena Simsari, em Tocant\u00ednia, recebe a visita do poeta Zacarias Martins"},"content":{"rendered":"\n<p>Numa iniciativa da Prefeitura de Tocant\u00ednia, por meio da Secretaria Municipal de Educa\u00e7\u00e3o (Semed), o poeta e jornalista Zacarias Martins, que integra o Comit\u00ea de Cultura no Tocantins, participou de&nbsp; uma&nbsp; animada roda de conversa que&nbsp; foi realizada na manh\u00e3 desta quinta&#8211;feira, dia 10,&nbsp; no Escola Municipal de Educa\u00e7\u00e3o Infantil&nbsp; Ind\u00edgena Simsari,&nbsp; na Aldeia Salto, da comunidade Xerente.<\/p>\n\n\n\n<figure class=\"wp-block-image size-large is-resized\"><img loading=\"lazy\" decoding=\"async\" width=\"1024\" height=\"768\" src=\"https:\/\/focotocantinense.com.br\/wp-content\/uploads\/2024\/10\/1-Escola-Municipal-Indigena-Xerente-em-Tocantinia-recebe-a-visita-do-poeta-Zacarias-Martins-\u2013-Foto-Vandervan-Santana-1024x768.jpeg\" alt=\"\" class=\"wp-image-8735\" style=\"width:401px;height:auto\" srcset=\"https:\/\/focotocantinense.com.br\/wp-content\/uploads\/2024\/10\/1-Escola-Municipal-Indigena-Xerente-em-Tocantinia-recebe-a-visita-do-poeta-Zacarias-Martins-\u2013-Foto-Vandervan-Santana-1024x768.jpeg 1024w, https:\/\/focotocantinense.com.br\/wp-content\/uploads\/2024\/10\/1-Escola-Municipal-Indigena-Xerente-em-Tocantinia-recebe-a-visita-do-poeta-Zacarias-Martins-\u2013-Foto-Vandervan-Santana-300x225.jpeg 300w, https:\/\/focotocantinense.com.br\/wp-content\/uploads\/2024\/10\/1-Escola-Municipal-Indigena-Xerente-em-Tocantinia-recebe-a-visita-do-poeta-Zacarias-Martins-\u2013-Foto-Vandervan-Santana-768x576.jpeg 768w, https:\/\/focotocantinense.com.br\/wp-content\/uploads\/2024\/10\/1-Escola-Municipal-Indigena-Xerente-em-Tocantinia-recebe-a-visita-do-poeta-Zacarias-Martins-\u2013-Foto-Vandervan-Santana-1536x1152.jpeg 1536w, https:\/\/focotocantinense.com.br\/wp-content\/uploads\/2024\/10\/1-Escola-Municipal-Indigena-Xerente-em-Tocantinia-recebe-a-visita-do-poeta-Zacarias-Martins-\u2013-Foto-Vandervan-Santana.jpeg 1600w\" sizes=\"auto, (max-width: 1024px) 100vw, 1024px\" \/><\/figure>\n\n\n\n<p><\/p>\n\n\n\n<p>De uma maneira l\u00fadica e sempre bem-humorada, Zacarias Martins envolveu as crian\u00e7as Xerente que ficaram encantadas com a sua presen\u00e7a&nbsp; nessa unidade escolar ind\u00edgena. Na oportunidade, Martins sorteou alguns brindes e livros entre as crian\u00e7as participantes desse animado encontro.&nbsp;<\/p>\n\n\n\n<figure class=\"wp-block-image size-large is-resized\"><img loading=\"lazy\" decoding=\"async\" width=\"1024\" height=\"768\" src=\"https:\/\/focotocantinense.com.br\/wp-content\/uploads\/2024\/10\/6-Escola-Municipal-Indigena-Xerente-em-Tocantinia-recebe-a-visita-do-poeta-Zacarias-Martins-\u2013-Foto-Vandervan-Santana-1024x768.jpeg\" alt=\"\" class=\"wp-image-8738\" style=\"width:404px;height:auto\" srcset=\"https:\/\/focotocantinense.com.br\/wp-content\/uploads\/2024\/10\/6-Escola-Municipal-Indigena-Xerente-em-Tocantinia-recebe-a-visita-do-poeta-Zacarias-Martins-\u2013-Foto-Vandervan-Santana-1024x768.jpeg 1024w, https:\/\/focotocantinense.com.br\/wp-content\/uploads\/2024\/10\/6-Escola-Municipal-Indigena-Xerente-em-Tocantinia-recebe-a-visita-do-poeta-Zacarias-Martins-\u2013-Foto-Vandervan-Santana-300x225.jpeg 300w, https:\/\/focotocantinense.com.br\/wp-content\/uploads\/2024\/10\/6-Escola-Municipal-Indigena-Xerente-em-Tocantinia-recebe-a-visita-do-poeta-Zacarias-Martins-\u2013-Foto-Vandervan-Santana-768x576.jpeg 768w, https:\/\/focotocantinense.com.br\/wp-content\/uploads\/2024\/10\/6-Escola-Municipal-Indigena-Xerente-em-Tocantinia-recebe-a-visita-do-poeta-Zacarias-Martins-\u2013-Foto-Vandervan-Santana-1536x1152.jpeg 1536w, https:\/\/focotocantinense.com.br\/wp-content\/uploads\/2024\/10\/6-Escola-Municipal-Indigena-Xerente-em-Tocantinia-recebe-a-visita-do-poeta-Zacarias-Martins-\u2013-Foto-Vandervan-Santana.jpeg 1600w\" sizes=\"auto, (max-width: 1024px) 100vw, 1024px\" \/><\/figure>\n\n\n\n<p><\/p>\n\n\n\n<p>O secret\u00e1rio de Educa\u00e7\u00e3o de Tocant\u00ednia, professor&nbsp; Andr\u00e9 Goveia, disse que&nbsp; a presen\u00e7a do poeta Zacarias Martins nessa a&nbsp; unidade escolar foi muito importante para&nbsp; estimular o aprendizado nas crian\u00e7as e quebrar a rotina da escola de forma&nbsp; &nbsp;muito positiva.<\/p>\n\n\n\n<figure class=\"wp-block-image size-large\"><img loading=\"lazy\" decoding=\"async\" width=\"1024\" height=\"768\" src=\"https:\/\/focotocantinense.com.br\/wp-content\/uploads\/2024\/10\/3-Escola-Municipal-Indigena-Xerente-em-Tocantinia-recebe-a-visita-do-poeta-Zacarias-Martins-\u2013-Foto-Vandervan-Santana-1024x768.jpeg\" alt=\"\" class=\"wp-image-8740\" srcset=\"https:\/\/focotocantinense.com.br\/wp-content\/uploads\/2024\/10\/3-Escola-Municipal-Indigena-Xerente-em-Tocantinia-recebe-a-visita-do-poeta-Zacarias-Martins-\u2013-Foto-Vandervan-Santana-1024x768.jpeg 1024w, https:\/\/focotocantinense.com.br\/wp-content\/uploads\/2024\/10\/3-Escola-Municipal-Indigena-Xerente-em-Tocantinia-recebe-a-visita-do-poeta-Zacarias-Martins-\u2013-Foto-Vandervan-Santana-300x225.jpeg 300w, https:\/\/focotocantinense.com.br\/wp-content\/uploads\/2024\/10\/3-Escola-Municipal-Indigena-Xerente-em-Tocantinia-recebe-a-visita-do-poeta-Zacarias-Martins-\u2013-Foto-Vandervan-Santana-768x576.jpeg 768w, https:\/\/focotocantinense.com.br\/wp-content\/uploads\/2024\/10\/3-Escola-Municipal-Indigena-Xerente-em-Tocantinia-recebe-a-visita-do-poeta-Zacarias-Martins-\u2013-Foto-Vandervan-Santana-1536x1152.jpeg 1536w, https:\/\/focotocantinense.com.br\/wp-content\/uploads\/2024\/10\/3-Escola-Municipal-Indigena-Xerente-em-Tocantinia-recebe-a-visita-do-poeta-Zacarias-Martins-\u2013-Foto-Vandervan-Santana.jpeg 1600w\" sizes=\"auto, (max-width: 1024px) 100vw, 1024px\" \/><\/figure>\n\n\n\n<p><\/p>\n\n\n\n<p><strong>Sobre o Projeto Leitura Viva<\/strong><\/p>\n\n\n\n<p>Andr\u00e9 Goveia tamb\u00e9m explicou que o a\u00e9 uma iniciativa que ao longo da sua exist\u00eancia, tem obtido resultados altamente positivos,&nbsp; com seu leque de a\u00e7\u00f5es&nbsp; que facilitam o despertar dos alunos para o prazer&nbsp; pela leitura, sem que isso seja uma obriga\u00e7\u00e3o pela escola.<\/p>\n\n\n\n<p>\u201cNossa metodologia pedag\u00f3gica desde cedo, busca incentivar os alunos a lerem de forma prazerosa. Eles s\u00e3o estimulados a usar a linguagem por meio da leitura, pois \u00e9 por meio do experimento, do est\u00edmulo da imagina\u00e7\u00e3o, do l\u00fadico, e da fantasia, que estamos obtendo maior envolvimento de nossas crian\u00e7as\u201d, afirmou Andr\u00e9 Goveia, destacando que as rodas de conversas com os principais autores regionais tocantinenses, contribuem para enriquecer ainda mais esse projeto.<\/p>\n\n\n\n<figure class=\"wp-block-image size-full\"><img loading=\"lazy\" decoding=\"async\" width=\"843\" height=\"251\" src=\"https:\/\/focotocantinense.com.br\/wp-content\/uploads\/2024\/10\/VINI_181_282-1-2.jpg\" alt=\"\" class=\"wp-image-8731\" srcset=\"https:\/\/focotocantinense.com.br\/wp-content\/uploads\/2024\/10\/VINI_181_282-1-2.jpg 843w, https:\/\/focotocantinense.com.br\/wp-content\/uploads\/2024\/10\/VINI_181_282-1-2-300x89.jpg 300w, https:\/\/focotocantinense.com.br\/wp-content\/uploads\/2024\/10\/VINI_181_282-1-2-768x229.jpg 768w\" sizes=\"auto, (max-width: 843px) 100vw, 843px\" \/><\/figure>\n","protected":false},"excerpt":{"rendered":"<p>Numa iniciativa da Prefeitura de Tocant\u00ednia, por meio da Secretaria Municipal de Educa\u00e7\u00e3o (Semed), o poeta e jornalista Zacarias Martins, que integra o Comit\u00ea de Cultura no Tocantins, participou de&nbsp; uma&nbsp; animada roda de conversa que&nbsp; foi realizada na manh\u00e3 desta quinta&#8211;feira, dia 10,&nbsp; no Escola Municipal de Educa\u00e7\u00e3o Infantil&nbsp; Ind\u00edgena Simsari,&nbsp; na Aldeia Salto, &hellip;<\/p>\n","protected":false},"author":5,"featured_media":8735,"comment_status":"open","ping_status":"open","sticky":false,"template":"","format":"standard","meta":{"footnotes":""},"categories":[78],"tags":[],"class_list":["post-8734","post","type-post","status-publish","format-standard","has-post-thumbnail","","category-tocantinia"],"_links":{"self":[{"href":"https:\/\/focotocantinense.com.br\/index.php?rest_route=\/wp\/v2\/posts\/8734","targetHints":{"allow":["GET"]}}],"collection":[{"href":"https:\/\/focotocantinense.com.br\/index.php?rest_route=\/wp\/v2\/posts"}],"about":[{"href":"https:\/\/focotocantinense.com.br\/index.php?rest_route=\/wp\/v2\/types\/post"}],"author":[{"embeddable":true,"href":"https:\/\/focotocantinense.com.br\/index.php?rest_route=\/wp\/v2\/users\/5"}],"replies":[{"embeddable":true,"href":"https:\/\/focotocantinense.com.br\/index.php?rest_route=%2Fwp%2Fv2%2Fcomments&post=8734"}],"version-history":[{"count":5,"href":"https:\/\/focotocantinense.com.br\/index.php?rest_route=\/wp\/v2\/posts\/8734\/revisions"}],"predecessor-version":[{"id":8743,"href":"https:\/\/focotocantinense.com.br\/index.php?rest_route=\/wp\/v2\/posts\/8734\/revisions\/8743"}],"wp:featuredmedia":[{"embeddable":true,"href":"https:\/\/focotocantinense.com.br\/index.php?rest_route=\/wp\/v2\/media\/8735"}],"wp:attachment":[{"href":"https:\/\/focotocantinense.com.br\/index.php?rest_route=%2Fwp%2Fv2%2Fmedia&parent=8734"}],"wp:term":[{"taxonomy":"category","embeddable":true,"href":"https:\/\/focotocantinense.com.br\/index.php?rest_route=%2Fwp%2Fv2%2Fcategories&post=8734"},{"taxonomy":"post_tag","embeddable":true,"href":"https:\/\/focotocantinense.com.br\/index.php?rest_route=%2Fwp%2Fv2%2Ftags&post=8734"}],"curies":[{"name":"wp","href":"https:\/\/api.w.org\/{rel}","templated":true}]}}