{"id":8722,"date":"2024-10-07T20:04:02","date_gmt":"2024-10-07T23:04:02","guid":{"rendered":"https:\/\/focotocantinense.com.br\/?p=8722"},"modified":"2024-10-07T20:19:27","modified_gmt":"2024-10-07T23:19:27","slug":"inscricoes-abertas-para-curso-gratuito-sobre-o-sistema-nacional-de-cultura-snc","status":"publish","type":"post","link":"https:\/\/focotocantinense.com.br\/?p=8722","title":{"rendered":"Inscri\u00e7\u00f5es abertas para curso gratuito sobre o Sistema Nacional de Cultura (SNC)"},"content":{"rendered":"\n<p><strong>Por&nbsp;Cinthia Abreu<\/strong><\/p>\n\n\n\n<p>Aten\u00e7\u00e3o, gestores p\u00fablicos, conselheiros e agentes culturais! O Comit\u00ea de Cultura do Tocantins informa que est\u00e3o abertas as inscri\u00e7\u00f5es para o curso gratuito sobre o Sistema Nacional de Cultura (SNC).<\/p>\n\n\n\n<p>A realiza\u00e7\u00e3o \u00e9 da Escola Nacional de Administra\u00e7\u00e3o P\u00fablica (ENAP), em parceria com o Minist\u00e9rio da Cultura (MinC), com o intuito de apresentar aspectos te\u00f3ricos e pr\u00e1ticos para auxiliar na implementa\u00e7\u00e3o, operacionaliza\u00e7\u00e3o e gest\u00e3o participativa do SNC.<\/p>\n\n\n\n<p>S\u00e3o 20 horas de carga hor\u00e1ria dedicadas a compreender modelos de gest\u00e3o e de institucionaliza\u00e7\u00e3o do Sistema, formas de implementa\u00e7\u00e3o, al\u00e9m de apresentar os principais elementos para a cria\u00e7\u00e3o de um sistema local de cultura.<\/p>\n\n\n\n<p>O coordenador-geral do Comit\u00ea de Cultura do Tocantins, Kak\u00e1 Nogueira, considera que a ideia \u00e9 aproximar gestores e sociedade civil do tema. &#8220;Um curso que oferece uma oportunidade para que todos possam entender de forma pr\u00e1tica e te\u00f3rica as dimens\u00f5es do SNC e isso ajuda a fortalecer os sistemas locais, em cada cidade\u201d, avaliou.<\/p>\n\n\n\n<p><strong>Conte\u00fado<\/strong><\/p>\n\n\n\n<p>O curso \u00e9 dividido em tr\u00eas m\u00f3dulos com os seguintes conte\u00fados:<\/p>\n\n\n\n<ul class=\"wp-block-list\">\n<li>M\u00f3dulo 1: Cultura e Pol\u00edticas Culturais: o SNC como via de garantia dos direitos culturais<\/li>\n\n\n\n<li>M\u00f3dulo 2: SNC: modelo de gest\u00e3o e institucionaliza\u00e7\u00e3o para as pol\u00edticas p\u00fablicas de cultura<\/li>\n\n\n\n<li>M\u00f3dulo 3: Institucionalizando e implementando um Sistema de Cultura<\/li>\n<\/ul>\n\n\n\n<p><strong>Como se inscrever?<\/strong><\/p>\n\n\n\n<p>No site da Escola Virtual do Governo.<\/p>\n\n\n\n<p>Qualquer pessoa pode participar, basta fazer o cadastro no site ou entrar com informa\u00e7\u00f5es da conta pessoal do&nbsp;<a href=\"http:\/\/gov.br\/\">gov.br<\/a>.<\/p>\n\n\n\n<p><strong>SNC<\/strong><\/p>\n\n\n\n<p>A Lei n\u00ba 14.835, de de 4 de abril de 2024, institui o marco regulat\u00f3rio do Sistema Nacional de Cultura para garantia dos direitos culturais, organizado em regime de colabora\u00e7\u00e3o entre os entes federativos para gest\u00e3o conjunta das pol\u00edticas p\u00fablicas de cultura. O SNC est\u00e1 previsto na Constitui\u00e7\u00e3o desde 2012, por meio da Emenda Constitucional 71. No entanto, ainda n\u00e3o havia uma regulamenta\u00e7\u00e3o. O objetivo do SNC \u00e9 a promo\u00e7\u00e3o do desenvolvimento humano, social e econ\u00f4mico com o pleno exerc\u00edcio dos direitos culturais.<\/p>\n\n\n\n<figure class=\"wp-block-image size-large\"><img loading=\"lazy\" decoding=\"async\" width=\"1024\" height=\"576\" src=\"https:\/\/focotocantinense.com.br\/wp-content\/uploads\/2024\/10\/aaakakakj-1-1024x576.jpeg\" alt=\"\" class=\"wp-image-8724\" srcset=\"https:\/\/focotocantinense.com.br\/wp-content\/uploads\/2024\/10\/aaakakakj-1-1024x576.jpeg 1024w, https:\/\/focotocantinense.com.br\/wp-content\/uploads\/2024\/10\/aaakakakj-1-300x169.jpeg 300w, https:\/\/focotocantinense.com.br\/wp-content\/uploads\/2024\/10\/aaakakakj-1-768x432.jpeg 768w, https:\/\/focotocantinense.com.br\/wp-content\/uploads\/2024\/10\/aaakakakj-1-1536x864.jpeg 1536w, https:\/\/focotocantinense.com.br\/wp-content\/uploads\/2024\/10\/aaakakakj-1.jpeg 1600w\" sizes=\"auto, (max-width: 1024px) 100vw, 1024px\" \/><\/figure>\n\n\n\n<p><strong><em>Kak\u00e1 Nogueira considera que o curso aproxima os gestores da sociedade civil  (Foto: \u00a0Claudia\u00a0Roberta\/ Divulga\u00e7\u00e3o)<\/em><\/strong><\/p>\n\n\n\n<p><\/p>\n\n\n\n<p><strong>Sobre o Comit\u00ea<\/strong><\/p>\n\n\n\n<p>O Comit\u00ea de Cultura no Tocantins \u00e9 integrante do Programa Nacional dos Comit\u00eas de Cultura (PNCC) por meio da Secretaria dos Comit\u00eas de Cultura &#8211; Minist\u00e9rio da Cultura (Minc), e&nbsp; j\u00e1 desenvolve a\u00e7\u00f5es h\u00e1 mais de dois meses e atua em todo o Estado, buscando descentralizar as a\u00e7\u00f5es culturais e estimular a produ\u00e7\u00e3o art\u00edstica em todas as regi\u00f5es. Ele \u00e9 coordenado pela Federa\u00e7\u00e3o Tocantinense de Artes C\u00eanicas do Tocantins (Fetac), presidida por Kak\u00e1 Nogueira, ator, produtor e coordenador geral do Comit\u00ea.&nbsp; O Comit\u00ea conta com a colabora\u00e7\u00e3o em rede da Associa\u00e7\u00e3o Gurupiense de Artes\u00e3os (AGA) e do Instituto Social e Cultural Araguaia (Isca). O Comit\u00ea do Tocantins ficou em 1\u00b0 lugar no Brasil na sele\u00e7\u00e3o realizada em 2023 pelo MinC e ter\u00e1 a\u00e7\u00f5es coordenadas pela Fetac por 24 meses.<\/p>\n\n\n\n<figure class=\"wp-block-image size-full\"><img loading=\"lazy\" decoding=\"async\" width=\"843\" height=\"251\" src=\"https:\/\/focotocantinense.com.br\/wp-content\/uploads\/2024\/10\/VINI_181_282-1-1.jpg\" alt=\"\" class=\"wp-image-8709\" srcset=\"https:\/\/focotocantinense.com.br\/wp-content\/uploads\/2024\/10\/VINI_181_282-1-1.jpg 843w, https:\/\/focotocantinense.com.br\/wp-content\/uploads\/2024\/10\/VINI_181_282-1-1-300x89.jpg 300w, https:\/\/focotocantinense.com.br\/wp-content\/uploads\/2024\/10\/VINI_181_282-1-1-768x229.jpg 768w\" sizes=\"auto, (max-width: 843px) 100vw, 843px\" \/><\/figure>\n","protected":false},"excerpt":{"rendered":"<p>Por&nbsp;Cinthia Abreu Aten\u00e7\u00e3o, gestores p\u00fablicos, conselheiros e agentes culturais! O Comit\u00ea de Cultura do Tocantins informa que est\u00e3o abertas as inscri\u00e7\u00f5es para o curso gratuito sobre o Sistema Nacional de Cultura (SNC). A realiza\u00e7\u00e3o \u00e9 da Escola Nacional de Administra\u00e7\u00e3o P\u00fablica (ENAP), em parceria com o Minist\u00e9rio da Cultura (MinC), com o intuito de apresentar &hellip;<\/p>\n","protected":false},"author":5,"featured_media":8723,"comment_status":"open","ping_status":"open","sticky":false,"template":"","format":"standard","meta":{"footnotes":""},"categories":[45,104,38],"tags":[],"class_list":["post-8722","post","type-post","status-publish","format-standard","has-post-thumbnail","","category-araguaina","category-cultura","category-gurupi"],"_links":{"self":[{"href":"https:\/\/focotocantinense.com.br\/index.php?rest_route=\/wp\/v2\/posts\/8722","targetHints":{"allow":["GET"]}}],"collection":[{"href":"https:\/\/focotocantinense.com.br\/index.php?rest_route=\/wp\/v2\/posts"}],"about":[{"href":"https:\/\/focotocantinense.com.br\/index.php?rest_route=\/wp\/v2\/types\/post"}],"author":[{"embeddable":true,"href":"https:\/\/focotocantinense.com.br\/index.php?rest_route=\/wp\/v2\/users\/5"}],"replies":[{"embeddable":true,"href":"https:\/\/focotocantinense.com.br\/index.php?rest_route=%2Fwp%2Fv2%2Fcomments&post=8722"}],"version-history":[{"count":2,"href":"https:\/\/focotocantinense.com.br\/index.php?rest_route=\/wp\/v2\/posts\/8722\/revisions"}],"predecessor-version":[{"id":8728,"href":"https:\/\/focotocantinense.com.br\/index.php?rest_route=\/wp\/v2\/posts\/8722\/revisions\/8728"}],"wp:featuredmedia":[{"embeddable":true,"href":"https:\/\/focotocantinense.com.br\/index.php?rest_route=\/wp\/v2\/media\/8723"}],"wp:attachment":[{"href":"https:\/\/focotocantinense.com.br\/index.php?rest_route=%2Fwp%2Fv2%2Fmedia&parent=8722"}],"wp:term":[{"taxonomy":"category","embeddable":true,"href":"https:\/\/focotocantinense.com.br\/index.php?rest_route=%2Fwp%2Fv2%2Fcategories&post=8722"},{"taxonomy":"post_tag","embeddable":true,"href":"https:\/\/focotocantinense.com.br\/index.php?rest_route=%2Fwp%2Fv2%2Ftags&post=8722"}],"curies":[{"name":"wp","href":"https:\/\/api.w.org\/{rel}","templated":true}]}}