{"id":8713,"date":"2024-10-06T20:27:57","date_gmt":"2024-10-06T23:27:57","guid":{"rendered":"https:\/\/focotocantinense.com.br\/?p=8713"},"modified":"2024-10-06T20:36:17","modified_gmt":"2024-10-06T23:36:17","slug":"josi-nunes-conquista-5547-dos-votos-e-e-reeleita-prefeita-de-gurupi","status":"publish","type":"post","link":"https:\/\/focotocantinense.com.br\/?p=8713","title":{"rendered":"Josi Nunes conquista 55,47% dos votos e \u00e9 reeleita prefeita de Gurupi"},"content":{"rendered":"\n<p>Com 25.533 votos (55,47%), Josi Nunes (UB) est\u00e1 reeleita como prefeita de Gurupi para o mandato 2025-2028, ao lado do vice-prefeito eleito, Adailton Fonseca (PL). Josi venceu Eduardo Fortes (PSD), que teve 17.655 votos (38,35%), e Cristiano Pisoni (PSDB), que conquistou 2.846 votos (6,18%).<\/p>\n\n\n\n<figure class=\"wp-block-image size-large is-resized\"><img loading=\"lazy\" decoding=\"async\" width=\"1024\" height=\"682\" src=\"https:\/\/focotocantinense.com.br\/wp-content\/uploads\/2024\/10\/Vitoria-de-Josi-Nunes-1-1024x682.jpeg\" alt=\"\" class=\"wp-image-8715\" style=\"width:384px;height:auto\" srcset=\"https:\/\/focotocantinense.com.br\/wp-content\/uploads\/2024\/10\/Vitoria-de-Josi-Nunes-1-1024x682.jpeg 1024w, https:\/\/focotocantinense.com.br\/wp-content\/uploads\/2024\/10\/Vitoria-de-Josi-Nunes-1-300x200.jpeg 300w, https:\/\/focotocantinense.com.br\/wp-content\/uploads\/2024\/10\/Vitoria-de-Josi-Nunes-1-768x512.jpeg 768w, https:\/\/focotocantinense.com.br\/wp-content\/uploads\/2024\/10\/Vitoria-de-Josi-Nunes-1-1536x1023.jpeg 1536w, https:\/\/focotocantinense.com.br\/wp-content\/uploads\/2024\/10\/Vitoria-de-Josi-Nunes-1-310x205.jpeg 310w, https:\/\/focotocantinense.com.br\/wp-content\/uploads\/2024\/10\/Vitoria-de-Josi-Nunes-1.jpeg 1600w\" sizes=\"auto, (max-width: 1024px) 100vw, 1024px\" \/><\/figure>\n\n\n\n<p><\/p>\n\n\n\n<p>\u201cCom o cora\u00e7\u00e3o cheio de gratid\u00e3o, agrade\u00e7o profundamente a cada um de voc\u00eas que confiou em mim, que acredita no nosso trabalho e no sonho de uma Gurupi cada vez melhor. Essa vit\u00f3ria \u00e9 de todos n\u00f3s! Podem ter certeza, continuarei me dedicando com toda a minha for\u00e7a, realizando obras que transformam e projetos que realmente fazem a diferen\u00e7a na vida de cada fam\u00edlia desta cidade que tanto amo. Vamos seguir juntos, porque o futuro de Gurupi ser\u00e1 ainda mais grandioso!\u201d, declarou Josi Nunes.<\/p>\n\n\n\n<p>Mesmo sendo alvo constante de ataques falsos, fake news e estrat\u00e9gias inescrupulosas para tentar desacreditar seu trabalho, Josi Nunes saiu vitoriosa mais uma vez. Ao longo da campanha, enfrentou com serenidade e firmeza cada golpe baixo, sabendo que a verdade prevaleceria. Contra todas as tentativas de enfraquecer sua trajet\u00f3ria, a prefeita mostrou que o apoio genu\u00edno e a confian\u00e7a do povo de Gurupi s\u00e3o mais fortes do que qualquer estrat\u00e9gia de difama\u00e7\u00e3o. \u201cA vit\u00f3ria n\u00e3o foi apenas nas urnas, mas tamb\u00e9m uma vit\u00f3ria da verdade, do trabalho honesto e da for\u00e7a de uma lideran\u00e7a que nunca se abateu diante da injusti\u00e7a\u201d, finalizou Josi Nunes.<\/p>\n\n\n\n<h2 class=\"wp-block-heading\"><strong><em>Vereadores eleitos:<\/em><\/strong><\/h2>\n\n\n\n<p><em>PRD \u2013 MATHEUS MONTEIRO \u2013 Eleito por QP \u2013 1.174 votos<\/em><\/p>\n\n\n\n<p><em>PDT \u2013 PEDRO MORAIS \u2013 Eleito por QP \u2013 1.137 votos<\/em><\/p>\n\n\n\n<p><em>UNI\u00c3O \u2013 MARIO CEZAR LUSTOSA \u2013 Eleito por QP \u2013 1.090 votos<\/em><\/p>\n\n\n\n<p><em>PODE \u2013 COLEMAR DA SABORELLE \u2013 Eleito por QP \u2013 1.020 votos<\/em><\/p>\n\n\n\n<p><em>PSD \u2013 RODRIGO MACIEL \u2013 Eleito por QP \u2013 1.015 votos<\/em><\/p>\n\n\n\n<p><em>PL \u2013 IVANILSON MARINHO \u2013 Eleito por QP \u2013 948 votos<\/em><\/p>\n\n\n\n<p><em>UNI\u00c3O \u2013 &nbsp;JAIR DO POVO \u2013 Eleito por QP \u2013 918 votos<\/em><\/p>\n\n\n\n<p><em>REPUBLICANOS \u2013 D\u00c9BORA RIBEIRO \u2013 Eleito por QP \u2013 767 votos<\/em><\/p>\n\n\n\n<p><em>PP \u2013 RODRIGO FERREIRA \u2013 Eleito por m\u00e9dia \u2013 743 votos<\/em><\/p>\n\n\n\n<p><em>REPUBLICANOS \u2013 WALTER COELHO \u2013 Eleito por m\u00e9dia \u2013 698 votos<\/em><\/p>\n\n\n\n<p><em>PDT \u2013 MAR\u00cdLIS FERNANDES \u2013 Eleito por QP \u2013 692 votos<\/em><\/p>\n\n\n\n<p><em>PSB \u2013 DIANE DA VITORIA DOS BICHOS \u2013 Eleito por QP \u2013 661 votos<\/em><\/p>\n\n\n\n<p><em>PRD \u2013 RONALDO LIRA \u2013 Eleito por m\u00e9dia \u2013 645 votos<\/em><\/p>\n\n\n\n<p><em>PDT \u2013 ROMILDO SANTOS \u2013 Eleito por m\u00e9dia \u2013 614 votos<\/em><\/p>\n\n\n\n<p><em>PSB \u2013 ANDRE CAIXETA \u2013 Eleito por m\u00e9dia \u2013 611 votos<\/em><\/p>\n\n\n\n<p><em>PL \u2013 LEDA PERINI \u2013 Eleito por m\u00e9dia \u2013 588 votos<\/em><\/p>\n\n\n\n<p><em>PSD \u2013 &nbsp;CELIA LIMA \u2013 Eleito por m\u00e9dia<\/em><\/p>\n\n\n\n<p><\/p>\n\n\n\n<figure class=\"wp-block-image size-full\"><img loading=\"lazy\" decoding=\"async\" width=\"843\" height=\"251\" src=\"https:\/\/focotocantinense.com.br\/wp-content\/uploads\/2024\/10\/VINI_181_282-1-1.jpg\" alt=\"\" class=\"wp-image-8709\" srcset=\"https:\/\/focotocantinense.com.br\/wp-content\/uploads\/2024\/10\/VINI_181_282-1-1.jpg 843w, https:\/\/focotocantinense.com.br\/wp-content\/uploads\/2024\/10\/VINI_181_282-1-1-300x89.jpg 300w, https:\/\/focotocantinense.com.br\/wp-content\/uploads\/2024\/10\/VINI_181_282-1-1-768x229.jpg 768w\" sizes=\"auto, (max-width: 843px) 100vw, 843px\" \/><\/figure>\n","protected":false},"excerpt":{"rendered":"<p>Com 25.533 votos (55,47%), Josi Nunes (UB) est\u00e1 reeleita como prefeita de Gurupi para o mandato 2025-2028, ao lado do vice-prefeito eleito, Adailton Fonseca (PL). Josi venceu Eduardo Fortes (PSD), que teve 17.655 votos (38,35%), e Cristiano Pisoni (PSDB), que conquistou 2.846 votos (6,18%). \u201cCom o cora\u00e7\u00e3o cheio de gratid\u00e3o, agrade\u00e7o profundamente a cada um &hellip;<\/p>\n","protected":false},"author":5,"featured_media":8714,"comment_status":"open","ping_status":"open","sticky":false,"template":"","format":"standard","meta":{"footnotes":""},"categories":[38],"tags":[],"class_list":["post-8713","post","type-post","status-publish","format-standard","has-post-thumbnail","","category-gurupi"],"_links":{"self":[{"href":"https:\/\/focotocantinense.com.br\/index.php?rest_route=\/wp\/v2\/posts\/8713","targetHints":{"allow":["GET"]}}],"collection":[{"href":"https:\/\/focotocantinense.com.br\/index.php?rest_route=\/wp\/v2\/posts"}],"about":[{"href":"https:\/\/focotocantinense.com.br\/index.php?rest_route=\/wp\/v2\/types\/post"}],"author":[{"embeddable":true,"href":"https:\/\/focotocantinense.com.br\/index.php?rest_route=\/wp\/v2\/users\/5"}],"replies":[{"embeddable":true,"href":"https:\/\/focotocantinense.com.br\/index.php?rest_route=%2Fwp%2Fv2%2Fcomments&post=8713"}],"version-history":[{"count":3,"href":"https:\/\/focotocantinense.com.br\/index.php?rest_route=\/wp\/v2\/posts\/8713\/revisions"}],"predecessor-version":[{"id":8720,"href":"https:\/\/focotocantinense.com.br\/index.php?rest_route=\/wp\/v2\/posts\/8713\/revisions\/8720"}],"wp:featuredmedia":[{"embeddable":true,"href":"https:\/\/focotocantinense.com.br\/index.php?rest_route=\/wp\/v2\/media\/8714"}],"wp:attachment":[{"href":"https:\/\/focotocantinense.com.br\/index.php?rest_route=%2Fwp%2Fv2%2Fmedia&parent=8713"}],"wp:term":[{"taxonomy":"category","embeddable":true,"href":"https:\/\/focotocantinense.com.br\/index.php?rest_route=%2Fwp%2Fv2%2Fcategories&post=8713"},{"taxonomy":"post_tag","embeddable":true,"href":"https:\/\/focotocantinense.com.br\/index.php?rest_route=%2Fwp%2Fv2%2Ftags&post=8713"}],"curies":[{"name":"wp","href":"https:\/\/api.w.org\/{rel}","templated":true}]}}