{"id":8690,"date":"2024-10-03T21:32:49","date_gmt":"2024-10-04T00:32:49","guid":{"rendered":"https:\/\/focotocantinense.com.br\/?p=8690"},"modified":"2024-10-04T10:43:51","modified_gmt":"2024-10-04T13:43:51","slug":"alunos-do-colegio-estadual-dom-orione-em-tocantinopolis-se-enveredam-pelo-universo-da-literatura-tocantinense","status":"publish","type":"post","link":"https:\/\/focotocantinense.com.br\/?p=8690","title":{"rendered":"Alunos do Col\u00e9gio Estadual Dom Orione, em Tocantin\u00f3polis, se enveredam pelo universo da literatura tocantinense"},"content":{"rendered":"\n<p>Estudantes do Ensino M\u00e9dio do Col\u00e9gio Estadual Dom Orione (CEDO), em Tocantin\u00f3polis, na regi\u00e3o do Bico do Papagaio, que participam do Programa de Inicia\u00e7\u00e3o Cient\u00edfica, est\u00e3o realizando pesquisas sobre Literatura Tocantinense nas escolas da rede estadual e municipal da cidade.<\/p>\n\n\n\n<p>Desde abril deste ano, 16 estudantes selecionados por meio do Edital 001\/2024, publicado pelo Col\u00e9gio Estadual Dom Orione, est\u00e3o envolvidos em pesquisas que buscam investigar as a\u00e7\u00f5es e projetos de aplica\u00e7\u00e3o da literatura tocantinense na Educa\u00e7\u00e3o B\u00e1sica da rede p\u00fablica e privada de Tocantin\u00f3polis. Ao longo do processo, esses estudantes t\u00eam vivido experi\u00eancias enriquecedoras, que v\u00e3o al\u00e9m do simples aprendizado, ao se aprofundarem nas obras liter\u00e1rias de autores tocantinenses.<\/p>\n\n\n\n<figure class=\"wp-block-image size-full is-resized\"><img loading=\"lazy\" decoding=\"async\" width=\"619\" height=\"289\" src=\"https:\/\/focotocantinense.com.br\/wp-content\/uploads\/2024\/10\/5-COLEGIO-DOM-ORIONE.jpg\" alt=\"\" class=\"wp-image-8698\" style=\"width:409px;height:auto\" srcset=\"https:\/\/focotocantinense.com.br\/wp-content\/uploads\/2024\/10\/5-COLEGIO-DOM-ORIONE.jpg 619w, https:\/\/focotocantinense.com.br\/wp-content\/uploads\/2024\/10\/5-COLEGIO-DOM-ORIONE-300x140.jpg 300w\" sizes=\"auto, (max-width: 619px) 100vw, 619px\" \/><\/figure>\n\n\n\n<p><\/p>\n\n\n\n<p><strong>Replicando o projeto<\/strong><\/p>\n\n\n\n<p>Em maio, o professor Dr. Rubens Martins, da Universidade Estadual do Tocantins (Unitins), convidou o grupo de pesquisadores para participar de uma Live com o objetivo de replicar o projeto desenvolvido em Tocantin\u00f3polis. Durante a transmiss\u00e3o, o organizador da Live enfatizou que o Programa de Inicia\u00e7\u00e3o Cient\u00edfica do Col\u00e9gio Estadual&nbsp; Dom Orione \u00e9 considerado um carro-chefe no estado do Tocantins no que diz respeito \u00e0 promo\u00e7\u00e3o da literatura regional. Ele destacou que essa iniciativa certamente potencializar\u00e1 o interesse de outras escolas no estado em trabalhar com projetos de leitura de obras de escritores do nosso Estado. A grava\u00e7\u00e3o da Live pode ser assistida no canal do YouTube&nbsp;<strong><em>Literatura Tocantinense.<\/em><\/strong><\/p>\n\n\n\n<figure class=\"wp-block-image size-large is-resized\"><img loading=\"lazy\" decoding=\"async\" width=\"1024\" height=\"1024\" src=\"https:\/\/focotocantinense.com.br\/wp-content\/uploads\/2024\/10\/2-COLEGIO-DOM-ORIONE-1024x1024.jpg\" alt=\"\" class=\"wp-image-8693\" style=\"width:842px;height:auto\" srcset=\"https:\/\/focotocantinense.com.br\/wp-content\/uploads\/2024\/10\/2-COLEGIO-DOM-ORIONE-1024x1024.jpg 1024w, https:\/\/focotocantinense.com.br\/wp-content\/uploads\/2024\/10\/2-COLEGIO-DOM-ORIONE-300x300.jpg 300w, https:\/\/focotocantinense.com.br\/wp-content\/uploads\/2024\/10\/2-COLEGIO-DOM-ORIONE-150x150.jpg 150w, https:\/\/focotocantinense.com.br\/wp-content\/uploads\/2024\/10\/2-COLEGIO-DOM-ORIONE-768x768.jpg 768w, https:\/\/focotocantinense.com.br\/wp-content\/uploads\/2024\/10\/2-COLEGIO-DOM-ORIONE.jpg 1440w\" sizes=\"auto, (max-width: 1024px) 100vw, 1024px\" \/><\/figure>\n\n\n\n<p><\/p>\n\n\n\n<p>O Programa foi, tamb\u00e9m, replicado na Superintend\u00eancia Regional de Ensino de Tocantin\u00f3polis (SRE), durante o Monitoramento Integrado, realizado em junho pela&nbsp; Secretaria de Educa\u00e7\u00e3o (Seduc), em parceria com os t\u00e9cnicos pedag\u00f3gicos da SRE. No evento, a estudante Emilly Lorrany Gerhardt compartilhou suas impress\u00f5es, afirmando que, at\u00e9 aquele momento, o projeto havia proporcionado experi\u00eancias enriquecedoras tanto com seus colegas quanto com a professora, exatamente como ela havia esperado.&nbsp;<\/p>\n\n\n\n<p>Ela ingressou no projeto com o objetivo de aprimorar sua escrita, construir uma s\u00f3lida base para sua vida acad\u00eamica e, principalmente, explorar novas obras liter\u00e1rias. Emilly ressaltou que nunca havia participado de uma iniciativa semelhante e que essa viv\u00eancia tem sido extremamente positiva para seu crescimento pessoal e acad\u00eamico.<\/p>\n\n\n\n<figure class=\"wp-block-image size-large\"><img loading=\"lazy\" decoding=\"async\" width=\"1024\" height=\"768\" src=\"https:\/\/focotocantinense.com.br\/wp-content\/uploads\/2024\/10\/TOCANTUINOPOLIS-DOM-ORIONTE-1024x768.jpg\" alt=\"\" class=\"wp-image-8692\" srcset=\"https:\/\/focotocantinense.com.br\/wp-content\/uploads\/2024\/10\/TOCANTUINOPOLIS-DOM-ORIONTE-1024x768.jpg 1024w, https:\/\/focotocantinense.com.br\/wp-content\/uploads\/2024\/10\/TOCANTUINOPOLIS-DOM-ORIONTE-300x225.jpg 300w, https:\/\/focotocantinense.com.br\/wp-content\/uploads\/2024\/10\/TOCANTUINOPOLIS-DOM-ORIONTE-768x576.jpg 768w, https:\/\/focotocantinense.com.br\/wp-content\/uploads\/2024\/10\/TOCANTUINOPOLIS-DOM-ORIONTE.jpg 1200w\" sizes=\"auto, (max-width: 1024px) 100vw, 1024px\" \/><\/figure>\n\n\n\n<p><\/p>\n\n\n\n<p><strong>Marco importante<\/strong><\/p>\n\n\n\n<p>As visitas a outras unidades escolares t\u00eam sido um marco importante na pesquisa. De maio a setembro, os integrantes do Grupo de Pesquisa j\u00e1 aplicaram question\u00e1rios em quatro escolas estaduais: Col\u00e9gio Estadual Dom Orione, Escola GTI XV de Novembro, Escola Estadual Paroquial Cristo Rei e CEM Darcy Marinho, envolvendo 252 estudantes do Ensino Fundamental e M\u00e9dio.<\/p>\n\n\n\n<p><strong>Metodologia<\/strong><\/p>\n\n\n\n<p>A metodologia adotada \u00e9 quantitativa, utilizando um question\u00e1rio elaborado no Google Formul\u00e1rios, com o objetivo de coletar at\u00e9 o final do ano, dados de 30% dos estudantes da educa\u00e7\u00e3o b\u00e1sica de Tocantin\u00f3polis.&nbsp;<\/p>\n\n\n\n<p><strong>Experi\u00eancia positiva<\/strong><\/p>\n\n\n\n<p>Lara Vit\u00f3ria, representante do grupo de pesquisadores do projeto sobre literatura tocantinense, evidenciou que sua participa\u00e7\u00e3o tem sido um aprendizado profundo sobre a rica heran\u00e7a liter\u00e1ria da regi\u00e3o. Ela destacou a experi\u00eancia positiva da visita \u00e0 Escola XV de Novembro, onde a pesquisa foi realizada com sucesso, gra\u00e7as ao envolvimento dos estudantes e ao apoio da equipe escolar. Lara tamb\u00e9m mencionou que essa viv\u00eancia fortalece a confian\u00e7a do grupo para expandir a pesquisa para outras institui\u00e7\u00f5es, promovendo a dissemina\u00e7\u00e3o da literatura tocantinense.<\/p>\n\n\n\n<p><\/p>\n\n\n\n<p><strong>Empolga\u00e7\u00e3o<\/strong><\/p>\n\n\n\n<p>A coordenadora do Programa, Marynalva Abreu, compartilhou sua empolga\u00e7\u00e3o com a experi\u00eancia enriquecedora que os estudantes pesquisadores do Programa de Inicia\u00e7\u00e3o Cient\u00edfica est\u00e3o vivenciando. Segundo ela, os alunos est\u00e3o entusiasmados com as visitas a outras escolas para a realiza\u00e7\u00e3o das pesquisas, demonstrando um empenho admir\u00e1vel ao protagonizar todo o processo. Marynalva ressaltou que s\u00e3o os pr\u00f3prios estudantes que orientam seus colegas a responder cada pergunta do question\u00e1rio, evidenciando seu papel ativo na pesquisa. A professora expressou grande orgulho por sua equipe, destacando que, apesar dos desafios enfrentados, como a falta de transporte e o hor\u00e1rio de almo\u00e7o reduzido, visto que as atividades s\u00e3o realizadas no contraturno, eles sempre se mostram dispostos a colaborar e participar de todas as atividades do projeto.<\/p>\n\n\n\n<figure class=\"wp-block-image size-large\"><img loading=\"lazy\" decoding=\"async\" width=\"1024\" height=\"1024\" src=\"https:\/\/focotocantinense.com.br\/wp-content\/uploads\/2024\/10\/2-COLEGIO-DOM-ORIONE-1-1024x1024.jpg\" alt=\"\" class=\"wp-image-8702\" srcset=\"https:\/\/focotocantinense.com.br\/wp-content\/uploads\/2024\/10\/2-COLEGIO-DOM-ORIONE-1-1024x1024.jpg 1024w, https:\/\/focotocantinense.com.br\/wp-content\/uploads\/2024\/10\/2-COLEGIO-DOM-ORIONE-1-300x300.jpg 300w, https:\/\/focotocantinense.com.br\/wp-content\/uploads\/2024\/10\/2-COLEGIO-DOM-ORIONE-1-150x150.jpg 150w, https:\/\/focotocantinense.com.br\/wp-content\/uploads\/2024\/10\/2-COLEGIO-DOM-ORIONE-1-768x768.jpg 768w, https:\/\/focotocantinense.com.br\/wp-content\/uploads\/2024\/10\/2-COLEGIO-DOM-ORIONE-1.jpg 1440w\" sizes=\"auto, (max-width: 1024px) 100vw, 1024px\" \/><\/figure>\n\n\n\n<p><strong>Sobre a import\u00e2ncia do Trabalho<\/strong><\/p>\n\n\n\n<p>H\u00e9lida Brilhante, Coordenadora Pedag\u00f3gica do Col\u00e9gio Estadual Dom Orione, destacou a import\u00e2ncia do trabalho da professora Marynalva para o desenvolvimento acad\u00eamico dos estudantes, ressaltando que ao coloc\u00e1-los como protagonistas, ela os engaja em diversas atividades al\u00e9m das propostas no projeto.<\/p>\n\n\n\n<p>Segundo H\u00e9lida, o universo da pesquisa cient\u00edfica \u00e9 extremamente rico, e conhecer a literatura tocantinense certamente ser\u00e1 uma experi\u00eancia interessante e memor\u00e1vel para os alunos. Ela tamb\u00e9m enfatizou que ter contato e produzir textos cient\u00edficos na educa\u00e7\u00e3o b\u00e1sica \u00e9 algo fant\u00e1stico, expressando seu orgulho por ter um projeto como esse sendo desenvolvido em sua escola.<\/p>\n\n\n\n<p><strong>Forma\u00e7\u00e3o de jovens pesquisadores<\/strong><\/p>\n\n\n\n<p>Os depoimentos coletados demonstram que o Programa de Inicia\u00e7\u00e3o Cient\u00edfica n\u00e3o apenas oferece um espa\u00e7o valioso para o aprendizado e a valoriza\u00e7\u00e3o da literatura tocantinense, mas tamb\u00e9m fortalece a forma\u00e7\u00e3o dos jovens pesquisadores, incentivando-os a se tornarem agentes ativos na dissemina\u00e7\u00e3o do conhecimento liter\u00e1rio em suas comunidades.&nbsp;<\/p>\n\n\n\n<p><strong>Reconhecimento dos autores tocantinenses<\/strong><\/p>\n\n\n\n<p>Al\u00e9m dos question\u00e1rios aplicados aos estudantes da rede p\u00fablica e privada de Tocantin\u00f3polis, o Grupo de Pesquisadores planeja realizar investiga\u00e7\u00f5es com os professores da Educa\u00e7\u00e3o B\u00e1sica do munic\u00edpio. O objetivo \u00e9 verificar a utiliza\u00e7\u00e3o de obras de escritores tocantinenses nas pr\u00e1ticas pedag\u00f3gicas e mapear os autores do munic\u00edpio, assim como suas respectivas obras. Os resultados dessas pesquisas ser\u00e3o publicados em um Artigo Cient\u00edfico.<\/p>\n\n\n\n<p>Essa iniciativa tem o potencial de despertar o interesse pela cultura local e contribuir para o reconhecimento dos escritores do Tocantins. Al\u00e9m disso, a colabora\u00e7\u00e3o entre as institui\u00e7\u00f5es de ensino est\u00e1 sendo fundamental para o enriquecimento educacional e cultural dos estudantes, pois cria uma rede de apoio que potencializa as oportunidades de aprendizado e desenvolvimento. Dessa forma, a uni\u00e3o de esfor\u00e7os resulta em uma experi\u00eancia ainda mais rica e significativa para todos os envolvidos.<\/p>\n\n\n\n<p><strong>Aplicadores da pesquisa<\/strong>&nbsp;<\/p>\n\n\n\n<p>Grupo de pesquisadores CEDO (participantes do Programa de Inicia\u00e7\u00e3o Cient\u00edfica Edital CEDO n\u00ba 001\/2024):&nbsp;<\/p>\n\n\n\n<p>Ana Cleide Moreira de Sousa, Ana Beatriz de Morais Silva, Ana J\u00falia Marinho Louren\u00e7o Dias, D\u00e9bora Cardoso Bandeira, Emilly Lorrany Gerhardt Oliveira, Esterfanny Guedes Ribeiro, Fernanda Lissa Melo Morais, Hillary Lara Ferreira Feitosa, J\u00falia Karolline Rodrigues Milhomem, Lara Vit\u00f3ria Alves Castro, Lucas Pimentel Marinho Aguiar, Luis Henrique Alves M. da Costa, Natiely Vit\u00f3ria Pereira de Sousa, Nikoly Santos Silva, Sarah Leticia Armando da Silva e Yasmim da Silva Lima.<\/p>\n\n\n\n<figure class=\"wp-block-image size-full\"><img loading=\"lazy\" decoding=\"async\" width=\"843\" height=\"251\" src=\"https:\/\/focotocantinense.com.br\/wp-content\/uploads\/2024\/10\/VINI_181_282-1.jpg\" alt=\"\" class=\"wp-image-8686\" srcset=\"https:\/\/focotocantinense.com.br\/wp-content\/uploads\/2024\/10\/VINI_181_282-1.jpg 843w, https:\/\/focotocantinense.com.br\/wp-content\/uploads\/2024\/10\/VINI_181_282-1-300x89.jpg 300w, https:\/\/focotocantinense.com.br\/wp-content\/uploads\/2024\/10\/VINI_181_282-1-768x229.jpg 768w\" sizes=\"auto, (max-width: 843px) 100vw, 843px\" \/><\/figure>\n","protected":false},"excerpt":{"rendered":"<p>Estudantes do Ensino M\u00e9dio do Col\u00e9gio Estadual Dom Orione (CEDO), em Tocantin\u00f3polis, na regi\u00e3o do Bico do Papagaio, que participam do Programa de Inicia\u00e7\u00e3o Cient\u00edfica, est\u00e3o realizando pesquisas sobre Literatura Tocantinense nas escolas da rede estadual e municipal da cidade. Desde abril deste ano, 16 estudantes selecionados por meio do Edital 001\/2024, publicado pelo Col\u00e9gio &hellip;<\/p>\n","protected":false},"author":5,"featured_media":8692,"comment_status":"open","ping_status":"open","sticky":false,"template":"","format":"standard","meta":{"footnotes":""},"categories":[1],"tags":[],"class_list":["post-8690","post","type-post","status-publish","format-standard","has-post-thumbnail","","category-sem-categoria"],"_links":{"self":[{"href":"https:\/\/focotocantinense.com.br\/index.php?rest_route=\/wp\/v2\/posts\/8690","targetHints":{"allow":["GET"]}}],"collection":[{"href":"https:\/\/focotocantinense.com.br\/index.php?rest_route=\/wp\/v2\/posts"}],"about":[{"href":"https:\/\/focotocantinense.com.br\/index.php?rest_route=\/wp\/v2\/types\/post"}],"author":[{"embeddable":true,"href":"https:\/\/focotocantinense.com.br\/index.php?rest_route=\/wp\/v2\/users\/5"}],"replies":[{"embeddable":true,"href":"https:\/\/focotocantinense.com.br\/index.php?rest_route=%2Fwp%2Fv2%2Fcomments&post=8690"}],"version-history":[{"count":9,"href":"https:\/\/focotocantinense.com.br\/index.php?rest_route=\/wp\/v2\/posts\/8690\/revisions"}],"predecessor-version":[{"id":8706,"href":"https:\/\/focotocantinense.com.br\/index.php?rest_route=\/wp\/v2\/posts\/8690\/revisions\/8706"}],"wp:featuredmedia":[{"embeddable":true,"href":"https:\/\/focotocantinense.com.br\/index.php?rest_route=\/wp\/v2\/media\/8692"}],"wp:attachment":[{"href":"https:\/\/focotocantinense.com.br\/index.php?rest_route=%2Fwp%2Fv2%2Fmedia&parent=8690"}],"wp:term":[{"taxonomy":"category","embeddable":true,"href":"https:\/\/focotocantinense.com.br\/index.php?rest_route=%2Fwp%2Fv2%2Fcategories&post=8690"},{"taxonomy":"post_tag","embeddable":true,"href":"https:\/\/focotocantinense.com.br\/index.php?rest_route=%2Fwp%2Fv2%2Ftags&post=8690"}],"curies":[{"name":"wp","href":"https:\/\/api.w.org\/{rel}","templated":true}]}}