{"id":869,"date":"2021-03-07T16:31:26","date_gmt":"2021-03-07T19:31:26","guid":{"rendered":"http:\/\/focotocantinense.com.br\/?p=869"},"modified":"2021-03-07T16:33:40","modified_gmt":"2021-03-07T19:33:40","slug":"prf-encontra-tres-malas-com-maconha-em-bagageiro-de-onibus-em-paraiso-do-tocantins","status":"publish","type":"post","link":"https:\/\/focotocantinense.com.br\/?p=869","title":{"rendered":"PRF encontra tr\u00eas malas com maconha em bagageiro de \u00f4nibus em Para\u00edso do Tocantins"},"content":{"rendered":"\n<figure class=\"wp-block-image\"><img decoding=\"async\" src=\"https:\/\/www.n1to.com.br\/img\/cache\/800x400\/80\/crop\/Imagem-7baf848f00d28a21cf2cd4277bbc98ea.jpg\" alt=\"\"\/><\/figure>\n\n\n\n<p>A Pol\u00edcia Rodovi\u00e1ria Federal (PRF) apreendeu cerca de 52 kg de maconha em \u00f4nibus de transporte de passageiros. A ocorr\u00eancia foi registrada na noite de s\u00e1bado (06), no km 497 da BR153, munic\u00edpio de Para\u00edso do Tocantins-TO.<\/p>\n\n\n\n<p>Na oportunidade, foi abordado \u00f4nibus de transporte de passageiros, sendo que durante a fiscaliza\u00e7\u00e3o de rotina, foi fiscalizado o compartimento de carga do ve\u00edculo, ocasi\u00e3o em que a equipe da PRF sentiu um forte odor de subst\u00e2ncia entorpecente, tendo ent\u00e3o identificado as 3 malas que exaravam referido cheiro, as malas estavam enroladas em sacos pretos e em seu interior havia caixas embaladas como presentes.<\/p>\n\n\n\n<p>Diante da suspeita, as malas foram abertas e dentro delas encontrados v\u00e1rios tabletes de subst\u00e2ncia an\u00e1loga \u00e0 maconha. Ato seguinte, a equipe conseguiu identificar o propriet\u00e1rio das malas.<\/p>\n\n\n\n<p>Ao questionar o homem sobre referida carga, ele informou que estava transportando equipamentos topogr\u00e1ficos e que estaria indo para Bras\u00edlia participar de uma entrevista de emprego. No entanto, quando foi informado que foram encontradas drogas no interior da mala, o homem confessou o crime. Alegou que realmente estava indo de Bel\u00e9m para Bras\u00edlia com o objetivo de participar de uma entrevista de emprego, no entanto, quando estava na rodovi\u00e1ria de origem, foi abordado por um homem desconhecido que ofereceu 2 mil reais para que ele levasse as 3 malas com a droga at\u00e9 a rodovi\u00e1ria da capital federal.<\/p>\n\n\n\n<p>Diante dos fatos, o homem foi preso em flagrante por tr\u00e1fico interestadual de drogas. Os 52,6 kg de maconha e o detido foram encaminhados para Central de Flagrantes de Para\u00edso do Tocantins para continuidade dos procedimentos legais.<\/p>\n","protected":false},"excerpt":{"rendered":"<p>A Pol\u00edcia Rodovi\u00e1ria Federal (PRF) apreendeu cerca de 52 kg de maconha em \u00f4nibus de transporte de passageiros. A ocorr\u00eancia foi registrada na noite de s\u00e1bado (06), no km 497 da BR153, munic\u00edpio de Para\u00edso do Tocantins-TO. Na oportunidade, foi abordado \u00f4nibus de transporte de passageiros, sendo que durante a fiscaliza\u00e7\u00e3o de rotina, foi fiscalizado &hellip;<\/p>\n","protected":false},"author":5,"featured_media":871,"comment_status":"open","ping_status":"open","sticky":true,"template":"","format":"standard","meta":{"footnotes":""},"categories":[1],"tags":[88],"class_list":["post-869","post","type-post","status-publish","format-standard","has-post-thumbnail","","category-sem-categoria","tag-paraiso"],"_links":{"self":[{"href":"https:\/\/focotocantinense.com.br\/index.php?rest_route=\/wp\/v2\/posts\/869","targetHints":{"allow":["GET"]}}],"collection":[{"href":"https:\/\/focotocantinense.com.br\/index.php?rest_route=\/wp\/v2\/posts"}],"about":[{"href":"https:\/\/focotocantinense.com.br\/index.php?rest_route=\/wp\/v2\/types\/post"}],"author":[{"embeddable":true,"href":"https:\/\/focotocantinense.com.br\/index.php?rest_route=\/wp\/v2\/users\/5"}],"replies":[{"embeddable":true,"href":"https:\/\/focotocantinense.com.br\/index.php?rest_route=%2Fwp%2Fv2%2Fcomments&post=869"}],"version-history":[{"count":1,"href":"https:\/\/focotocantinense.com.br\/index.php?rest_route=\/wp\/v2\/posts\/869\/revisions"}],"predecessor-version":[{"id":870,"href":"https:\/\/focotocantinense.com.br\/index.php?rest_route=\/wp\/v2\/posts\/869\/revisions\/870"}],"wp:featuredmedia":[{"embeddable":true,"href":"https:\/\/focotocantinense.com.br\/index.php?rest_route=\/wp\/v2\/media\/871"}],"wp:attachment":[{"href":"https:\/\/focotocantinense.com.br\/index.php?rest_route=%2Fwp%2Fv2%2Fmedia&parent=869"}],"wp:term":[{"taxonomy":"category","embeddable":true,"href":"https:\/\/focotocantinense.com.br\/index.php?rest_route=%2Fwp%2Fv2%2Fcategories&post=869"},{"taxonomy":"post_tag","embeddable":true,"href":"https:\/\/focotocantinense.com.br\/index.php?rest_route=%2Fwp%2Fv2%2Ftags&post=869"}],"curies":[{"name":"wp","href":"https:\/\/api.w.org\/{rel}","templated":true}]}}