{"id":8684,"date":"2024-10-01T21:04:59","date_gmt":"2024-10-02T00:04:59","guid":{"rendered":"https:\/\/focotocantinense.com.br\/?p=8684"},"modified":"2024-10-01T21:07:53","modified_gmt":"2024-10-02T00:07:53","slug":"brasilia-muito-mais-que-um-centro-de-decisoes-politicas","status":"publish","type":"post","link":"https:\/\/focotocantinense.com.br\/?p=8684","title":{"rendered":"Bras\u00edlia: muito mais que um centro de decis\u00f5es pol\u00edticas"},"content":{"rendered":"\n<p><strong><br>Seleucia Fontes (Febtur\/TO)<\/strong><\/p>\n\n\n\n<p>Aquelas bacias que intrigam e surpreendem as crian\u00e7as \u2013 e mesmo alguns adultos \u2013 que n\u00e3o sabem que ali ocorrem decis\u00f5es legislativas que impactam nossas vidas n\u00e3o s\u00e3o o \u00fanico atrativo da Capital Federal. Ao contr\u00e1rio, Bras\u00edlia tem muito a oferecer: hist\u00f3ria, educa\u00e7\u00e3o c\u00edvica, cultura, lazer, misticismo, vida rural, natureza.<\/p>\n\n\n\n<p>Por meio de uma a\u00e7\u00e3o apoiada por \u00f3rg\u00e3os federais e distritais, bem como associa\u00e7\u00f5es ligadas ao _trade tur\u00edstico_, o Instituto Tecnol\u00f3gico e Cultural Brasileiro (ITCB) realizou nesta ter\u00e7a, 1\u00ba de outubro, em Palmas, uma apresenta\u00e7\u00e3o do projeto Bras\u00edlia Monumental. Foi a primeira de sete capitais que receber\u00e3o representantes do ITCB, do&nbsp;Bras\u00edlia e Regi\u00e3o Convention &amp; Visitors Bureau&nbsp;e do Sindicato dos Guias de Turismo de Bras\u00edlia (Sindgtur),&nbsp;para apresentar as potencialidades da cidade.<\/p>\n\n\n\n<p>A a\u00e7\u00e3o come\u00e7ou pela capital tocantinense, quando foram refor\u00e7adas as similaridades e proximidade geogr\u00e1fica com Bras\u00edlia. Em outubro do pr\u00f3ximo ano, a Capital Federal receber\u00e1 a C\u00fapula do Brics (grupo de pa\u00edses que atuam pela coopera\u00e7\u00e3o econ\u00f4mica) e, como seu aeroporto possui um Hub A\u00e9reo, a proposta \u00e9 uma parceria regional para mostrar o cora\u00e7\u00e3o do Brasil aos visitantes internacionais. Palmas fica a apenas 1h15 em voo direto, sendo a porta de entrada para regi\u00f5es tur\u00edsticas como o Jalap\u00e3o, al\u00e9m de contar ela pr\u00f3pria com diversos atrativos.<\/p>\n\n\n\n<p><strong>O que Bras\u00edlia tem?<\/strong><\/p>\n\n\n\n<figure class=\"wp-block-image size-full is-resized\"><img loading=\"lazy\" decoding=\"async\" width=\"512\" height=\"347\" src=\"https:\/\/focotocantinense.com.br\/wp-content\/uploads\/2024\/10\/BRASILIA.jpg\" alt=\"\" class=\"wp-image-8688\" style=\"width:840px;height:auto\" srcset=\"https:\/\/focotocantinense.com.br\/wp-content\/uploads\/2024\/10\/BRASILIA.jpg 512w, https:\/\/focotocantinense.com.br\/wp-content\/uploads\/2024\/10\/BRASILIA-300x203.jpg 300w, https:\/\/focotocantinense.com.br\/wp-content\/uploads\/2024\/10\/BRASILIA-110x75.jpg 110w\" sizes=\"auto, (max-width: 512px) 100vw, 512px\" \/><\/figure>\n\n\n\n<p><\/p>\n\n\n\n<p>Acostumados aos notici\u00e1rios sobre movimenta\u00e7\u00f5es pol\u00edticas no Congresso e decis\u00f5es do Pal\u00e1cio do Planalto, os brasileiros pouco se d\u00e3o conta das belezas e potencialidades desta bela cidade, um dos poucos s\u00edtios modernos que, aos 27 anos, foi considerada Patrim\u00f4nio Cultural da Humanidade pela Unesco. Al\u00e9m de um Plano Piloto com os tra\u00e7os do urbanista L\u00facio Costa e arquitetura arrojada de Oscar Niemeyer, h\u00e1 muito para conhecer e vivenciar no DF.<\/p>\n\n\n\n<p>\u201cTemos muito em comum e podemos trabalhar em conjunto pela regionaliza\u00e7\u00e3o do turismo\u201d, ressaltou Paulo Palhas, diretor executivo do BRCVB. Segundo ele, o objetivo desta circula\u00e7\u00e3o por v\u00e1rias cidades \u00e9 trabalhar o turismo c\u00edvico integrado ao cultural, de eventos, rural, de natureza, entre outros.<\/p>\n\n\n\n<p>A presidente do Sindicato dos Guias de Turismo (Sindgtur), Maria Jos\u00e9 Carvalho, apresentou Bras\u00edlia em todos os seus aspectos, desde a primeira cita\u00e7\u00e3o do nome, em 1823, por Jos\u00e9 Bonif\u00e1cio, passando pela ousadia do presidente Juscelino Kubitschek, atrativos c\u00edvicos, a rede hoteleira de qualidade, o potencial para realiza\u00e7\u00e3o de grandes eventos, a cultura, a gastronomia, a religiosidade e misticismo, o turismo rural, com produ\u00e7\u00e3o de vinhos e caf\u00e9 premiados, o lazer em torno do Lago Parano\u00e1, a voca\u00e7\u00e3o para o turismo de eventos. \u201cSem cultura n\u00e3o se faz turismo\u201d, pontuou.<\/p>\n\n\n\n<figure class=\"wp-block-image size-full\"><img loading=\"lazy\" decoding=\"async\" width=\"843\" height=\"251\" src=\"https:\/\/focotocantinense.com.br\/wp-content\/uploads\/2024\/10\/VINI_181_282-1.jpg\" alt=\"\" class=\"wp-image-8686\" srcset=\"https:\/\/focotocantinense.com.br\/wp-content\/uploads\/2024\/10\/VINI_181_282-1.jpg 843w, https:\/\/focotocantinense.com.br\/wp-content\/uploads\/2024\/10\/VINI_181_282-1-300x89.jpg 300w, https:\/\/focotocantinense.com.br\/wp-content\/uploads\/2024\/10\/VINI_181_282-1-768x229.jpg 768w\" sizes=\"auto, (max-width: 843px) 100vw, 843px\" \/><\/figure>\n","protected":false},"excerpt":{"rendered":"<p>Seleucia Fontes (Febtur\/TO) Aquelas bacias que intrigam e surpreendem as crian\u00e7as \u2013 e mesmo alguns adultos \u2013 que n\u00e3o sabem que ali ocorrem decis\u00f5es legislativas que impactam nossas vidas n\u00e3o s\u00e3o o \u00fanico atrativo da Capital Federal. Ao contr\u00e1rio, Bras\u00edlia tem muito a oferecer: hist\u00f3ria, educa\u00e7\u00e3o c\u00edvica, cultura, lazer, misticismo, vida rural, natureza. Por meio &hellip;<\/p>\n","protected":false},"author":5,"featured_media":8685,"comment_status":"open","ping_status":"open","sticky":false,"template":"","format":"standard","meta":{"footnotes":""},"categories":[106],"tags":[],"class_list":["post-8684","post","type-post","status-publish","format-standard","has-post-thumbnail","","category-turismo"],"_links":{"self":[{"href":"https:\/\/focotocantinense.com.br\/index.php?rest_route=\/wp\/v2\/posts\/8684","targetHints":{"allow":["GET"]}}],"collection":[{"href":"https:\/\/focotocantinense.com.br\/index.php?rest_route=\/wp\/v2\/posts"}],"about":[{"href":"https:\/\/focotocantinense.com.br\/index.php?rest_route=\/wp\/v2\/types\/post"}],"author":[{"embeddable":true,"href":"https:\/\/focotocantinense.com.br\/index.php?rest_route=\/wp\/v2\/users\/5"}],"replies":[{"embeddable":true,"href":"https:\/\/focotocantinense.com.br\/index.php?rest_route=%2Fwp%2Fv2%2Fcomments&post=8684"}],"version-history":[{"count":2,"href":"https:\/\/focotocantinense.com.br\/index.php?rest_route=\/wp\/v2\/posts\/8684\/revisions"}],"predecessor-version":[{"id":8689,"href":"https:\/\/focotocantinense.com.br\/index.php?rest_route=\/wp\/v2\/posts\/8684\/revisions\/8689"}],"wp:featuredmedia":[{"embeddable":true,"href":"https:\/\/focotocantinense.com.br\/index.php?rest_route=\/wp\/v2\/media\/8685"}],"wp:attachment":[{"href":"https:\/\/focotocantinense.com.br\/index.php?rest_route=%2Fwp%2Fv2%2Fmedia&parent=8684"}],"wp:term":[{"taxonomy":"category","embeddable":true,"href":"https:\/\/focotocantinense.com.br\/index.php?rest_route=%2Fwp%2Fv2%2Fcategories&post=8684"},{"taxonomy":"post_tag","embeddable":true,"href":"https:\/\/focotocantinense.com.br\/index.php?rest_route=%2Fwp%2Fv2%2Ftags&post=8684"}],"curies":[{"name":"wp","href":"https:\/\/api.w.org\/{rel}","templated":true}]}}