{"id":8679,"date":"2024-10-01T08:57:58","date_gmt":"2024-10-01T11:57:58","guid":{"rendered":"https:\/\/focotocantinense.com.br\/?p=8679"},"modified":"2024-10-01T08:57:58","modified_gmt":"2024-10-01T11:57:58","slug":"com-apoio-da-ampla-maioria-das-mulheres-portuenses-toinho-andrade-faz-compromisso-com-o-publico-feminino","status":"publish","type":"post","link":"https:\/\/focotocantinense.com.br\/?p=8679","title":{"rendered":"Com apoio da ampla maioria das mulheres portuenses, Toinho Andrade faz compromisso com o p\u00fablico feminino"},"content":{"rendered":"\n<p>O deputado federal e candidato a prefeito de Porto Nacional, destacou o protagonismo feminino em sua gest\u00e3o, caso seja eleito<\/p>\n\n\n\n<figure class=\"wp-block-image size-large is-resized\"><img loading=\"lazy\" decoding=\"async\" width=\"1024\" height=\"682\" src=\"https:\/\/focotocantinense.com.br\/wp-content\/uploads\/2024\/10\/WhatsApp-Image-2024-10-01-at-08.34.19-1024x682.jpeg\" alt=\"\" class=\"wp-image-8680\" style=\"width:412px;height:auto\" srcset=\"https:\/\/focotocantinense.com.br\/wp-content\/uploads\/2024\/10\/WhatsApp-Image-2024-10-01-at-08.34.19-1024x682.jpeg 1024w, https:\/\/focotocantinense.com.br\/wp-content\/uploads\/2024\/10\/WhatsApp-Image-2024-10-01-at-08.34.19-300x200.jpeg 300w, https:\/\/focotocantinense.com.br\/wp-content\/uploads\/2024\/10\/WhatsApp-Image-2024-10-01-at-08.34.19-768x512.jpeg 768w, https:\/\/focotocantinense.com.br\/wp-content\/uploads\/2024\/10\/WhatsApp-Image-2024-10-01-at-08.34.19-1536x1023.jpeg 1536w, https:\/\/focotocantinense.com.br\/wp-content\/uploads\/2024\/10\/WhatsApp-Image-2024-10-01-at-08.34.19-310x205.jpeg 310w, https:\/\/focotocantinense.com.br\/wp-content\/uploads\/2024\/10\/WhatsApp-Image-2024-10-01-at-08.34.19.jpeg 1600w\" sizes=\"auto, (max-width: 1024px) 100vw, 1024px\" \/><\/figure>\n\n\n\n<p>Toinho Andrade garantiu que dar\u00e1 prioridade e a devida aten\u00e7\u00e3o \u00e0s pautas femininas em sua gest\u00e3o. A afirma\u00e7\u00e3o foi feita na noite desta segunda-feira, 30, em encontro com centenas de mulheres portuenses, denominado \u201cEncontro de Mulheres 10\u201d.<\/p>\n\n\n\n<p>Durante o encontro dedicado ao p\u00fablico feminino, o candidato voltou a falar sobre importantes propostas inclusas em seu plano de governo que favorecem as mulheres, dentre elas, a cria\u00e7\u00e3o da Secretaria da Mulher. Toinho trouxe \u00e0 tona discuss\u00f5es importantes sobre demandas deste p\u00fablico em Porto Nacional.<\/p>\n\n\n\n<p>O encontro conduzido pela esposa do candidato, Virg\u00ednia Andrade, contou com participa\u00e7\u00f5es ilustres, como a ex-prefeita, Tereza Martins, e a m\u00e3e de Toinho Andrade, dona Dinor\u00e1h Andrade. Por volta de 600 mulheres marcaram presen\u00e7a na reuni\u00e3o.<\/p>\n\n\n\n<figure class=\"wp-block-image size-large\"><img loading=\"lazy\" decoding=\"async\" width=\"1024\" height=\"682\" src=\"https:\/\/focotocantinense.com.br\/wp-content\/uploads\/2024\/10\/WhatsApp-Image-2024-10-01-at-08.34.18-1-1024x682.jpeg\" alt=\"\" class=\"wp-image-8681\" srcset=\"https:\/\/focotocantinense.com.br\/wp-content\/uploads\/2024\/10\/WhatsApp-Image-2024-10-01-at-08.34.18-1-1024x682.jpeg 1024w, https:\/\/focotocantinense.com.br\/wp-content\/uploads\/2024\/10\/WhatsApp-Image-2024-10-01-at-08.34.18-1-300x200.jpeg 300w, https:\/\/focotocantinense.com.br\/wp-content\/uploads\/2024\/10\/WhatsApp-Image-2024-10-01-at-08.34.18-1-768x512.jpeg 768w, https:\/\/focotocantinense.com.br\/wp-content\/uploads\/2024\/10\/WhatsApp-Image-2024-10-01-at-08.34.18-1-1536x1023.jpeg 1536w, https:\/\/focotocantinense.com.br\/wp-content\/uploads\/2024\/10\/WhatsApp-Image-2024-10-01-at-08.34.18-1-310x205.jpeg 310w, https:\/\/focotocantinense.com.br\/wp-content\/uploads\/2024\/10\/WhatsApp-Image-2024-10-01-at-08.34.18-1.jpeg 1600w\" sizes=\"auto, (max-width: 1024px) 100vw, 1024px\" \/><\/figure>\n\n\n\n<p>Por fim, o parlamentar fez quest\u00e3o de mencionar a for\u00e7a e influ\u00eancia de sua esposa \u00e0 frente de pautas em defesa das mulheres, da sa\u00fade, das crian\u00e7as. \u201cVirg\u00ednia \u00e9 uma mulher de garra, determinada e humana. Com ela, Porto Nacional ter\u00e1 uma assist\u00eancia social digna e que far\u00e1 hist\u00f3ria\u201d, ressaltou.<\/p>\n\n\n\n<p>Assessoria de Imprensa \u2013 Deputado Federal Antonio Andrade<\/p>\n","protected":false},"excerpt":{"rendered":"<p>O deputado federal e candidato a prefeito de Porto Nacional, destacou o protagonismo feminino em sua gest\u00e3o, caso seja eleito Toinho Andrade garantiu que dar\u00e1 prioridade e a devida aten\u00e7\u00e3o \u00e0s pautas femininas em sua gest\u00e3o. A afirma\u00e7\u00e3o foi feita na noite desta segunda-feira, 30, em encontro com centenas de mulheres portuenses, denominado \u201cEncontro de &hellip;<\/p>\n","protected":false},"author":5,"featured_media":8682,"comment_status":"open","ping_status":"open","sticky":false,"template":"","format":"standard","meta":{"footnotes":""},"categories":[1],"tags":[],"class_list":["post-8679","post","type-post","status-publish","format-standard","has-post-thumbnail","","category-sem-categoria"],"_links":{"self":[{"href":"https:\/\/focotocantinense.com.br\/index.php?rest_route=\/wp\/v2\/posts\/8679","targetHints":{"allow":["GET"]}}],"collection":[{"href":"https:\/\/focotocantinense.com.br\/index.php?rest_route=\/wp\/v2\/posts"}],"about":[{"href":"https:\/\/focotocantinense.com.br\/index.php?rest_route=\/wp\/v2\/types\/post"}],"author":[{"embeddable":true,"href":"https:\/\/focotocantinense.com.br\/index.php?rest_route=\/wp\/v2\/users\/5"}],"replies":[{"embeddable":true,"href":"https:\/\/focotocantinense.com.br\/index.php?rest_route=%2Fwp%2Fv2%2Fcomments&post=8679"}],"version-history":[{"count":1,"href":"https:\/\/focotocantinense.com.br\/index.php?rest_route=\/wp\/v2\/posts\/8679\/revisions"}],"predecessor-version":[{"id":8683,"href":"https:\/\/focotocantinense.com.br\/index.php?rest_route=\/wp\/v2\/posts\/8679\/revisions\/8683"}],"wp:featuredmedia":[{"embeddable":true,"href":"https:\/\/focotocantinense.com.br\/index.php?rest_route=\/wp\/v2\/media\/8682"}],"wp:attachment":[{"href":"https:\/\/focotocantinense.com.br\/index.php?rest_route=%2Fwp%2Fv2%2Fmedia&parent=8679"}],"wp:term":[{"taxonomy":"category","embeddable":true,"href":"https:\/\/focotocantinense.com.br\/index.php?rest_route=%2Fwp%2Fv2%2Fcategories&post=8679"},{"taxonomy":"post_tag","embeddable":true,"href":"https:\/\/focotocantinense.com.br\/index.php?rest_route=%2Fwp%2Fv2%2Ftags&post=8679"}],"curies":[{"name":"wp","href":"https:\/\/api.w.org\/{rel}","templated":true}]}}