{"id":8674,"date":"2024-09-28T17:24:13","date_gmt":"2024-09-28T20:24:13","guid":{"rendered":"https:\/\/focotocantinense.com.br\/?p=8674"},"modified":"2024-09-28T17:24:30","modified_gmt":"2024-09-28T20:24:30","slug":"eleicoes-em-porto-nacional-toinho-andrade-lidera-pesquisas-de-intencao-de-votos","status":"publish","type":"post","link":"https:\/\/focotocantinense.com.br\/?p=8674","title":{"rendered":"Elei\u00e7\u00f5es em Porto Nacional: Toinho Andrade lidera pesquisas de inten\u00e7\u00e3o de votos"},"content":{"rendered":"\n<p>Com um tima\u00e7o em seu palanque, incluindo o governador, deputados federais, estaduais, senadores e ex-prefeitos, o candidato mostra porque \u00e9 o favorito na corrida eleitoral da cidade<\/p>\n\n\n\n<figure class=\"wp-block-image size-large is-resized\"><img loading=\"lazy\" decoding=\"async\" width=\"1024\" height=\"684\" src=\"https:\/\/focotocantinense.com.br\/wp-content\/uploads\/2024\/09\/WhatsApp-Image-2024-09-28-at-16.35.00-1-1024x684.jpeg\" alt=\"\" class=\"wp-image-8675\" style=\"width:370px;height:auto\" srcset=\"https:\/\/focotocantinense.com.br\/wp-content\/uploads\/2024\/09\/WhatsApp-Image-2024-09-28-at-16.35.00-1-1024x684.jpeg 1024w, https:\/\/focotocantinense.com.br\/wp-content\/uploads\/2024\/09\/WhatsApp-Image-2024-09-28-at-16.35.00-1-300x200.jpeg 300w, https:\/\/focotocantinense.com.br\/wp-content\/uploads\/2024\/09\/WhatsApp-Image-2024-09-28-at-16.35.00-1-768x513.jpeg 768w, https:\/\/focotocantinense.com.br\/wp-content\/uploads\/2024\/09\/WhatsApp-Image-2024-09-28-at-16.35.00-1.jpeg 1080w\" sizes=\"auto, (max-width: 1024px) 100vw, 1024px\" \/><\/figure>\n\n\n\n<p>A corrida eleitoral de Porto Nacional est\u00e1 dando o que falar a oito dias das elei\u00e7\u00f5es. E para aflorar os \u00e2nimos do eleitor portuense, a disputa segue em torno de dois nomes, Toinho Andrade e Ronivon Maciel.<\/p>\n\n\n\n<p>Toinho Andrade tem levado a prefer\u00eancia dos portuenses. Nas \u00faltimas semanas, o deputado federal do partido Republicanos, viu sua campanha ter uma ascens\u00e3o, culminando com ele aparecendo \u00e0 frente do prefeito Ronivon Maciel em diversas pesquisas eleitorais.<\/p>\n\n\n\n<p>Como pontos a favor de Andrade est\u00e3o, com\u00edcios com a presen\u00e7a de pol\u00edticos de peso o apoiando, propostas s\u00f3lidas, caminhadas e reuni\u00f5es propositivas com a popula\u00e7\u00e3o, aproxima\u00e7\u00e3o com o p\u00fablico por meio das redes sociais, e ainda, o impacto dos conte\u00fados disseminados no hor\u00e1rio eleitoral, s\u00e3o algumas das explica\u00e7\u00f5es para o crescimento do candidato.<\/p>\n\n\n\n<figure class=\"wp-block-image size-large\"><img loading=\"lazy\" decoding=\"async\" width=\"1024\" height=\"682\" src=\"https:\/\/focotocantinense.com.br\/wp-content\/uploads\/2024\/09\/WhatsApp-Image-2024-09-28-at-16.35.00-1024x682.jpeg\" alt=\"\" class=\"wp-image-8676\" srcset=\"https:\/\/focotocantinense.com.br\/wp-content\/uploads\/2024\/09\/WhatsApp-Image-2024-09-28-at-16.35.00-1024x682.jpeg 1024w, https:\/\/focotocantinense.com.br\/wp-content\/uploads\/2024\/09\/WhatsApp-Image-2024-09-28-at-16.35.00-300x200.jpeg 300w, https:\/\/focotocantinense.com.br\/wp-content\/uploads\/2024\/09\/WhatsApp-Image-2024-09-28-at-16.35.00-768x512.jpeg 768w, https:\/\/focotocantinense.com.br\/wp-content\/uploads\/2024\/09\/WhatsApp-Image-2024-09-28-at-16.35.00-1536x1023.jpeg 1536w, https:\/\/focotocantinense.com.br\/wp-content\/uploads\/2024\/09\/WhatsApp-Image-2024-09-28-at-16.35.00-310x205.jpeg 310w, https:\/\/focotocantinense.com.br\/wp-content\/uploads\/2024\/09\/WhatsApp-Image-2024-09-28-at-16.35.00.jpeg 1600w\" sizes=\"auto, (max-width: 1024px) 100vw, 1024px\" \/><\/figure>\n\n\n\n<p>Antevendo o clima de reta final da campanha, uma coisa \u00e9 certa, Porto ter\u00e1 uma das elei\u00e7\u00f5es mais emocionantes dos \u00faltimos anos.<\/p>\n\n\n\n<p>Assessoria de Imprensa \u2013 Deputado Federal Antonio Andrade<\/p>\n","protected":false},"excerpt":{"rendered":"<p>Com um tima\u00e7o em seu palanque, incluindo o governador, deputados federais, estaduais, senadores e ex-prefeitos, o candidato mostra porque \u00e9 o favorito na corrida eleitoral da cidade A corrida eleitoral de Porto Nacional est\u00e1 dando o que falar a oito dias das elei\u00e7\u00f5es. E para aflorar os \u00e2nimos do eleitor portuense, a disputa segue em &hellip;<\/p>\n","protected":false},"author":5,"featured_media":8676,"comment_status":"open","ping_status":"open","sticky":false,"template":"","format":"standard","meta":{"footnotes":""},"categories":[1],"tags":[],"class_list":["post-8674","post","type-post","status-publish","format-standard","has-post-thumbnail","","category-sem-categoria"],"_links":{"self":[{"href":"https:\/\/focotocantinense.com.br\/index.php?rest_route=\/wp\/v2\/posts\/8674","targetHints":{"allow":["GET"]}}],"collection":[{"href":"https:\/\/focotocantinense.com.br\/index.php?rest_route=\/wp\/v2\/posts"}],"about":[{"href":"https:\/\/focotocantinense.com.br\/index.php?rest_route=\/wp\/v2\/types\/post"}],"author":[{"embeddable":true,"href":"https:\/\/focotocantinense.com.br\/index.php?rest_route=\/wp\/v2\/users\/5"}],"replies":[{"embeddable":true,"href":"https:\/\/focotocantinense.com.br\/index.php?rest_route=%2Fwp%2Fv2%2Fcomments&post=8674"}],"version-history":[{"count":2,"href":"https:\/\/focotocantinense.com.br\/index.php?rest_route=\/wp\/v2\/posts\/8674\/revisions"}],"predecessor-version":[{"id":8678,"href":"https:\/\/focotocantinense.com.br\/index.php?rest_route=\/wp\/v2\/posts\/8674\/revisions\/8678"}],"wp:featuredmedia":[{"embeddable":true,"href":"https:\/\/focotocantinense.com.br\/index.php?rest_route=\/wp\/v2\/media\/8676"}],"wp:attachment":[{"href":"https:\/\/focotocantinense.com.br\/index.php?rest_route=%2Fwp%2Fv2%2Fmedia&parent=8674"}],"wp:term":[{"taxonomy":"category","embeddable":true,"href":"https:\/\/focotocantinense.com.br\/index.php?rest_route=%2Fwp%2Fv2%2Fcategories&post=8674"},{"taxonomy":"post_tag","embeddable":true,"href":"https:\/\/focotocantinense.com.br\/index.php?rest_route=%2Fwp%2Fv2%2Ftags&post=8674"}],"curies":[{"name":"wp","href":"https:\/\/api.w.org\/{rel}","templated":true}]}}