{"id":8659,"date":"2024-09-27T16:28:39","date_gmt":"2024-09-27T19:28:39","guid":{"rendered":"https:\/\/focotocantinense.com.br\/?p=8659"},"modified":"2024-09-27T17:02:16","modified_gmt":"2024-09-27T20:02:16","slug":"seminario-estimula-o-fomento-cultural-para-dianopolis-e-regiao-sudeste-o-estado-2","status":"publish","type":"post","link":"https:\/\/focotocantinense.com.br\/?p=8659","title":{"rendered":"Semin\u00e1rio estimula o fomento cultural para Dian\u00f3polis e regi\u00e3o sudeste o estado"},"content":{"rendered":"\n<p>A cidade de Dian\u00f3polis, na regi\u00e3o sudeste do Estado,&nbsp; foi a localidade escolhida para sediar a realiza\u00e7\u00e3o do&nbsp; 2\u00ba Semin\u00e1rio de Pol\u00edticas Culturais do Comit\u00ea de Cultura no Tocantins, que&nbsp; teve sua abertura oficial na noite de ontem (25), no plen\u00e1rio da C\u00e2mara de Vereadores da cidade.&nbsp;&nbsp;<\/p>\n\n\n\n<p>A programa\u00e7\u00e3o prossegue nesta quinta-feira, 26, com uma roda de conversa&nbsp; com&nbsp; a coordenadora metodol\u00f3gica do Comit\u00ea de Cultura, Luara Aquino,&nbsp; &nbsp; no Campus da Unitins,&nbsp; bem como, com explica\u00e7\u00f5es complementares&nbsp; com o coordenador&nbsp; do Escrit\u00f3rio&nbsp; do&nbsp; Minist\u00e9rio&nbsp; da Cultura no Tocantins, C\u00edcero Bel\u00e9m e o coordenador geral do Comit\u00ea de Cultura, Kak\u00e1 Nogueira.&nbsp; &nbsp;<\/p>\n\n\n\n<p>O evento \u00e9 uma&nbsp; realiza\u00e7\u00e3o&nbsp; do Comit\u00ea de Cultura no Tocantins, sob a coordena\u00e7\u00e3o da Associa\u00e7\u00e3o Gurupiense de Artes\u00e3os (AGA). A coordenadora regional do Comit\u00ea de Cultura para as regi\u00f5es sul e sudeste no Tocantins, Maria do Socorro de Sousa, explicou que&nbsp; esse semin\u00e1rio atingiu plenamente o seu objetivo que foi o de&nbsp; levar&nbsp; &nbsp;informa\u00e7\u00f5es sobre&nbsp; as metas pactuadas entre a Fetac &#8211; Federa\u00e7\u00e3o Tocantinense de Artes C\u00eanicas e Minist\u00e9rio da Cultura, especialmente, aquelas relacionadas \u00e0&nbsp; democratiza\u00e7\u00e3o do acesso \u00e0s pol\u00edticas p\u00fablicas de cultura no \u00e2mbito nacional,&nbsp; e a import\u00e2ncia do Sistema Nacional de Cultura (SNC) como agregador de rela\u00e7\u00f5es com os estados em munic\u00edpios, tendo foco no desenvolvimento da cultura em todo territ\u00f3rio nacional.<\/p>\n\n\n\n<figure class=\"wp-block-image is-resized\"><a href=\"https:\/\/blogger.googleusercontent.com\/img\/b\/R29vZ2xl\/AVvXsEhOi1c36tua0mTMqa5D-FM77SKOjpHUkX4RKwvEtGBZ-ZyGY-Uag-riRInqMyf1ESAyCLCPzsUpOH0qbFymRSrJnoE7P4BXE8pbPg-Q01bTCqrEIbuY3u0UlP5xiz5FoXEk-J4blvTiMplh2jen2M3uSkgw7w_NExBkSNL6tpmIPLNsZDIHgwqgxVOVSO7P\/s1600\/2%20Semin%C3%A1rio%20estimula%20o%20fomento%20cultural%20para%20Dian%C3%B3polis%20e%20regi%C3%A3o%20sudeste%20o%20estado%20%20Foto%20Cl%C3%A1udia%20Roberta.jpeg\"><img decoding=\"async\" src=\"https:\/\/blogger.googleusercontent.com\/img\/b\/R29vZ2xl\/AVvXsEhOi1c36tua0mTMqa5D-FM77SKOjpHUkX4RKwvEtGBZ-ZyGY-Uag-riRInqMyf1ESAyCLCPzsUpOH0qbFymRSrJnoE7P4BXE8pbPg-Q01bTCqrEIbuY3u0UlP5xiz5FoXEk-J4blvTiMplh2jen2M3uSkgw7w_NExBkSNL6tpmIPLNsZDIHgwqgxVOVSO7P\/w510-h287\/2%20Semin%C3%A1rio%20estimula%20o%20fomento%20cultural%20para%20Dian%C3%B3polis%20e%20regi%C3%A3o%20sudeste%20o%20estado%20%20Foto%20Cl%C3%A1udia%20Roberta.jpeg\" alt=\"\" style=\"width:840px;height:auto\"\/><\/a><\/figure>\n\n\n\n<p><strong><em>&nbsp;O coordenador do escrit\u00f3rio do Minist\u00e9rio da Cultura no Tocantins, C\u00edcero Bel\u00e9m, que falou sobre o &#8220;Sistema Nacional de Cultura no contexto do marco regulat\u00f3rio\u201d&nbsp;<\/em><\/strong><\/p>\n\n\n\n<figure class=\"wp-block-image is-resized\"><img decoding=\"async\" src=\"https:\/\/blogger.googleusercontent.com\/img\/b\/R29vZ2xl\/AVvXsEjsqgCjtwvpdY5L20H-ytC-s6-KoM6WJU1s0B0k-AJtNybimvGDekAwsp3gfSSag4yBeSGd8vgNF7tAEaxfq8HF2dhyyue4o6bdOye_RpTOUBlUrbIHOm_ghSVx5d7OYr3DP_S1E2RQTI9q7lPGtXc7YE0HNseUW-2yEp_UoQhGuCfdscOTnEQx0nI_NJdP\/w428-h365\/O%20coordenador%20do%20Comit%C3%AA,%20Kak%C3%A1%20Nogueira,%20a%20professora%20%20Roberta%20Tavaes%20e%20a%20presidente%20da%20AGA,%20Maria%20do%20Socorro.jpeg\" alt=\"\" style=\"width:840px;height:auto\"\/><\/figure>\n\n\n\n<p><strong><em>O Coordenador geral do Comit\u00ea de Cultura, Kak\u00e1 Nogueira, a professora&nbsp; Roberta Tavares e a coordenadora do Comit\u00ea para as regi\u00f5es sul e sudeste, Maria do Socorro<\/em><\/strong><\/p>\n\n\n\n<p><strong>Diretrizes culturais&nbsp;<\/strong><\/p>\n\n\n\n<p>A&nbsp; abertura oficial do semin\u00e1rio contou com&nbsp; palestra ministrada pelo coordenador do escrit\u00f3rio do Minist\u00e9rio da Cultura no Tocantins, C\u00edcero Bel\u00e9m, que falou sobre o &#8220;Sistema Nacional de Cultura no contexto do marco regulat\u00f3rio\u201d e o coordenador do Comit\u00ea de Cultura no Tocantins, Kak\u00e1 Nogueira, fez a&nbsp; apresenta\u00e7\u00e3o do Programa Nacional dos Comit\u00eas de Cultura e o papel do Comit\u00ea de Cultura no Tocantins.<\/p>\n\n\n\n<figure class=\"wp-block-image is-resized\"><img decoding=\"async\" src=\"https:\/\/blogger.googleusercontent.com\/img\/b\/R29vZ2xl\/AVvXsEjY8VtXbusVQ65lFvrnl2uL2lNmAnJkHq-YYhXGwU4UNfdKMZi6lkHrdmGUpcCsg0d9sdU2yDlQHS5dEj93q-OX-ofke87N4qJqdR3zRqBUe9tc3ZWwru169YIRHyICRTsVg7ObWDENz70CeMFfNhpnR955ODmEnO5N3FqqFHj5yoCe3559Jx3FYp9nG0q8\/w462-h260\/A%20decora%C3%A7%C3%A3o%20do%20ambiente%20revelou%20o%20capricho%20e%20a%20criatividade%20da%20%20artes%C3%A3o%20Maria%20do%20Socorro%20%20%20foto%20Claudia%20Roberta.jpeg\" alt=\"\" style=\"width:840px;height:auto\"\/><\/figure>\n\n\n\n<p><strong><em>A bela decora\u00e7\u00e3o do ambiente revelou o capricho e a criatividade da&nbsp; artes\u00e3 Maria do Socorro, coordenadora regional do Comit\u00ea de Cultura para as regi\u00f5es sul e sudeste.<\/em><\/strong><\/p>\n\n\n\n<p><strong>&nbsp;Apresenta\u00e7\u00e3o art\u00edstica<\/strong><\/p>\n\n\n\n<p>&nbsp;Foi exibido o curta-metragem \u201c<strong><em>A&nbsp; f\u00f3rmula<\/em><\/strong>\u201d de Cl\u00e1udia Roberta,&nbsp; &nbsp; &nbsp;e o&nbsp; p\u00fablico presente na abertura do evento tamb\u00e9m foi agraciado com uma bela apresenta\u00e7\u00e3o do Grupo Cultural Su\u00e7a das Dianas, coordenado pela professora Roberta Tavares. Com versos curtos, extra\u00eddos da vida real, e ao som da batucada, \u00e9 assim&nbsp; que se manifesta uma das mais antigas riquezas culturais do Tocantins \u2013 a&nbsp; Su\u00e7a. Uma heran\u00e7a d\u00ea descendentes africanos que vieram trabalhar como escravos, na atividade mineradora do ouro, na atual regi\u00e3o sudeste do estado, ainda no s\u00e9culo XVIII. O gingado africano integra dan\u00e7a, cantos, sons de viola, caixa, tambor pandeiros. E marcam os festejos religiosos do catolicismo popular e folias tocantinenses.<\/p>\n\n\n\n<figure class=\"wp-block-image is-resized\"><img decoding=\"async\" src=\"https:\/\/blogger.googleusercontent.com\/img\/b\/R29vZ2xl\/AVvXsEg2vz3iFbpDe5HIZEo2TUbw8DYplM3fJkKONkQgMQaFT4EMqX9MqpX_jAjZyhmR9mRFvzwGJLSmHU44cOVr3iqJNYtgegPhvI968ZjQniBHNlBHAD6qufppSMMLPUkVt6nPU5Vbpu7pnQVeJU793y4Z4Ax5Mn9zRosOzBkfR5CyHnnEUfdsBhaC2by0AN_Y\/w468-h263\/A%20comitiva%20da%20Culura%20sendo%20repecionada%20pelos%20representantes%20da%20Unitins%20em%20Dian%C3%B3polis.jpeg\" alt=\"\" style=\"width:840px;height:auto\"\/><\/figure>\n\n\n\n<p><strong><em>A comitiva da Cultura sendo recepcionada pelos representantes da Unitins em Dian\u00f3polis<\/em><\/strong><\/p>\n\n\n\n<figure class=\"wp-block-image size-full\"><img loading=\"lazy\" decoding=\"async\" width=\"843\" height=\"251\" src=\"https:\/\/focotocantinense.com.br\/wp-content\/uploads\/2024\/09\/VINI_181_282-1-8.jpg\" alt=\"\" class=\"wp-image-8660\" srcset=\"https:\/\/focotocantinense.com.br\/wp-content\/uploads\/2024\/09\/VINI_181_282-1-8.jpg 843w, https:\/\/focotocantinense.com.br\/wp-content\/uploads\/2024\/09\/VINI_181_282-1-8-300x89.jpg 300w, https:\/\/focotocantinense.com.br\/wp-content\/uploads\/2024\/09\/VINI_181_282-1-8-768x229.jpg 768w\" sizes=\"auto, (max-width: 843px) 100vw, 843px\" \/><\/figure>\n","protected":false},"excerpt":{"rendered":"<p>A cidade de Dian\u00f3polis, na regi\u00e3o sudeste do Estado,&nbsp; foi a localidade escolhida para sediar a realiza\u00e7\u00e3o do&nbsp; 2\u00ba Semin\u00e1rio de Pol\u00edticas Culturais do Comit\u00ea de Cultura no Tocantins, que&nbsp; teve sua abertura oficial na noite de ontem (25), no plen\u00e1rio da C\u00e2mara de Vereadores da cidade.&nbsp;&nbsp; A programa\u00e7\u00e3o prossegue nesta quinta-feira, 26, com uma &hellip;<\/p>\n","protected":false},"author":5,"featured_media":8655,"comment_status":"open","ping_status":"open","sticky":false,"template":"","format":"standard","meta":{"footnotes":""},"categories":[54,1],"tags":[],"class_list":["post-8659","post","type-post","status-publish","format-standard","has-post-thumbnail","","category-dianopolis","category-sem-categoria"],"_links":{"self":[{"href":"https:\/\/focotocantinense.com.br\/index.php?rest_route=\/wp\/v2\/posts\/8659","targetHints":{"allow":["GET"]}}],"collection":[{"href":"https:\/\/focotocantinense.com.br\/index.php?rest_route=\/wp\/v2\/posts"}],"about":[{"href":"https:\/\/focotocantinense.com.br\/index.php?rest_route=\/wp\/v2\/types\/post"}],"author":[{"embeddable":true,"href":"https:\/\/focotocantinense.com.br\/index.php?rest_route=\/wp\/v2\/users\/5"}],"replies":[{"embeddable":true,"href":"https:\/\/focotocantinense.com.br\/index.php?rest_route=%2Fwp%2Fv2%2Fcomments&post=8659"}],"version-history":[{"count":6,"href":"https:\/\/focotocantinense.com.br\/index.php?rest_route=\/wp\/v2\/posts\/8659\/revisions"}],"predecessor-version":[{"id":8672,"href":"https:\/\/focotocantinense.com.br\/index.php?rest_route=\/wp\/v2\/posts\/8659\/revisions\/8672"}],"wp:featuredmedia":[{"embeddable":true,"href":"https:\/\/focotocantinense.com.br\/index.php?rest_route=\/wp\/v2\/media\/8655"}],"wp:attachment":[{"href":"https:\/\/focotocantinense.com.br\/index.php?rest_route=%2Fwp%2Fv2%2Fmedia&parent=8659"}],"wp:term":[{"taxonomy":"category","embeddable":true,"href":"https:\/\/focotocantinense.com.br\/index.php?rest_route=%2Fwp%2Fv2%2Fcategories&post=8659"},{"taxonomy":"post_tag","embeddable":true,"href":"https:\/\/focotocantinense.com.br\/index.php?rest_route=%2Fwp%2Fv2%2Ftags&post=8659"}],"curies":[{"name":"wp","href":"https:\/\/api.w.org\/{rel}","templated":true}]}}